{"id":244341,"date":"2023-07-04T13:37:50","date_gmt":"2023-07-04T17:37:50","guid":{"rendered":"https:\/\/www.ocorreionews.com.br\/acervo-correio\/?p=244341"},"modified":"2023-07-04T16:50:30","modified_gmt":"2023-07-04T20:50:30","slug":"higor-moises-de-pouso-alto-e-vice-campeao-do-rodeio-da-expopar-2023-de-paranaiba","status":"publish","type":"post","link":"https:\/\/www.ocorreionews.com.br\/acervo-correio\/?p=244341","title":{"rendered":"Com 17 anos Higor Mois\u00e9s de Pouso Alto \u00e9 vice-campe\u00e3o do rodeio da Expopar 2023 de Parana\u00edba"},"content":{"rendered":"<p>Do distrito de Pouso Alto que fica em Para\u00edso das \u00c1gua, o adolescente de 17 anos, Higor Mois\u00e9s Mar\u00e7al Pereira, foi o vice-campe\u00e3o de montaria em touros do rodeio da Expopar 2023 na cidade de Parana\u00edba (MS).<\/p>\n<p>O competidor alcan\u00e7ou a pontua\u00e7\u00e3o 347,5 e sagrou-se vice-campe\u00e3o, faturando o pr\u00eamio de R$ 7 mil, ele ficou apenas 1,75 pontos do campe\u00e3o.<\/p>\n<ul>\n<li dir=\"auto\">1\u00b0 Rafael Trindade da Silva de Bataypor\u00e3 &#8211; MS<\/li>\n<li dir=\"auto\">2\u00b0\/3\u2070 Cla\u00fadio Eduardo da C Gomes de Presidente Epit\u00e1cio &#8211; SP<\/li>\n<li dir=\"auto\">2\u2070\/3\u00b0 Higor Mois\u00e9s Mar\u00e7al Pereira de Pouso Alto &#8211; MS<\/li>\n<li dir=\"auto\">4\u00b0 Jean Mendes da Fonseca de Camapu\u00e3 &#8211; SP<\/li>\n<li dir=\"auto\">5\u00b0 Tales Silva Xavier de Feij\u00f3 &#8211; AC<\/li>\n<\/ul>\n<p>A 59\u00aa Expopar Exposi\u00e7\u00e3o Agropecu\u00e1ria de Parana\u00edba (MS) aconteceu de 22 de junho a 04 de julho.<\/p>\n<p><img decoding=\"async\" src=\"https:\/\/scontent-gru1-2.xx.fbcdn.net\/v\/t39.30808-6\/357390982_267963395882498_3870617676795879744_n.jpg?_nc_cat=103&amp;cb=99be929b-59f725be&amp;ccb=1-7&amp;_nc_sid=730e14&amp;_nc_eui2=AeFZf3vKoLOcNS4ukAGXK4-06Ajl3E0yvDvoCOXcTTK8O1eupteEZ-hnIdvEoTLFPc8vSWZaqZQsfBa1dPjrSp2y&amp;_nc_ohc=auUh-UH1Ym8AX9UKre4&amp;_nc_ht=scontent-gru1-2.xx&amp;oh=00_AfDHkSSUXBdZ60sb1WBif4RAYAgvsOkFxzReQjhUNFElrg&amp;oe=64AA066F\" alt=\"Pode ser uma imagem de 5 pessoas e texto\" \/><\/p>\n<p>*Foto: Ekip Rozeta<\/p>\n<p>&nbsp;<\/p>\n","protected":false},"excerpt":{"rendered":"<p>Do distrito de Pouso Alto que fica em Para\u00edso das \u00c1gua, o adolescente de 17 anos, Higor Mois\u00e9s Mar\u00e7al Pereira, foi o vice-campe\u00e3o de montaria em touros do rodeio da Expopar 2023 na cidade de Parana\u00edba (MS). O competidor alcan\u00e7ou a pontua\u00e7\u00e3o 347,5 e sagrou-se vice-campe\u00e3o, faturando o pr\u00eamio de R$ 7 mil, ele ficou [&hellip;]<\/p>\n","protected":false},"author":4,"featured_media":244381,"comment_status":"closed","ping_status":"closed","sticky":false,"template":"","format":"standard","meta":{"footnotes":""},"categories":[36],"tags":[],"class_list":["post-244341","post","type-post","status-publish","format-standard","has-post-thumbnail","hentry","category-paraiso-das-aguas"],"_links":{"self":[{"href":"https:\/\/www.ocorreionews.com.br\/acervo-correio\/index.php?rest_route=\/wp\/v2\/posts\/244341","targetHints":{"allow":["GET"]}}],"collection":[{"href":"https:\/\/www.ocorreionews.com.br\/acervo-correio\/index.php?rest_route=\/wp\/v2\/posts"}],"about":[{"href":"https:\/\/www.ocorreionews.com.br\/acervo-correio\/index.php?rest_route=\/wp\/v2\/types\/post"}],"author":[{"embeddable":true,"href":"https:\/\/www.ocorreionews.com.br\/acervo-correio\/index.php?rest_route=\/wp\/v2\/users\/4"}],"replies":[{"embeddable":true,"href":"https:\/\/www.ocorreionews.com.br\/acervo-correio\/index.php?rest_route=%2Fwp%2Fv2%2Fcomments&post=244341"}],"version-history":[{"count":5,"href":"https:\/\/www.ocorreionews.com.br\/acervo-correio\/index.php?rest_route=\/wp\/v2\/posts\/244341\/revisions"}],"predecessor-version":[{"id":244385,"href":"https:\/\/www.ocorreionews.com.br\/acervo-correio\/index.php?rest_route=\/wp\/v2\/posts\/244341\/revisions\/244385"}],"wp:featuredmedia":[{"embeddable":true,"href":"https:\/\/www.ocorreionews.com.br\/acervo-correio\/index.php?rest_route=\/wp\/v2\/media\/244381"}],"wp:attachment":[{"href":"https:\/\/www.ocorreionews.com.br\/acervo-correio\/index.php?rest_route=%2Fwp%2Fv2%2Fmedia&parent=244341"}],"wp:term":[{"taxonomy":"category","embeddable":true,"href":"https:\/\/www.ocorreionews.com.br\/acervo-correio\/index.php?rest_route=%2Fwp%2Fv2%2Fcategories&post=244341"},{"taxonomy":"post_tag","embeddable":true,"href":"https:\/\/www.ocorreionews.com.br\/acervo-correio\/index.php?rest_route=%2Fwp%2Fv2%2Ftags&post=244341"}],"curies":[{"name":"wp","href":"https:\/\/api.w.org\/{rel}","templated":true}]}}