{"id":244357,"date":"2023-07-04T14:24:18","date_gmt":"2023-07-04T18:24:18","guid":{"rendered":"https:\/\/www.ocorreionews.com.br\/acervo-correio\/?p=244357"},"modified":"2023-07-04T14:24:52","modified_gmt":"2023-07-04T18:24:52","slug":"motorista-perder-controle-e-colide-em-tres-carros-estacionados-no-centro-de-costa-rica","status":"publish","type":"post","link":"https:\/\/www.ocorreionews.com.br\/acervo-correio\/?p=244357","title":{"rendered":"Motorista perder controle e colide em tr\u00eas carros estacionados no Centro de Costa Rica"},"content":{"rendered":"<p>Na tarde desta segunda-feira (03), um motorista de Fiat Strada perdeu o controle da dire\u00e7\u00e3o e acabou fazendo um verdadeiro \u201cStrike\u201d em ve\u00edculos que estavam estacionados em avenida no Centro de Costa Rica.<\/p>\n<p>Segundo informa\u00e7\u00f5es repassadas pela assessoria de Pol\u00edcia Militar, um motorista que n\u00e3o de a identidade revelada, estava saindo com um Fiat Strada de uma garagem de um estabelecimento comercial, e por motivos que ainda ser\u00e3o investigados, perdou o controle da dire\u00e7\u00e3o vindo colidir primeiramente com a lateral direita de em um VW\/GOL e posteriormente colidiu na traseira de um Honda\/Civic, e por fim com a colis\u00e3o do FIAT\/Strada ocasionou que o Honda\/Civic colidisse na traseira de um Honda\/HR-V.<\/p>\n<p>As colis\u00f5es resultaram em danos nos ve\u00edculos que estavam estacionados. Em um v\u00eddeo que circula nas redes sociais, o Fiat Strada tamb\u00e9m colidiu em equipamentos que estava na cal\u00e7ada de uma loja de constru\u00e7\u00e3o pr\u00f3xima ao local.<\/p>\n<p>Como n\u00e3o haviam irregularidades nos ve\u00edculos e nem ferimentos nos envolvidos no acidente, foi registrado o boletim de tr\u00e2nsito online.<\/p>\n<p>O respons\u00e1vel pelo acidente, propriet\u00e1rio do FIAT\/STRADA assumiu seu erro e ir\u00e1 ressarcir os propriet\u00e1rios dos demais ve\u00edculos dos danos causados neste sinistro.<\/p>\n<p><img loading=\"lazy\" decoding=\"async\" class=\"alignnone size-full wp-image-244361\" src=\"https:\/\/www.ocorreionews.com.br\/acervo-correio\/wp-content\/uploads\/2023\/07\/colisoes02.jpg\" alt=\"\" width=\"675\" height=\"600\" srcset=\"https:\/\/www.ocorreionews.com.br\/acervo-correio\/wp-content\/uploads\/2023\/07\/colisoes02.jpg 675w, https:\/\/www.ocorreionews.com.br\/acervo-correio\/wp-content\/uploads\/2023\/07\/colisoes02-300x267.jpg 300w\" sizes=\"auto, (max-width: 675px) 100vw, 675px\" \/><\/p>\n<p><em>* O Correio News, com informa\u00e7\u00f5es e fotos da Assessoria de Comunica\u00e7\u00e3o da 4\u00aa Companhia Independente de Pol\u00edcia Militar<\/em><\/p>\n","protected":false},"excerpt":{"rendered":"<p>Na tarde desta segunda-feira (03), um motorista de Fiat Strada perdeu o controle da dire\u00e7\u00e3o e acabou fazendo um verdadeiro \u201cStrike\u201d em ve\u00edculos que estavam estacionados em avenida no Centro de Costa Rica. Segundo informa\u00e7\u00f5es repassadas pela assessoria de Pol\u00edcia Militar, um motorista que n\u00e3o de a identidade revelada, estava saindo com um Fiat Strada [&hellip;]<\/p>\n","protected":false},"author":5,"featured_media":244358,"comment_status":"closed","ping_status":"closed","sticky":false,"template":"","format":"standard","meta":{"footnotes":""},"categories":[25,38],"tags":[],"class_list":["post-244357","post","type-post","status-publish","format-standard","has-post-thumbnail","hentry","category-costa-rica","category-policia"],"_links":{"self":[{"href":"https:\/\/www.ocorreionews.com.br\/acervo-correio\/index.php?rest_route=\/wp\/v2\/posts\/244357","targetHints":{"allow":["GET"]}}],"collection":[{"href":"https:\/\/www.ocorreionews.com.br\/acervo-correio\/index.php?rest_route=\/wp\/v2\/posts"}],"about":[{"href":"https:\/\/www.ocorreionews.com.br\/acervo-correio\/index.php?rest_route=\/wp\/v2\/types\/post"}],"author":[{"embeddable":true,"href":"https:\/\/www.ocorreionews.com.br\/acervo-correio\/index.php?rest_route=\/wp\/v2\/users\/5"}],"replies":[{"embeddable":true,"href":"https:\/\/www.ocorreionews.com.br\/acervo-correio\/index.php?rest_route=%2Fwp%2Fv2%2Fcomments&post=244357"}],"version-history":[{"count":3,"href":"https:\/\/www.ocorreionews.com.br\/acervo-correio\/index.php?rest_route=\/wp\/v2\/posts\/244357\/revisions"}],"predecessor-version":[{"id":244363,"href":"https:\/\/www.ocorreionews.com.br\/acervo-correio\/index.php?rest_route=\/wp\/v2\/posts\/244357\/revisions\/244363"}],"wp:featuredmedia":[{"embeddable":true,"href":"https:\/\/www.ocorreionews.com.br\/acervo-correio\/index.php?rest_route=\/wp\/v2\/media\/244358"}],"wp:attachment":[{"href":"https:\/\/www.ocorreionews.com.br\/acervo-correio\/index.php?rest_route=%2Fwp%2Fv2%2Fmedia&parent=244357"}],"wp:term":[{"taxonomy":"category","embeddable":true,"href":"https:\/\/www.ocorreionews.com.br\/acervo-correio\/index.php?rest_route=%2Fwp%2Fv2%2Fcategories&post=244357"},{"taxonomy":"post_tag","embeddable":true,"href":"https:\/\/www.ocorreionews.com.br\/acervo-correio\/index.php?rest_route=%2Fwp%2Fv2%2Ftags&post=244357"}],"curies":[{"name":"wp","href":"https:\/\/api.w.org\/{rel}","templated":true}]}}