{"id":244409,"date":"2023-07-05T09:07:36","date_gmt":"2023-07-05T13:07:36","guid":{"rendered":"https:\/\/www.ocorreionews.com.br\/acervo-correio\/?p=244409"},"modified":"2023-07-05T09:07:36","modified_gmt":"2023-07-05T13:07:36","slug":"os-6-melhores-alimentos-para-o-cerebro-segundo-professora-de-harvard","status":"publish","type":"post","link":"https:\/\/www.ocorreionews.com.br\/acervo-correio\/?p=244409","title":{"rendered":"Os 6 melhores alimentos para o c\u00e9rebro, segundo professora de Harvard"},"content":{"rendered":"<div id=\"chunk-1a3ju\">\n<div class=\"mc-column content-text active-extra-styles \" data-block-type=\"unstyled\" data-block-weight=\"19\" data-block-id=\"3\">\n<p class=\"content-text__container \" data-track-category=\"Link no Texto\" data-track-links=\"\">H\u00e1 alimentos que podem melhorar o humor, agu\u00e7ar a mem\u00f3ria e ajudar o c\u00e9rebro a funcionar com mais efici\u00eancia.<\/p>\n<p data-track-category=\"Link no Texto\" data-track-links=\"\">\n<\/div>\n<\/div>\n<div class=\"wall protected-content\">\n<div id=\"chunk-e9epa\">\n<div class=\"mc-column content-text active-extra-styles \" data-block-type=\"unstyled\" data-block-weight=\"21\" data-block-id=\"4\">\n<p class=\"content-text__container \" data-track-category=\"Link no Texto\" data-track-links=\"\">\u00c9 o que argumenta Uma Naidoo, psiquiatra nutricional e professora da Escola de Medicina da Universidade de Harvard, nos Estados Unidos.<\/p>\n<p data-track-category=\"Link no Texto\" data-track-links=\"\">\n<\/div>\n<\/div>\n<div id=\"chunk-ef0cs\">\n<div class=\"mc-column content-text active-extra-styles \" data-block-type=\"unstyled\" data-block-weight=\"26\" data-block-id=\"5\">\n<p class=\"content-text__container \" data-track-category=\"Link no Texto\" data-track-links=\"\">A sa\u00fade mental e a alimenta\u00e7\u00e3o est\u00e3o ligadas da mesma forma que o c\u00e9rebro e o intestino, numa rela\u00e7\u00e3o que tem consequ\u00eancias importantes para o corpo.<\/p>\n<p data-track-category=\"Link no Texto\" data-track-links=\"\">\n<\/div>\n<\/div>\n<div id=\"chunk-dk3h8\">\n<div class=\"mc-column content-text active-extra-styles \" data-block-type=\"unstyled\" data-block-weight=\"41\" data-block-id=\"6\">\n<p class=\"content-text__container \" data-track-category=\"Link no Texto\" data-track-links=\"\">Ela explica que uma das bases biol\u00f3gicas para entender essa rela\u00e7\u00e3o tem a ver com o fato de que o c\u00e9rebro e o intestino se originam das mesmas c\u00e9lulas embrion\u00e1rias e permanecem conectados \u00e0 medida que o ser humano se desenvolve.<\/p>\n<\/div>\n<\/div>\n<div id=\"chunk-5c6dv\">\n<div class=\"content-ads content-ads--reveal\" data-block-type=\"ads\" data-block-id=\"7\">\n<div><\/div>\n<\/div>\n<\/div>\n<div id=\"chunk-e29r2\">\n<div class=\"mc-column content-text active-extra-styles \" data-block-type=\"unstyled\" data-block-weight=\"30\" data-block-id=\"8\">\n<p class=\"content-text__container \" data-track-category=\"Link no Texto\" data-track-links=\"\">Eles se comunicam em ambas as dire\u00e7\u00f5es, enviando mensagens qu\u00edmicas. Entre 90% e 95% da serotonina, neurotransmissor relacionado com a regula\u00e7\u00e3o do apetite e outras fun\u00e7\u00f5es, \u00e9 produzida no intestino.<\/p>\n<p data-track-category=\"Link no Texto\" data-track-links=\"\">\n<\/div>\n<\/div>\n<div id=\"chunk-1cvdt\">\n<div class=\"mc-column content-text active-extra-styles \" data-block-type=\"unstyled\" data-block-weight=\"32\" data-block-id=\"9\">\n<p class=\"content-text__container \" data-track-category=\"Link no Texto\" data-track-links=\"\">Se a alimenta\u00e7\u00e3o n\u00e3o for saud\u00e1vel, o intestino pode ficar inflamado e sofrer as consequ\u00eancias de uma alimenta\u00e7\u00e3o inadequada. Isso pode influenciar no desenvolvimento de ansiedade, desaten\u00e7\u00e3o e doen\u00e7as como a depress\u00e3o.<\/p>\n<p data-track-category=\"Link no Texto\" data-track-links=\"\">\n<\/div>\n<\/div>\n<div id=\"chunk-7go40\">\n<div class=\"mc-column content-text active-extra-styles \" data-block-type=\"unstyled\" data-block-weight=\"45\" data-block-id=\"10\">\n<p class=\"content-text__container \" data-track-category=\"Link no Texto\" data-track-links=\"\">Assim, quanto mais voc\u00ea cuida da sua alimenta\u00e7\u00e3o e do seu intestino, mais voc\u00ea cuida da sua sa\u00fade mental, j\u00e1 que \u201cexiste uma liga\u00e7\u00e3o direta entre a alimenta\u00e7\u00e3o e o humor\u201d, diz a especialista em entrevista \u00e0 BBC News Mundo (servi\u00e7o em espanhol da BBC).<\/p>\n<p data-track-category=\"Link no Texto\" data-track-links=\"\">\n<\/div>\n<\/div>\n<div id=\"chunk-dacae\">\n<div class=\"mc-column content-text active-extra-styles \" data-block-type=\"unstyled\" data-block-weight=\"25\" data-block-id=\"11\">\n<p class=\"content-text__container \" data-track-category=\"Link no Texto\" data-track-links=\"\">Naidoo, diretora de psiquiatria nutricional e de estilo de vida do Hospital Geral de Massachusetts, nos Estados Unidos, diz que sempre amou comida e culin\u00e1ria.<\/p>\n<p data-track-category=\"Link no Texto\" data-track-links=\"\">\n<\/div>\n<\/div>\n<div id=\"chunk-flvr3\">\n<div class=\"mc-column content-text active-extra-styles \" data-block-type=\"unstyled\" data-block-weight=\"20\" data-block-id=\"12\">\n<p class=\"content-text__container \" data-track-category=\"Link no Texto\" data-track-links=\"\">Vinda de uma fam\u00edlia de m\u00e9dicos, ela conta que sempre buscou uma abordagem cient\u00edfica para as coisas que achava atraentes.<\/p>\n<p data-track-category=\"Link no Texto\" data-track-links=\"\">\n<\/div>\n<\/div>\n<div id=\"chunk-cqr1g\">\n<div class=\"mc-column content-text active-extra-styles \" data-block-type=\"unstyled\" data-block-weight=\"33\" data-block-id=\"13\">\n<p class=\"content-text__container \" data-track-category=\"Link no Texto\" data-track-links=\"\">Quando estudou medicina, percebeu que n\u00e3o havia forma\u00e7\u00e3o suficiente em nutri\u00e7\u00e3o e, quando se especializou em psiquiatria, ficou claro que mais pesquisas eram necess\u00e1rias para estabelecer as conex\u00f5es entre alimenta\u00e7\u00e3o e sa\u00fade mental.<\/p>\n<\/div>\n<\/div>\n<div id=\"chunk-cliio\">\n<div class=\"mc-column content-text active-extra-styles \" data-block-type=\"unstyled\" data-block-weight=\"13\" data-block-id=\"14\">\n<p class=\"content-text__container \" data-track-category=\"Link no Texto\" data-track-links=\"\">\u201cEsse \u00e9 um campo emergente que est\u00e1 come\u00e7ando a se expandir\u201d, diz ela.<\/p>\n<p data-track-category=\"Link no Texto\" data-track-links=\"\">\n<\/div>\n<\/div>\n<div id=\"chunk-8j8r9\">\n<div class=\"mc-column content-text active-extra-styles \" data-block-type=\"unstyled\" data-block-weight=\"28\" data-block-id=\"15\">\n<p class=\"content-text__container \" data-track-category=\"Link no Texto\" data-track-links=\"\">Em outubro de 2022, a especialista conversou com a BBC sobre os benef\u00edcios da vitamina B para manter o c\u00e9rebro jovem e saud\u00e1vel, especialmente B-12, B-9 e B-1.<\/p>\n<\/div>\n<\/div>\n<div id=\"chunk-7ujb\">\n<div class=\"content-ads content-ads--reveal\" data-block-type=\"ads\" data-block-id=\"16\">\n<div><\/div>\n<\/div>\n<\/div>\n<div id=\"chunk-3jfih\">\n<div class=\"mc-column content-text active-extra-styles \" data-block-type=\"unstyled\" data-block-weight=\"21\" data-block-id=\"17\">\n<p class=\"content-text__container \" data-track-category=\"Link no Texto\" data-track-links=\"\">Agora, a psiquiatra fala sobre uma sele\u00e7\u00e3o de alimentos que considera ben\u00e9ficos para melhorar o humor e fortalecer o poder cerebral.<\/p>\n<p data-track-category=\"Link no Texto\" data-track-links=\"\">\n<\/div>\n<\/div>\n<div id=\"chunk-6ahg4\">\n<div class=\"mc-column content-text active-extra-styles\" data-block-type=\"raw\" data-block-weight=\"2\" data-block-id=\"18\">\n<p class=\"content-text__container\">\n<div class=\"content-intertitle\">\n<h2>1. Especiarias<\/h2>\n<\/div>\n<\/div>\n<p>&nbsp;<\/p>\n<\/div>\n<div id=\"chunk-f2n2j\">\n<div class=\"mc-column content-text active-extra-styles \" data-block-type=\"unstyled\" data-block-weight=\"19\" data-block-id=\"19\">\n<p class=\"content-text__container \" data-track-category=\"Link no Texto\" data-track-links=\"\">As especiarias s\u00e3o conhecidas por suas propriedades antioxidantes. Algumas, como a c\u00farcuma, t\u00eam efeitos ben\u00e9ficos na redu\u00e7\u00e3o da ansiedade.<\/p>\n<p data-track-category=\"Link no Texto\" data-track-links=\"\">\n<\/div>\n<\/div>\n<div id=\"chunk-3spkh\">\n<div class=\"mc-column content-text active-extra-styles \" data-block-type=\"unstyled\" data-block-weight=\"21\" data-block-id=\"20\">\n<p class=\"content-text__container \" data-track-category=\"Link no Texto\" data-track-links=\"\">A curcumina, o ingrediente ativo da c\u00farcuma, pode diminuir a ansiedade, alterando assim a qu\u00edmica do c\u00e9rebro e protegendo o hipocampo.<\/p>\n<p data-track-category=\"Link no Texto\" data-track-links=\"\">\n<\/div>\n<\/div>\n<div id=\"chunk-7tj1h\">\n<div class=\"row medium-uncollapsed content-media content-photo\" data-block-type=\"backstage-photo\" data-block-id=\"21\">\n<div class=\" mc-column  content-media__container\">\n<div class=\"content-media-container glb-skeleton-box\">\n<figure class=\"content-media-figure\">\n<p><figure style=\"width: 647px\" class=\"wp-caption aligncenter\"><img loading=\"lazy\" decoding=\"async\" class=\"i-amphtml-fill-content i-amphtml-replaced-content\" src=\"https:\/\/s2-g1.glbimg.com\/Hv6aVN9wvq44b2_AcDSWazdrTCA=\/0x0:724x407\/984x0\/smart\/filters:strip_icc()\/i.s3.glbimg.com\/v1\/AUTH_59edd422c0c84a879bd37670ae4f538a\/internal_photos\/bs\/2023\/e\/7\/ndz6FCQV6YRZUbQ7r5og\/image002-77-.jpg\" sizes=\"auto, (max-width: 1366px) 648px, 100vw\" srcset=\"https:\/\/s2-g1.glbimg.com\/x9xTXqdA7qEyYz8_k8KMc8QsKrs=\/0x0:724x407\/1000x0\/smart\/filters:strip_icc()\/i.s3.glbimg.com\/v1\/AUTH_59edd422c0c84a879bd37670ae4f538a\/internal_photos\/bs\/2023\/e\/7\/ndz6FCQV6YRZUbQ7r5og\/image002-77-.jpg 1000w, https:\/\/s2-g1.glbimg.com\/Hv6aVN9wvq44b2_AcDSWazdrTCA=\/0x0:724x407\/984x0\/smart\/filters:strip_icc()\/i.s3.glbimg.com\/v1\/AUTH_59edd422c0c84a879bd37670ae4f538a\/internal_photos\/bs\/2023\/e\/7\/ndz6FCQV6YRZUbQ7r5og\/image002-77-.jpg 984w, https:\/\/s2-g1.glbimg.com\/SqPL8M5F40C_cHw3REaPnS6GupA=\/0x0:724x407\/640x0\/smart\/filters:strip_icc()\/i.s3.glbimg.com\/v1\/AUTH_59edd422c0c84a879bd37670ae4f538a\/internal_photos\/bs\/2023\/e\/7\/ndz6FCQV6YRZUbQ7r5og\/image002-77-.jpg 640w, https:\/\/s2-g1.glbimg.com\/ZddnjgDCCLvgImQuc6_FzVxam6w=\/0x0:724x407\/600x0\/smart\/filters:strip_icc()\/i.s3.glbimg.com\/v1\/AUTH_59edd422c0c84a879bd37670ae4f538a\/internal_photos\/bs\/2023\/e\/7\/ndz6FCQV6YRZUbQ7r5og\/image002-77-.jpg 600w\" alt=\"No Brasil, a c\u00farcuma \u00e9 popularmente chamada de a\u00e7afr\u00e3o-da-terra \u2014 Foto: GETTY IMAGES via BBC\" width=\"647\" height=\"364\" \/><figcaption class=\"wp-caption-text\">No Brasil, a c\u00farcuma \u00e9 popularmente chamada de a\u00e7afr\u00e3o-da-terra \u2014 Foto: GETTY IMAGES via BBC<\/figcaption><\/figure><\/figure>\n<\/div>\n<p class=\"content-media__description  \">\n<p>&nbsp;<\/p>\n<\/div>\n<\/div>\n<\/div>\n<div id=\"chunk-99el1\">\n<div class=\"mc-column content-text active-extra-styles \" data-block-type=\"unstyled\" data-block-weight=\"25\" data-block-id=\"22\">\n<p class=\"content-text__container \" data-track-category=\"Link no Texto\" data-track-links=\"\">Outra especiaria que a psiquiatra gosta muito \u00e9 o a\u00e7afr\u00e3o. A pesquisa mostrou, explica Naidoo, que o a\u00e7afr\u00e3o tem efeitos sobre o transtorno depressivo grave.<\/p>\n<p data-track-category=\"Link no Texto\" data-track-links=\"\">\n<\/div>\n<\/div>\n<div id=\"chunk-79ijd\">\n<div class=\"mc-column content-text active-extra-styles \" data-block-type=\"unstyled\" data-block-weight=\"14\" data-block-id=\"23\">\n<p class=\"content-text__container \" data-track-category=\"Link no Texto\" data-track-links=\"\">Estudos demonstraram que consumir a\u00e7afr\u00e3o reduz significativamente os sintomas do paciente afetado pelo dist\u00farbio.<\/p>\n<\/div>\n<\/div>\n<div id=\"chunk-9h7vg\">\n<div class=\"content-ads content-ads--reveal\" data-block-type=\"ads\" data-block-id=\"24\">\n<div><\/div>\n<\/div>\n<\/div>\n<div id=\"chunk-6s649\">\n<div class=\"mc-column content-text active-extra-styles \" data-block-type=\"unstyled\" data-block-weight=\"26\" data-block-id=\"25\">\n<p class=\"content-text__container \" data-track-category=\"Link no Texto\" data-track-links=\"\">No Brasil, a c\u00farcuma \u00e9 popularmente chamada de a\u00e7afr\u00e3o-da-terra. O &#8220;verdadeiro&#8221; a\u00e7afr\u00e3o, tratado como iguaria, \u00e9 outro, extra\u00eddo do pistilo da flor da esp\u00e9cie Crocus sativus.<\/p>\n<p data-track-category=\"Link no Texto\" data-track-links=\"\">\n<\/div>\n<\/div>\n<div id=\"chunk-52ih9\">\n<div class=\"mc-column content-text active-extra-styles \" data-block-type=\"unstyled\" data-block-weight=\"14\" data-block-id=\"26\">\n<p class=\"content-text__container \" data-track-category=\"Link no Texto\" data-track-links=\"\">O a\u00e7afr\u00e3o \u00e9 um ingrediente internacionalmente reconhecido por ser caro e ter propriedades antioxidantes.<\/p>\n<\/div>\n<\/div>\n<div id=\"chunk-b0aqg\">\n<p class=\"content-text__container\">\n<div class=\"mc-column content-text active-extra-styles\" data-block-type=\"raw\" data-block-weight=\"3\" data-block-id=\"27\">\n<div class=\"content-intertitle\">\n<h2>2. Alimentos fermentados<\/h2>\n<p>&nbsp;<\/p>\n<\/div>\n<p>&nbsp;<\/p>\n<\/div>\n<\/div>\n<div id=\"chunk-7uvmo\">\n<div class=\"mc-column content-text active-extra-styles \" data-block-type=\"unstyled\" data-block-weight=\"23\" data-block-id=\"28\">\n<p class=\"content-text__container \" data-track-category=\"Link no Texto\" data-track-links=\"\">Existe uma grande variedade de alimentos fermentados. Eles s\u00e3o feitos combinando leite, vegetais ou outros ingredientes crus com microorganismos, como leveduras e bact\u00e9rias.<\/p>\n<p data-track-category=\"Link no Texto\" data-track-links=\"\">\n<\/div>\n<\/div>\n<div id=\"chunk-b24fl\">\n<div class=\"mc-column content-text active-extra-styles \" data-block-type=\"unstyled\" data-block-weight=\"19\" data-block-id=\"29\">\n<p class=\"content-text__container \" data-track-category=\"Link no Texto\" data-track-links=\"\">O mais conhecido \u00e9 o iogurte natural com culturas ativas, mas tamb\u00e9m existem outros como chucrute, kimchi e kombucha.<\/p>\n<\/div>\n<\/div>\n<div id=\"chunk-23g2e\">\n<div class=\"mc-column content-text active-extra-styles \" data-block-type=\"unstyled\" data-block-weight=\"24\" data-block-id=\"30\">\n<p class=\"content-text__container \" data-track-category=\"Link no Texto\" data-track-links=\"\">O que eles t\u00eam em comum s\u00e3o fontes de bact\u00e9rias vivas que podem melhorar a fun\u00e7\u00e3o intestinal e diminuir a ansiedade, segundo a especialista.<\/p>\n<p data-track-category=\"Link no Texto\" data-track-links=\"\">\n<\/div>\n<\/div>\n<div id=\"chunk-5m04u\">\n<div class=\"row medium-uncollapsed content-media content-photo\" data-block-type=\"backstage-photo\" data-block-id=\"31\">\n<div class=\" mc-column  content-media__container\">\n<div class=\"content-media-container glb-skeleton-box\">\n<figure class=\"content-media-figure\">\n<p><figure style=\"width: 647px\" class=\"wp-caption aligncenter\"><img loading=\"lazy\" decoding=\"async\" class=\"i-amphtml-fill-content i-amphtml-replaced-content\" src=\"https:\/\/s2-g1.glbimg.com\/jMo4_ldNXTGmFsCthIJA9yLWSAg=\/0x0:640x360\/984x0\/smart\/filters:strip_icc()\/i.s3.glbimg.com\/v1\/AUTH_59edd422c0c84a879bd37670ae4f538a\/internal_photos\/bs\/2023\/v\/l\/wDloUbSRS75W7Lwo1hPg\/image003-59-.jpg\" sizes=\"auto, (max-width: 1366px) 648px, 100vw\" srcset=\"https:\/\/s2-g1.glbimg.com\/rddZfkTpLlELgXOu-52i3VDUZ_8=\/0x0:640x360\/1000x0\/smart\/filters:strip_icc()\/i.s3.glbimg.com\/v1\/AUTH_59edd422c0c84a879bd37670ae4f538a\/internal_photos\/bs\/2023\/v\/l\/wDloUbSRS75W7Lwo1hPg\/image003-59-.jpg 1000w, https:\/\/s2-g1.glbimg.com\/jMo4_ldNXTGmFsCthIJA9yLWSAg=\/0x0:640x360\/984x0\/smart\/filters:strip_icc()\/i.s3.glbimg.com\/v1\/AUTH_59edd422c0c84a879bd37670ae4f538a\/internal_photos\/bs\/2023\/v\/l\/wDloUbSRS75W7Lwo1hPg\/image003-59-.jpg 984w, https:\/\/s2-g1.glbimg.com\/tZjfEoBzZKM0TlplNkcMFNtNEsE=\/0x0:640x360\/640x0\/smart\/filters:strip_icc()\/i.s3.glbimg.com\/v1\/AUTH_59edd422c0c84a879bd37670ae4f538a\/internal_photos\/bs\/2023\/v\/l\/wDloUbSRS75W7Lwo1hPg\/image003-59-.jpg 640w, https:\/\/s2-g1.glbimg.com\/2Ls2Q2jQU8LJAajivlrnoEEDfkA=\/0x0:640x360\/600x0\/smart\/filters:strip_icc()\/i.s3.glbimg.com\/v1\/AUTH_59edd422c0c84a879bd37670ae4f538a\/internal_photos\/bs\/2023\/v\/l\/wDloUbSRS75W7Lwo1hPg\/image003-59-.jpg 600w\" alt=\"Alimentos fermentados s\u00e3o fontes de bact\u00e9rias vivas \u2014 Foto: GETTY IMAGES via BBC\" width=\"647\" height=\"364\" \/><figcaption class=\"wp-caption-text\">Alimentos fermentados s\u00e3o fontes de bact\u00e9rias vivas \u2014 Foto: GETTY IMAGES via BBC<\/figcaption><\/figure><\/figure>\n<\/div>\n<p class=\"content-media__description  \">\n<\/div>\n<\/div>\n<\/div>\n<div id=\"chunk-bafrn\">\n<div class=\"content-ads content-ads--reveal\" data-block-type=\"ads\" data-block-id=\"32\">\n<div><\/div>\n<\/div>\n<\/div>\n<div id=\"chunk-3fmcq\">\n<div class=\"mc-column content-text active-extra-styles \" data-block-type=\"unstyled\" data-block-weight=\"7\" data-block-id=\"33\">\n<p class=\"content-text__container \" data-track-category=\"Link no Texto\" data-track-links=\"\">Alimentos fermentados podem fornecer v\u00e1rios benef\u00edcios cerebrais.<\/p>\n<p data-track-category=\"Link no Texto\" data-track-links=\"\">\n<\/div>\n<\/div>\n<div id=\"chunk-47sl2\">\n<div class=\"mc-column content-text active-extra-styles \" data-block-type=\"unstyled\" data-block-weight=\"27\" data-block-id=\"34\">\n<p class=\"content-text__container \" data-track-category=\"Link no Texto\" data-track-links=\"\">Uma an\u00e1lise de 45 estudos de 2016 mostrou que os alimentos fermentados podem proteger o c\u00e9rebro, melhorando a mem\u00f3ria e retardando o decl\u00ednio cognitivo, aponta a especialista.<\/p>\n<p data-track-category=\"Link no Texto\" data-track-links=\"\">\n<\/div>\n<\/div>\n<div id=\"chunk-a125r\">\n<div class=\"mc-column content-text active-extra-styles \" data-block-type=\"unstyled\" data-block-weight=\"26\" data-block-id=\"35\">\n<p class=\"content-text__container \" data-track-category=\"Link no Texto\" data-track-links=\"\">O iogurte rico em probi\u00f3ticos pode ser uma parte poderosa da dieta, acrescenta Naidoo, mas n\u00e3o o iogurte que \u00e9 submetido a um tratamento com calor.<\/p>\n<\/div>\n<\/div>\n<div id=\"chunk-uqp3\">\n<p class=\"content-text__container\">\n<div class=\"mc-column content-text active-extra-styles\" data-block-type=\"raw\" data-block-weight=\"2\" data-block-id=\"36\">\n<div class=\"content-intertitle\">\n<h2>3. Nozes<\/h2>\n<\/div>\n<\/div>\n<p>&nbsp;<\/p>\n<\/div>\n<div id=\"chunk-8e0lq\">\n<div class=\"mc-column content-text active-extra-styles \" data-block-type=\"unstyled\" data-block-weight=\"22\" data-block-id=\"37\">\n<p class=\"content-text__container \" data-track-category=\"Link no Texto\" data-track-links=\"\">Os efeitos anti-inflamat\u00f3rios e antioxidantes dos \u00e1cidos graxos \u00f4mega-3 nas nozes s\u00e3o muito promissores para melhorar o pensamento e a mem\u00f3ria.<\/p>\n<p data-track-category=\"Link no Texto\" data-track-links=\"\">\n<\/div>\n<\/div>\n<div id=\"chunk-726uj\">\n<div class=\"mc-column content-text active-extra-styles \" data-block-type=\"unstyled\" data-block-weight=\"28\" data-block-id=\"38\">\n<p class=\"content-text__container \" data-track-category=\"Link no Texto\" data-track-links=\"\">Por outro lado, as nozes t\u00eam gorduras e \u00f3leos saud\u00e1veis \u200b\u200bque nosso c\u00e9rebro precisa para funcionar bem, juntamente com vitaminas e minerais essenciais, como o sel\u00eanio da castanha-do-par\u00e1.<\/p>\n<p data-track-category=\"Link no Texto\" data-track-links=\"\">\n<\/div>\n<\/div>\n<div id=\"chunk-7or4q\">\n<div class=\"mc-column content-text active-extra-styles \" data-block-type=\"unstyled\" data-block-weight=\"14\" data-block-id=\"39\">\n<p class=\"content-text__container \" data-track-category=\"Link no Texto\" data-track-links=\"\">Naidoo recomenda comer 1\/4 de x\u00edcara por dia, como complemento de salada ou vegetais.<\/p>\n<p data-track-category=\"Link no Texto\" data-track-links=\"\">\n<\/div>\n<\/div>\n<div id=\"chunk-469ra\">\n<div class=\"row medium-uncollapsed content-media content-photo\" data-block-type=\"backstage-photo\" data-block-id=\"40\">\n<div class=\" mc-column  content-media__container\">\n<div class=\"content-media-container glb-skeleton-box\">\n<figure class=\"content-media-figure\">\n<p><figure style=\"width: 647px\" class=\"wp-caption aligncenter\"><img loading=\"lazy\" decoding=\"async\" class=\"i-amphtml-fill-content i-amphtml-replaced-content\" src=\"https:\/\/s2-g1.glbimg.com\/y8g0vvQmzoIYAnPJCQ68rfK4kpw=\/0x0:724x408\/984x0\/smart\/filters:strip_icc()\/i.s3.glbimg.com\/v1\/AUTH_59edd422c0c84a879bd37670ae4f538a\/internal_photos\/bs\/2023\/4\/6\/5cF7B2SaqhD9IWk7zuPQ\/image004-45-.jpg\" sizes=\"auto, (max-width: 1366px) 648px, 100vw\" srcset=\"https:\/\/s2-g1.glbimg.com\/ugQ0dszML4wNvX5-I-3e-JBj7v0=\/0x0:724x408\/1000x0\/smart\/filters:strip_icc()\/i.s3.glbimg.com\/v1\/AUTH_59edd422c0c84a879bd37670ae4f538a\/internal_photos\/bs\/2023\/4\/6\/5cF7B2SaqhD9IWk7zuPQ\/image004-45-.jpg 1000w, https:\/\/s2-g1.glbimg.com\/y8g0vvQmzoIYAnPJCQ68rfK4kpw=\/0x0:724x408\/984x0\/smart\/filters:strip_icc()\/i.s3.glbimg.com\/v1\/AUTH_59edd422c0c84a879bd37670ae4f538a\/internal_photos\/bs\/2023\/4\/6\/5cF7B2SaqhD9IWk7zuPQ\/image004-45-.jpg 984w, https:\/\/s2-g1.glbimg.com\/gleS8bZDK2pUQsUc4hyobm6xKPQ=\/0x0:724x408\/640x0\/smart\/filters:strip_icc()\/i.s3.glbimg.com\/v1\/AUTH_59edd422c0c84a879bd37670ae4f538a\/internal_photos\/bs\/2023\/4\/6\/5cF7B2SaqhD9IWk7zuPQ\/image004-45-.jpg 640w, https:\/\/s2-g1.glbimg.com\/w0c8EFyDTFLnwmPs2A_RSmeA77A=\/0x0:724x408\/600x0\/smart\/filters:strip_icc()\/i.s3.glbimg.com\/v1\/AUTH_59edd422c0c84a879bd37670ae4f538a\/internal_photos\/bs\/2023\/4\/6\/5cF7B2SaqhD9IWk7zuPQ\/image004-45-.jpg 600w\" alt=\" \u2014 Foto: GETTY IMAGES via BBC\" width=\"647\" height=\"365\" \/><figcaption class=\"wp-caption-text\">\u2014 Foto: GETTY IMAGES via BBC<\/figcaption><\/figure><\/figure>\n<\/div>\n<p class=\"content-media__description  \">\n<\/div>\n<\/div>\n<\/div>\n<div id=\"chunk-7pboo\">\n<div class=\"content-ads content-ads--reveal\" data-block-type=\"ads\" data-block-id=\"41\">\n<div><\/div>\n<\/div>\n<\/div>\n<div id=\"chunk-a7ivm\">\n<div class=\"mc-column content-text active-extra-styles \" data-block-type=\"unstyled\" data-block-weight=\"32\" data-block-id=\"42\">\n<p class=\"content-text__container \" data-track-category=\"Link no Texto\" data-track-links=\"\">Elas tamb\u00e9m podem ser misturadas com uma granola caseira ou com frutas secas, porque essas combina\u00e7\u00f5es s\u00e3o mais saud\u00e1veis \u200b\u200bdo que as dispon\u00edveis comercialmente, que geralmente s\u00e3o ricas em a\u00e7\u00facar e sal.<\/p>\n<p data-track-category=\"Link no Texto\" data-track-links=\"\">\n<\/div>\n<\/div>\n<div id=\"chunk-74i39\">\n<div class=\"mc-column content-text active-extra-styles\" data-block-type=\"raw\" data-block-weight=\"3\" data-block-id=\"43\">\n<p class=\"content-text__container\">\n<div class=\"content-intertitle\">\n<h2>4. Chocolate amargo<\/h2>\n<p>&nbsp;<\/p>\n<\/div>\n<p>&nbsp;<\/p>\n<\/div>\n<\/div>\n<div id=\"chunk-absrk\">\n<div class=\"mc-column content-text active-extra-styles \" data-block-type=\"unstyled\" data-block-weight=\"32\" data-block-id=\"44\">\n<p class=\"content-text__container \" data-track-category=\"Link no Texto\" data-track-links=\"\">O chocolate amargo \u00e9 uma excelente fonte de ferro, que ajuda a formar o revestimento que protege os neur\u00f4nios e ajuda a controlar a s\u00edntese de subst\u00e2ncias qu\u00edmicas que influenciam o humor.<\/p>\n<p data-track-category=\"Link no Texto\" data-track-links=\"\">\n<\/div>\n<\/div>\n<div id=\"chunk-b7c0s\">\n<div class=\"mc-column content-text active-extra-styles \" data-block-type=\"unstyled\" data-block-weight=\"29\" data-block-id=\"45\">\n<p class=\"content-text__container \" data-track-category=\"Link no Texto\" data-track-links=\"\">Uma pesquisa realizada com mais de 13 mil adultos em 2019 descobriu que as pessoas que comem chocolate amargo regularmente t\u00eam um risco 70% menor de apresentar sintomas depressivos.<\/p>\n<p data-track-category=\"Link no Texto\" data-track-links=\"\">\n<\/div>\n<\/div>\n<div id=\"chunk-5on17\">\n<div class=\"row medium-uncollapsed content-media content-photo\" data-block-type=\"backstage-photo\" data-block-id=\"46\">\n<div class=\" mc-column  content-media__container\">\n<div class=\"content-media-container glb-skeleton-box\">\n<figure class=\"content-media-figure\">\n<p><figure style=\"width: 647px\" class=\"wp-caption aligncenter\"><img loading=\"lazy\" decoding=\"async\" class=\"i-amphtml-fill-content i-amphtml-replaced-content\" src=\"https:\/\/s2-g1.glbimg.com\/uWocHYTOzcNJMBXb2hI8sFO_Gkc=\/0x0:726x408\/984x0\/smart\/filters:strip_icc()\/i.s3.glbimg.com\/v1\/AUTH_59edd422c0c84a879bd37670ae4f538a\/internal_photos\/bs\/2023\/4\/s\/adBsdDSbqPXBRaAetEzA\/image005-26-.jpg\" sizes=\"auto, (max-width: 1366px) 648px, 100vw\" srcset=\"https:\/\/s2-g1.glbimg.com\/aTLN-hmvY_nNl_Nnr-EDzDfFP9c=\/0x0:726x408\/1000x0\/smart\/filters:strip_icc()\/i.s3.glbimg.com\/v1\/AUTH_59edd422c0c84a879bd37670ae4f538a\/internal_photos\/bs\/2023\/4\/s\/adBsdDSbqPXBRaAetEzA\/image005-26-.jpg 1000w, https:\/\/s2-g1.glbimg.com\/uWocHYTOzcNJMBXb2hI8sFO_Gkc=\/0x0:726x408\/984x0\/smart\/filters:strip_icc()\/i.s3.glbimg.com\/v1\/AUTH_59edd422c0c84a879bd37670ae4f538a\/internal_photos\/bs\/2023\/4\/s\/adBsdDSbqPXBRaAetEzA\/image005-26-.jpg 984w, https:\/\/s2-g1.glbimg.com\/rrZpyuc-obyT_vb0x17QqLJrC2w=\/0x0:726x408\/640x0\/smart\/filters:strip_icc()\/i.s3.glbimg.com\/v1\/AUTH_59edd422c0c84a879bd37670ae4f538a\/internal_photos\/bs\/2023\/4\/s\/adBsdDSbqPXBRaAetEzA\/image005-26-.jpg 640w, https:\/\/s2-g1.glbimg.com\/wkAUQZjU7UELJx2GHdTtzSFFrhI=\/0x0:726x408\/600x0\/smart\/filters:strip_icc()\/i.s3.glbimg.com\/v1\/AUTH_59edd422c0c84a879bd37670ae4f538a\/internal_photos\/bs\/2023\/4\/s\/adBsdDSbqPXBRaAetEzA\/image005-26-.jpg 600w\" alt=\"Chocolate amargo \u00e9 uma excelente fonte de ferro \u2014 Foto: GETTY IMAGES via BBC\" width=\"647\" height=\"364\" \/><figcaption class=\"wp-caption-text\">Chocolate amargo \u00e9 uma excelente fonte de ferro \u2014 Foto: GETTY IMAGES via BBC<\/figcaption><\/figure><\/figure>\n<\/div>\n<p class=\"content-media__description  \">\n<p>&nbsp;<\/p>\n<\/div>\n<\/div>\n<\/div>\n<div id=\"chunk-cqflq\">\n<div class=\"mc-column content-text active-extra-styles \" data-block-type=\"unstyled\" data-block-weight=\"11\" data-block-id=\"47\">\n<p class=\"content-text__container \" data-track-category=\"Link no Texto\" data-track-links=\"\">O chocolate amargo tamb\u00e9m cont\u00e9m muitos antioxidantes e \u00e9 altamente ben\u00e9fico.<\/p>\n<\/div>\n<\/div>\n<div id=\"chunk-cbgkm\">\n<div class=\"content-ads content-ads--reveal\" data-block-type=\"ads\" data-block-id=\"48\">\n<div><\/div>\n<\/div>\n<\/div>\n<div id=\"chunk-19f4m\">\n<div class=\"mc-column content-text active-extra-styles\" data-block-type=\"raw\" data-block-weight=\"2\" data-block-id=\"49\">\n<p class=\"content-text__container\">\n<div class=\"content-intertitle\">\n<h2>5. Abacates<\/h2>\n<\/div>\n<\/div>\n<p>&nbsp;<\/p>\n<\/div>\n<div id=\"chunk-donk1\">\n<div class=\"mc-column content-text active-extra-styles \" data-block-type=\"unstyled\" data-block-weight=\"22\" data-block-id=\"50\">\n<p class=\"content-text__container \" data-track-category=\"Link no Texto\" data-track-links=\"\">Com quantidades relativamente altas de magn\u00e9sio, importante para o funcionamento do c\u00e9rebro, os abacates s\u00e3o outra fonte de bem-estar, aponta a especialista.<\/p>\n<p data-track-category=\"Link no Texto\" data-track-links=\"\">\n<\/div>\n<\/div>\n<div id=\"chunk-bgn6f\">\n<div class=\"mc-column content-text active-extra-styles \" data-block-type=\"unstyled\" data-block-weight=\"11\" data-block-id=\"51\">\n<p class=\"content-text__container \" data-track-category=\"Link no Texto\" data-track-links=\"\">Existem in\u00fameras an\u00e1lises que relacionam a depress\u00e3o \u00e0 defici\u00eancia de magn\u00e9sio.<\/p>\n<p data-track-category=\"Link no Texto\" data-track-links=\"\">\n<\/div>\n<\/div>\n<div id=\"chunk-9pinb\">\n<div class=\"row medium-uncollapsed content-media content-photo\" data-block-type=\"backstage-photo\" data-block-id=\"52\">\n<div class=\" mc-column  content-media__container\">\n<div class=\"content-media-container glb-skeleton-box\">\n<figure class=\"content-media-figure\">\n<p><figure style=\"width: 647px\" class=\"wp-caption aligncenter\"><img loading=\"lazy\" decoding=\"async\" class=\"i-amphtml-fill-content i-amphtml-replaced-content\" src=\"https:\/\/s2-g1.glbimg.com\/NXy5oEzFsJ22rq_EZS8Rh30BG0Y=\/0x0:724x483\/984x0\/smart\/filters:strip_icc()\/i.s3.glbimg.com\/v1\/AUTH_59edd422c0c84a879bd37670ae4f538a\/internal_photos\/bs\/2023\/Z\/h\/0sqd9oQ0mQz3jK6366Zw\/image006-14-.jpg\" sizes=\"auto, (max-width: 1366px) 648px, 100vw\" srcset=\"https:\/\/s2-g1.glbimg.com\/Dv_3xaWc2_Pnj77BoefJm6e_Qsw=\/0x0:724x483\/1000x0\/smart\/filters:strip_icc()\/i.s3.glbimg.com\/v1\/AUTH_59edd422c0c84a879bd37670ae4f538a\/internal_photos\/bs\/2023\/Z\/h\/0sqd9oQ0mQz3jK6366Zw\/image006-14-.jpg 1000w, https:\/\/s2-g1.glbimg.com\/NXy5oEzFsJ22rq_EZS8Rh30BG0Y=\/0x0:724x483\/984x0\/smart\/filters:strip_icc()\/i.s3.glbimg.com\/v1\/AUTH_59edd422c0c84a879bd37670ae4f538a\/internal_photos\/bs\/2023\/Z\/h\/0sqd9oQ0mQz3jK6366Zw\/image006-14-.jpg 984w, https:\/\/s2-g1.glbimg.com\/be9DTCC068OEP7oDuTY1oV_GKpU=\/0x0:724x483\/640x0\/smart\/filters:strip_icc()\/i.s3.glbimg.com\/v1\/AUTH_59edd422c0c84a879bd37670ae4f538a\/internal_photos\/bs\/2023\/Z\/h\/0sqd9oQ0mQz3jK6366Zw\/image006-14-.jpg 640w, https:\/\/s2-g1.glbimg.com\/y8q5ZqJzRxZ-9rhoWd5icyZ7860=\/0x0:724x483\/600x0\/smart\/filters:strip_icc()\/i.s3.glbimg.com\/v1\/AUTH_59edd422c0c84a879bd37670ae4f538a\/internal_photos\/bs\/2023\/Z\/h\/0sqd9oQ0mQz3jK6366Zw\/image006-14-.jpg 600w\" alt=\"Abacates apresentam quantidades relativamente altas de magn\u00e9sio \u2014 Foto: GETTY IMAGES via BBC\" width=\"647\" height=\"431\" \/><figcaption class=\"wp-caption-text\">Abacates apresentam quantidades relativamente altas de magn\u00e9sio \u2014 Foto: GETTY IMAGES via BBC<\/figcaption><\/figure><\/figure>\n<\/div>\n<p class=\"content-media__description  \">\n<p>&nbsp;<\/p>\n<\/div>\n<\/div>\n<\/div>\n<div id=\"chunk-aohn6\">\n<div class=\"mc-column content-text active-extra-styles \" data-block-type=\"unstyled\" data-block-weight=\"28\" data-block-id=\"53\">\n<p class=\"content-text__container \" data-track-category=\"Link no Texto\" data-track-links=\"\">V\u00e1rios estudos de caso em que os pacientes foram tratados com uma dose entre 125 e 300 miligramas de magn\u00e9sio mostraram uma recupera\u00e7\u00e3o mais r\u00e1pida do transtorno depressivo.<\/p>\n<p data-track-category=\"Link no Texto\" data-track-links=\"\">\n<\/div>\n<\/div>\n<div id=\"chunk-5f6cl\">\n<div class=\"mc-column content-text active-extra-styles \" data-block-type=\"unstyled\" data-block-weight=\"24\" data-block-id=\"54\">\n<p class=\"content-text__container \" data-track-category=\"Link no Texto\" data-track-links=\"\">\u201cAdoro misturar abacate, gr\u00e3o de bico e azeite como uma pasta saborosa em torradas integrais ou como molho para vegetais rec\u00e9m-cortados\u201d, conta a m\u00e9dica.<\/p>\n<\/div>\n<\/div>\n<div id=\"chunk-esvv0\">\n<p class=\"content-text__container\">\n<div class=\"mc-column content-text active-extra-styles\" data-block-type=\"raw\" data-block-weight=\"5\" data-block-id=\"55\">\n<div class=\"content-intertitle\">\n<h2>6. Vegetais de folhas verdes<\/h2>\n<\/div>\n<\/div>\n<p>&nbsp;<\/p>\n<\/div>\n<div id=\"chunk-ae3c1\">\n<div class=\"mc-column content-text active-extra-styles \" data-block-type=\"unstyled\" data-block-weight=\"16\" data-block-id=\"56\">\n<p class=\"content-text__container \" data-track-category=\"Link no Texto\" data-track-links=\"\">Os vegetais de folhas verdes, como a couve, fazem a diferen\u00e7a na sa\u00fade, explica a especialista.<\/p>\n<\/div>\n<\/div>\n<div id=\"chunk-6tgfc\">\n<div class=\"content-ads content-ads--reveal\" data-block-type=\"ads\" data-block-id=\"57\">\n<div><\/div>\n<\/div>\n<\/div>\n<div id=\"chunk-4epci\">\n<div class=\"mc-column content-text active-extra-styles \" data-block-type=\"unstyled\" data-block-weight=\"34\" data-block-id=\"58\">\n<p class=\"content-text__container \" data-track-category=\"Link no Texto\" data-track-links=\"\">Embora n\u00e3o seja uma informa\u00e7\u00e3o muito conhecida, a verdade \u00e9 que os vegetais de folhas verdes cont\u00eam vitamina E, caroten\u00f3ides e flavon\u00f3ides, nutrientes que protegem contra a dem\u00eancia e o decl\u00ednio cognitivo, diz Naidoo.<\/p>\n<p data-track-category=\"Link no Texto\" data-track-links=\"\">\n<\/div>\n<\/div>\n<div id=\"chunk-ajks2\">\n<div class=\"mc-column content-text active-extra-styles \" data-block-type=\"unstyled\" data-block-weight=\"25\" data-block-id=\"59\">\n<p class=\"content-text__container \" data-track-category=\"Link no Texto\" data-track-links=\"\">Outro benef\u00edcio desses alimentos \u00e9 que eles s\u00e3o uma grande fonte de folato, uma forma natural de vitamina B9 importante na forma\u00e7\u00e3o de gl\u00f3bulos vermelhos.<\/p>\n<p data-track-category=\"Link no Texto\" data-track-links=\"\">\n<\/div>\n<\/div>\n<div id=\"chunk-j5m1\">\n<div class=\"row medium-uncollapsed content-media content-photo\" data-block-type=\"backstage-photo\" data-block-id=\"60\">\n<div class=\" mc-column  content-media__container\">\n<div class=\"content-media-container glb-skeleton-box\">\n<figure class=\"content-media-figure\">\n<p><figure style=\"width: 647px\" class=\"wp-caption aligncenter\"><img loading=\"lazy\" decoding=\"async\" class=\"i-amphtml-fill-content i-amphtml-replaced-content\" src=\"https:\/\/s2-g1.glbimg.com\/JCla5GCnMhjMbqByokVI-th9SVU=\/0x0:724x483\/984x0\/smart\/filters:strip_icc()\/i.s3.glbimg.com\/v1\/AUTH_59edd422c0c84a879bd37670ae4f538a\/internal_photos\/bs\/2023\/g\/g\/T2AvjWSeGPR4ZlYqlcMw\/image007-10-.jpg\" sizes=\"auto, (max-width: 1366px) 648px, 100vw\" srcset=\"https:\/\/s2-g1.glbimg.com\/CZ5dgBf4ALgk1iwpJSArw5b_7oQ=\/0x0:724x483\/1000x0\/smart\/filters:strip_icc()\/i.s3.glbimg.com\/v1\/AUTH_59edd422c0c84a879bd37670ae4f538a\/internal_photos\/bs\/2023\/g\/g\/T2AvjWSeGPR4ZlYqlcMw\/image007-10-.jpg 1000w, https:\/\/s2-g1.glbimg.com\/JCla5GCnMhjMbqByokVI-th9SVU=\/0x0:724x483\/984x0\/smart\/filters:strip_icc()\/i.s3.glbimg.com\/v1\/AUTH_59edd422c0c84a879bd37670ae4f538a\/internal_photos\/bs\/2023\/g\/g\/T2AvjWSeGPR4ZlYqlcMw\/image007-10-.jpg 984w, https:\/\/s2-g1.glbimg.com\/uBozTDiGdEDOn8MRoPcIVSzdgQU=\/0x0:724x483\/640x0\/smart\/filters:strip_icc()\/i.s3.glbimg.com\/v1\/AUTH_59edd422c0c84a879bd37670ae4f538a\/internal_photos\/bs\/2023\/g\/g\/T2AvjWSeGPR4ZlYqlcMw\/image007-10-.jpg 640w, https:\/\/s2-g1.glbimg.com\/8wTaAUMEqOiihuNT9UfmPPVN9Oo=\/0x0:724x483\/600x0\/smart\/filters:strip_icc()\/i.s3.glbimg.com\/v1\/AUTH_59edd422c0c84a879bd37670ae4f538a\/internal_photos\/bs\/2023\/g\/g\/T2AvjWSeGPR4ZlYqlcMw\/image007-10-.jpg 600w\" alt=\"Defici\u00eancia de folato pode ser a base de algumas condi\u00e7\u00f5es neurol\u00f3gicas \u2014 Foto: GETTY IMAGES via BBC\" width=\"647\" height=\"431\" \/><figcaption class=\"wp-caption-text\">Defici\u00eancia de folato pode ser a base de algumas condi\u00e7\u00f5es neurol\u00f3gicas \u2014 Foto: GETTY IMAGES via BBC<\/figcaption><\/figure><\/figure>\n<\/div>\n<p class=\"content-media__description  \">\n<p>&nbsp;<\/p>\n<\/div>\n<\/div>\n<\/div>\n<div id=\"chunk-3jn93\">\n<div class=\"mc-column content-text active-extra-styles \" data-block-type=\"unstyled\" data-block-weight=\"31\" data-block-id=\"61\">\n<p class=\"content-text__container \" data-track-category=\"Link no Texto\" data-track-links=\"\">A defici\u00eancia de folato pode ser a base de algumas condi\u00e7\u00f5es neurol\u00f3gicas. \u00c9 por isso que esta vitamina tem efeitos ben\u00e9ficos no estado cognitivo e \u00e9 importante na produ\u00e7\u00e3o de neurotransmissores<\/p>\n<p data-track-category=\"Link no Texto\" data-track-links=\"\">\n<\/div>\n<\/div>\n<div id=\"chunk-e58pc\">\n<div class=\"mc-column content-text active-extra-styles \" data-block-type=\"unstyled\" data-block-weight=\"19\" data-block-id=\"62\">\n<p class=\"content-text__container \" data-track-category=\"Link no Texto\" data-track-links=\"\">&#8220;As verduras como espinafre, acelga e folhas de dente-de-le\u00e3o tamb\u00e9m s\u00e3o excelentes fontes de \u00e1cido f\u00f3lico&#8221;, acrescenta a especialista.<\/p>\n<p data-track-category=\"Link no Texto\" data-track-links=\"\">\n<p class=\"content-text__container \" data-track-category=\"Link no Texto\" data-track-links=\"\">Por Cecilia Barr\u00eda, BBC<\/p>\n<\/div>\n<\/div>\n<\/div>\n","protected":false},"excerpt":{"rendered":"<p>H\u00e1 alimentos que podem melhorar o humor, agu\u00e7ar a mem\u00f3ria e ajudar o c\u00e9rebro a funcionar com mais efici\u00eancia. \u00c9 o que argumenta Uma Naidoo, psiquiatra nutricional e professora da Escola de Medicina da Universidade de Harvard, nos Estados Unidos. A sa\u00fade mental e a alimenta\u00e7\u00e3o est\u00e3o ligadas da mesma forma que o c\u00e9rebro e [&hellip;]<\/p>\n","protected":false},"author":5,"featured_media":244412,"comment_status":"closed","ping_status":"closed","sticky":false,"template":"","format":"standard","meta":{"footnotes":""},"categories":[39],"tags":[],"class_list":["post-244409","post","type-post","status-publish","format-standard","has-post-thumbnail","hentry","category-saude"],"_links":{"self":[{"href":"https:\/\/www.ocorreionews.com.br\/acervo-correio\/index.php?rest_route=\/wp\/v2\/posts\/244409","targetHints":{"allow":["GET"]}}],"collection":[{"href":"https:\/\/www.ocorreionews.com.br\/acervo-correio\/index.php?rest_route=\/wp\/v2\/posts"}],"about":[{"href":"https:\/\/www.ocorreionews.com.br\/acervo-correio\/index.php?rest_route=\/wp\/v2\/types\/post"}],"author":[{"embeddable":true,"href":"https:\/\/www.ocorreionews.com.br\/acervo-correio\/index.php?rest_route=\/wp\/v2\/users\/5"}],"replies":[{"embeddable":true,"href":"https:\/\/www.ocorreionews.com.br\/acervo-correio\/index.php?rest_route=%2Fwp%2Fv2%2Fcomments&post=244409"}],"version-history":[{"count":1,"href":"https:\/\/www.ocorreionews.com.br\/acervo-correio\/index.php?rest_route=\/wp\/v2\/posts\/244409\/revisions"}],"predecessor-version":[{"id":244413,"href":"https:\/\/www.ocorreionews.com.br\/acervo-correio\/index.php?rest_route=\/wp\/v2\/posts\/244409\/revisions\/244413"}],"wp:featuredmedia":[{"embeddable":true,"href":"https:\/\/www.ocorreionews.com.br\/acervo-correio\/index.php?rest_route=\/wp\/v2\/media\/244412"}],"wp:attachment":[{"href":"https:\/\/www.ocorreionews.com.br\/acervo-correio\/index.php?rest_route=%2Fwp%2Fv2%2Fmedia&parent=244409"}],"wp:term":[{"taxonomy":"category","embeddable":true,"href":"https:\/\/www.ocorreionews.com.br\/acervo-correio\/index.php?rest_route=%2Fwp%2Fv2%2Fcategories&post=244409"},{"taxonomy":"post_tag","embeddable":true,"href":"https:\/\/www.ocorreionews.com.br\/acervo-correio\/index.php?rest_route=%2Fwp%2Fv2%2Ftags&post=244409"}],"curies":[{"name":"wp","href":"https:\/\/api.w.org\/{rel}","templated":true}]}}