{"id":244426,"date":"2023-07-05T10:32:07","date_gmt":"2023-07-05T14:32:07","guid":{"rendered":"https:\/\/www.ocorreionews.com.br\/acervo-correio\/?p=244426"},"modified":"2023-07-05T15:53:39","modified_gmt":"2023-07-05T19:53:39","slug":"agems-fiscaliza-a-implantacao-do-contorno-viario-de-chapadao-do-sul-e-faixas-adicionais-na-ms-306","status":"publish","type":"post","link":"https:\/\/www.ocorreionews.com.br\/acervo-correio\/?p=244426","title":{"rendered":"Agems fiscaliza a implanta\u00e7\u00e3o do contorno vi\u00e1rio de Chapad\u00e3o do Sul e faixas adicionais na MS 306"},"content":{"rendered":"<p>A concess\u00e3o da MS-306 est\u00e1 no quarto ano, mas a Agems (Ag\u00eancia Estadual de Regula\u00e7\u00e3o) j\u00e1 fiscaliza tamb\u00e9m obras de m\u00e9dio prazo inclu\u00eddas na programa\u00e7\u00e3o do quinto ano de concess\u00e3o.<\/p>\n<p>S\u00e3o projetos em andamento que levam mais seguran\u00e7a e qualidade ao tr\u00e1fego, com execu\u00e7\u00e3o entre 2023 e 2024.<\/p>\n<p><strong>Contorno<\/strong><\/p>\n<p>Equipe da Diretoria de Rodovias acaba de realizar mais uma inspe\u00e7\u00e3o a campo na implanta\u00e7\u00e3o do Contorno Vi\u00e1rio de Chapad\u00e3o do Sul, obra moderna lan\u00e7ada em junho, que ter\u00e1 investimento direto de R$ 7 milh\u00f5es, al\u00e9m de R$ 65 milh\u00f5es em desapropria\u00e7\u00f5es, totalizando R$ 72 milh\u00f5es aplicados.<\/p>\n<p>Com 12,5 quil\u00f4metros de extens\u00e3o, o anel vai mudar o tra\u00e7ado da rodovia no trecho de entroncamento com a BR-060, livrando o centro da cidade do tr\u00e2nsito pesado e criando para os motoristas uma alternativa mais r\u00e1pida e segura.<\/p>\n<p>\u201c\u00c9 uma obra de grande impacto, que j\u00e1 foi iniciada, com a loca\u00e7\u00e3o do tra\u00e7ado e os servi\u00e7os de terraplenagem. J\u00e1 \u00e9 poss\u00edvel verificar no local um grande volume de movimenta\u00e7\u00e3o de terras e equipamentos\u201d, constatou o coordenador da C\u00e2mara T\u00e9cnica de Rodovias, engenheiro Edson Delgado.<\/p>\n<p>Simultaneamente \u00e0 constru\u00e7\u00e3o da pista, tamb\u00e9m est\u00e1 sendo implantado o dispositivo de acesso ao novo contorno vi\u00e1rio, localizado no km 122 da MS-306.<\/p>\n<p><strong>Faixas adicionais e dispositivos de seguran\u00e7a<\/strong><\/p>\n<p><img loading=\"lazy\" decoding=\"async\" class=\"alignnone size-full wp-image-244428\" src=\"https:\/\/www.ocorreionews.com.br\/acervo-correio\/wp-content\/uploads\/2023\/07\/Trecho-da-MS-306-recebe-obras-de-faixa-adicional.2.jpg\" alt=\"\" width=\"1024\" height=\"576\" srcset=\"https:\/\/www.ocorreionews.com.br\/acervo-correio\/wp-content\/uploads\/2023\/07\/Trecho-da-MS-306-recebe-obras-de-faixa-adicional.2.jpg 1024w, https:\/\/www.ocorreionews.com.br\/acervo-correio\/wp-content\/uploads\/2023\/07\/Trecho-da-MS-306-recebe-obras-de-faixa-adicional.2-300x169.jpg 300w, https:\/\/www.ocorreionews.com.br\/acervo-correio\/wp-content\/uploads\/2023\/07\/Trecho-da-MS-306-recebe-obras-de-faixa-adicional.2-768x432.jpg 768w\" sizes=\"auto, (max-width: 1024px) 100vw, 1024px\" \/><\/p>\n<p>O trecho sob concess\u00e3o tem cerca de 219 quil\u00f4metros de extens\u00e3o, desde a divisa com o estado de Mato Grosso, passando pelos munic\u00edpios de Costa Rica, Chapad\u00e3o do Sul e Cassil\u00e2ndia.<\/p>\n<p>Na programa\u00e7\u00e3o peri\u00f3dica de investimentos, a Agems verificou que est\u00e1 avan\u00e7ada a execu\u00e7\u00e3o de terraplenagem e conforma\u00e7\u00e3o de terceira faixa e acostamento junto ao ponto conhecido como curava cr\u00edtica, localizada entre os quil\u00f4metros 34 e 37.<\/p>\n<p>Mais adiante, \u00e9 tamb\u00e9m grande a grande mobiliza\u00e7\u00e3o de engenharia, de opera\u00e7\u00e3o, de seguran\u00e7a e de m\u00e1quinas e equipamentos entre os quil\u00f4metros 48 e 52, por conta de obras de faixa adicional, acostamento, de faixas tipo tapers (de transi\u00e7\u00e3o para faixas de redu\u00e7\u00e3o e retomadas de velocidades), al\u00e9m do dispositivo de acesso a comunidade intitulada Santo Fuj\u00e3o.<\/p>\n<p>\u201c\u00c9 um trabalho rigoroso que fazemos para garantir o cumprimento dos compromissos de contrato no prazo devido. S\u00e3o obras essenciais e muito reivindicadas pela popula\u00e7\u00e3o e pelos gestores p\u00fablicos\u201d, comenta o diretor Matias Gonsales.<\/p>\n<p>\u201cA regula\u00e7\u00e3o e a fiscaliza\u00e7\u00e3o caminham juntas com os investimentos do operador privado. N\u00f3s sabemos da import\u00e2ncia da nossa presen\u00e7a, do nosso olhar t\u00e9cnico para garantir que os benef\u00edcios que o Estado espera para o cidad\u00e3o seja alcan\u00e7ado quando delega um servi\u00e7o p\u00fablico dessa magnitude\u201d, finaliza o diretor-presidente da Agems, Carlos Alberto de Assis.<\/p>\n<p><a href=\"https:\/\/agenciadenoticias.ms.gov.br\/wp-content\/uploads\/2023\/07\/Fiscalizacao-obras-Curva-Critica-MS-306-scaled-e1688411518366.jpg\"><img loading=\"lazy\" decoding=\"async\" class=\"aligncenter size-full wp-image-441505\" src=\"https:\/\/agenciadenoticias.ms.gov.br\/wp-content\/uploads\/2023\/07\/Fiscalizacao-obras-Curva-Critica-MS-306-scaled-e1688411518366.jpg\" sizes=\"auto, (max-width: 768px) 100vw, 768px\" srcset=\"https:\/\/agenciadenoticias.ms.gov.br\/wp-content\/uploads\/2023\/07\/Fiscalizacao-obras-Curva-Critica-MS-306-scaled-e1688411518366.jpg 768w, https:\/\/agenciadenoticias.ms.gov.br\/wp-content\/uploads\/2023\/07\/Fiscalizacao-obras-Curva-Critica-MS-306-scaled-e1688411518366-300x169.jpg 300w, https:\/\/agenciadenoticias.ms.gov.br\/wp-content\/uploads\/2023\/07\/Fiscalizacao-obras-Curva-Critica-MS-306-scaled-e1688411518366-350x197.jpg 350w\" alt=\"\" width=\"768\" height=\"432\" \/><\/a><\/p>\n<p><em>Gizele Oliveira, Agems<\/em><\/p>\n","protected":false},"excerpt":{"rendered":"<p>A concess\u00e3o da MS-306 est\u00e1 no quarto ano, mas a Agems (Ag\u00eancia Estadual de Regula\u00e7\u00e3o) j\u00e1 fiscaliza tamb\u00e9m obras de m\u00e9dio prazo inclu\u00eddas na programa\u00e7\u00e3o do quinto ano de concess\u00e3o. S\u00e3o projetos em andamento que levam mais seguran\u00e7a e qualidade ao tr\u00e1fego, com execu\u00e7\u00e3o entre 2023 e 2024. Contorno Equipe da Diretoria de Rodovias acaba [&hellip;]<\/p>\n","protected":false},"author":5,"featured_media":244427,"comment_status":"closed","ping_status":"closed","sticky":false,"template":"","format":"standard","meta":{"footnotes":""},"categories":[23,41],"tags":[],"class_list":["post-244426","post","type-post","status-publish","format-standard","has-post-thumbnail","hentry","category-chapadao-do-sul","category-destaque"],"_links":{"self":[{"href":"https:\/\/www.ocorreionews.com.br\/acervo-correio\/index.php?rest_route=\/wp\/v2\/posts\/244426","targetHints":{"allow":["GET"]}}],"collection":[{"href":"https:\/\/www.ocorreionews.com.br\/acervo-correio\/index.php?rest_route=\/wp\/v2\/posts"}],"about":[{"href":"https:\/\/www.ocorreionews.com.br\/acervo-correio\/index.php?rest_route=\/wp\/v2\/types\/post"}],"author":[{"embeddable":true,"href":"https:\/\/www.ocorreionews.com.br\/acervo-correio\/index.php?rest_route=\/wp\/v2\/users\/5"}],"replies":[{"embeddable":true,"href":"https:\/\/www.ocorreionews.com.br\/acervo-correio\/index.php?rest_route=%2Fwp%2Fv2%2Fcomments&post=244426"}],"version-history":[{"count":1,"href":"https:\/\/www.ocorreionews.com.br\/acervo-correio\/index.php?rest_route=\/wp\/v2\/posts\/244426\/revisions"}],"predecessor-version":[{"id":244429,"href":"https:\/\/www.ocorreionews.com.br\/acervo-correio\/index.php?rest_route=\/wp\/v2\/posts\/244426\/revisions\/244429"}],"wp:featuredmedia":[{"embeddable":true,"href":"https:\/\/www.ocorreionews.com.br\/acervo-correio\/index.php?rest_route=\/wp\/v2\/media\/244427"}],"wp:attachment":[{"href":"https:\/\/www.ocorreionews.com.br\/acervo-correio\/index.php?rest_route=%2Fwp%2Fv2%2Fmedia&parent=244426"}],"wp:term":[{"taxonomy":"category","embeddable":true,"href":"https:\/\/www.ocorreionews.com.br\/acervo-correio\/index.php?rest_route=%2Fwp%2Fv2%2Fcategories&post=244426"},{"taxonomy":"post_tag","embeddable":true,"href":"https:\/\/www.ocorreionews.com.br\/acervo-correio\/index.php?rest_route=%2Fwp%2Fv2%2Ftags&post=244426"}],"curies":[{"name":"wp","href":"https:\/\/api.w.org\/{rel}","templated":true}]}}