{"id":244431,"date":"2023-07-05T13:48:41","date_gmt":"2023-07-05T17:48:41","guid":{"rendered":"https:\/\/www.ocorreionews.com.br\/acervo-correio\/?p=244431"},"modified":"2023-07-05T15:53:47","modified_gmt":"2023-07-05T19:53:47","slug":"costa-rica-realizara-o-2o-pedal-camping-um-dia-no-parque","status":"publish","type":"post","link":"https:\/\/www.ocorreionews.com.br\/acervo-correio\/?p=244431","title":{"rendered":"Costa Rica realizar\u00e1 o 2\u00ba Pedal Camping \u2018Um dia no Parque\u2019"},"content":{"rendered":"<div class=\"ntc_cont_descricao_noticia sw_txteditor\">Chegou a hora de conhecer a programa\u00e7\u00e3o para \u2018Um dia no Parque 2023\u2019! O evento promete ser repleto de aventuras e esportes no Parque Estadual das Nascentes do Rio Taquari. Uma das atra\u00e7\u00f5es mais esperadas \u00e9 o 2\u00ba Pedal Camping, que ter\u00e1 in\u00edcio no dia 22 de julho, com retorno no dia 23.<\/p>\n<p>Promovido pelo IMASUL (Instituto de Meio Ambiente de Mato Grosso do Sul) em parceria com a Prefeitura de Costa Rica, atrav\u00e9s da SEMTMA (Secretaria Municipal de Turismo, Meio Ambiente, Esporte e Cultura), Projeto Forjando Campe\u00f5es, o evento conta com apoio C\u00e2mara de Vereadores e de fazendas da regi\u00e3o.<\/p>\n<p>De acordo com Renan Candido, o ponto de partida para o pedal ser\u00e1 o Centro de Eventos Ramez Tebet, com sa\u00edda \u00e0s 13h, onde os participantes poder\u00e3o preparar suas bicicletas e equipamentos para acampar. A expectativa \u00e9 de que a edi\u00e7\u00e3o de 2023 seja ainda melhor do que a anterior, com muitas novidades e surpresas.<\/p>\n<p>O Parque Estadual das Nascentes do Rio Taquari \u00e9 um local de grande import\u00e2ncia ambiental e preserva\u00e7\u00e3o da natureza. Com uma \u00e1rea extensa e diversas trilhas, o parque oferece aos visitantes a oportunidade de explorar a fauna e flora da regi\u00e3o, al\u00e9m de praticar esportes ao ar livre.<\/p>\n<p>Al\u00e9m do Pedal Camping, o evento \u2018Um dia no Parque 2023\u2019 contar\u00e1 com uma ampla programa\u00e7\u00e3o esportiva e de lazer. Haver\u00e1 atividades como trilhas guiadas, canoagem, entre outras op\u00e7\u00f5es de esportes radicais. Cada ciclista ser\u00e1 respons\u00e1vel pelo lixo que produzir. Haver\u00e1 carro de apoio da organiza\u00e7\u00e3o. Os participantes ter\u00e3o a chance de se aventurar e desfrutar de momentos \u00fanicos em meio \u00e0 natureza.<\/p><\/div>\n<div class=\"ntc_cont_descricao_noticia sw_txteditor\">\n<figure style=\"width: 800px\" class=\"wp-caption alignnone\"><img loading=\"lazy\" decoding=\"async\" class=\"imgcentraliza\" src=\"https:\/\/www.costarica.ms.gov.br\/fotos\/47ae26e05d1aa331bfa5b3fecad40efb.jpg\" alt=\"Foto Noticia Principal Grande\" width=\"800\" height=\"529\" \/><figcaption class=\"wp-caption-text\">Fotos: Divulga\u00e7\u00e3o Imasul \/ SEMTMA<\/figcaption><\/figure>\n<p>Para participar do evento, \u00e9 necess\u00e1rio realizar a inscri\u00e7\u00e3o atrav\u00e9s do Sympla, plataforma de eventos online. O link para inscri\u00e7\u00e3o \u00e9:\u00a0<a href=\"https:\/\/encurtador.com.br\/cqBD8\">https:\/\/encurtador.com.br\/cqBD8<\/a><\/p>\n<p>Os organizadores do evento est\u00e3o animados com a expectativa de receber um grande n\u00famero de participantes. Afinal, a combina\u00e7\u00e3o de esportes radicais, natureza exuberante e momentos de lazer promete encantar os amantes de aventura.<\/p>\n<p>Portanto, se voc\u00ea \u00e9 um apaixonado por esportes e quer vivenciar um dia cheio de adrenalina e divers\u00e3o, n\u00e3o perca a oportunidade de se inscrever no \u2018Um dia no Parque 2023\u2019. Prepare sua bike e seus equipamentos para acampar e aproveite dois dias inesquec\u00edveis junto \u00e0 natureza do Parque Estadual das Nascentes do Rio Taquari. Esperamos por voc\u00ea!<\/p>\n<p><img decoding=\"async\" class=\"imgcentraliza\" src=\"https:\/\/www.costarica.ms.gov.br\/fotos\/99a6a18c7da9854845fc73d3069ec23f.jpg\" alt=\"Foto Noticia Principal Grande\" \/><\/div>\n<div><\/div>\n<div class=\"ntc_area_info_noticia sw_lato\">\n<div>\n<div class=\"ntc_info_noticia\"><strong class=\"sw_lato_black\">Fonte: <\/strong>Assessoria de Comunica\u00e7\u00e3o \/ PMCR,<strong class=\"sw_lato_black\">\u00a0<\/strong>Silvestre de Castro<\/div>\n<\/div>\n<\/div>\n","protected":false},"excerpt":{"rendered":"<p>Chegou a hora de conhecer a programa\u00e7\u00e3o para \u2018Um dia no Parque 2023\u2019! O evento promete ser repleto de aventuras e esportes no Parque Estadual das Nascentes do Rio Taquari. Uma das atra\u00e7\u00f5es mais esperadas \u00e9 o 2\u00ba Pedal Camping, que ter\u00e1 in\u00edcio no dia 22 de julho, com retorno no dia 23. Promovido pelo [&hellip;]<\/p>\n","protected":false},"author":5,"featured_media":244432,"comment_status":"closed","ping_status":"closed","sticky":false,"template":"","format":"standard","meta":{"footnotes":""},"categories":[25,41],"tags":[],"class_list":["post-244431","post","type-post","status-publish","format-standard","has-post-thumbnail","hentry","category-costa-rica","category-destaque"],"_links":{"self":[{"href":"https:\/\/www.ocorreionews.com.br\/acervo-correio\/index.php?rest_route=\/wp\/v2\/posts\/244431","targetHints":{"allow":["GET"]}}],"collection":[{"href":"https:\/\/www.ocorreionews.com.br\/acervo-correio\/index.php?rest_route=\/wp\/v2\/posts"}],"about":[{"href":"https:\/\/www.ocorreionews.com.br\/acervo-correio\/index.php?rest_route=\/wp\/v2\/types\/post"}],"author":[{"embeddable":true,"href":"https:\/\/www.ocorreionews.com.br\/acervo-correio\/index.php?rest_route=\/wp\/v2\/users\/5"}],"replies":[{"embeddable":true,"href":"https:\/\/www.ocorreionews.com.br\/acervo-correio\/index.php?rest_route=%2Fwp%2Fv2%2Fcomments&post=244431"}],"version-history":[{"count":2,"href":"https:\/\/www.ocorreionews.com.br\/acervo-correio\/index.php?rest_route=\/wp\/v2\/posts\/244431\/revisions"}],"predecessor-version":[{"id":244435,"href":"https:\/\/www.ocorreionews.com.br\/acervo-correio\/index.php?rest_route=\/wp\/v2\/posts\/244431\/revisions\/244435"}],"wp:featuredmedia":[{"embeddable":true,"href":"https:\/\/www.ocorreionews.com.br\/acervo-correio\/index.php?rest_route=\/wp\/v2\/media\/244432"}],"wp:attachment":[{"href":"https:\/\/www.ocorreionews.com.br\/acervo-correio\/index.php?rest_route=%2Fwp%2Fv2%2Fmedia&parent=244431"}],"wp:term":[{"taxonomy":"category","embeddable":true,"href":"https:\/\/www.ocorreionews.com.br\/acervo-correio\/index.php?rest_route=%2Fwp%2Fv2%2Fcategories&post=244431"},{"taxonomy":"post_tag","embeddable":true,"href":"https:\/\/www.ocorreionews.com.br\/acervo-correio\/index.php?rest_route=%2Fwp%2Fv2%2Ftags&post=244431"}],"curies":[{"name":"wp","href":"https:\/\/api.w.org\/{rel}","templated":true}]}}