{"id":244436,"date":"2023-07-05T10:49:54","date_gmt":"2023-07-05T14:49:54","guid":{"rendered":"https:\/\/www.ocorreionews.com.br\/acervo-correio\/?p=244436"},"modified":"2023-07-05T14:00:22","modified_gmt":"2023-07-05T18:00:22","slug":"uma-feira-para-todos-acontece-no-dia-12-de-julho-no-mercado-do-produtor-rural","status":"publish","type":"post","link":"https:\/\/www.ocorreionews.com.br\/acervo-correio\/?p=244436","title":{"rendered":"\u201cUma Feira para Todos\u201d acontece no dia 12 de julho no Mercado do Produtor Rural"},"content":{"rendered":"<div class=\"ntc_cont_descricao_noticia sw_txteditor\">Costa Rica, se prepara para mais uma edi\u00e7\u00e3o do evento \u201cUma Feira para Todos\u201d. A quinta edi\u00e7\u00e3o, acontece no dia 12 de julho, quarta-feira, a partir das 18 horas na Feira do Produtor de Costa Rica. A edi\u00e7\u00e3o anterior n\u00e3o aconteceu devido as festividades do Padroeiro do munic\u00edpio, Santo Antonio.<\/p>\n<p>Segundo o prefeito de Costa Rica, delegado Cleverson Alves dos Santos, a iniciativa \u00e9 uma oportunidade para valorizar o com\u00e9rcio local de quem produz e estimular o empreendedorismo na cidade. \u201cA Feira para Todos \u00e9 um evento important\u00edssimo para o nosso munic\u00edpio, pois al\u00e9m de fomentar a economia local, tamb\u00e9m aproxima a popula\u00e7\u00e3o dos produtores e empreendedores da nossa cidade. \u00c9 um evento para toda a fam\u00edlia, com atra\u00e7\u00f5es para todas as idades\u201d, destacou.<\/p>\n<p>O evento \u00e9 realizado pelo Governo Municipal, atrav\u00e9s da SEMAD (Secretaria Municipal de Agricultura e Desenvolvimento), com o apoio das Secretarias Municipais de Assist\u00eancia Social, de Pol\u00edticas P\u00fablicas para Mulheres, AFECRI (Associa\u00e7\u00e3o dos Feirantes da Feira do Produtor de Costa Rica), Sala do Empreendedor e C\u00e2mara de Vereadores.<\/p>\n<p>O subsecret\u00e1rio de Desenvolvimento, Airton Ruiz Pereira, ressaltou que a Feira para Todos \u00e9 uma forma de incentivar os microempreendedores de Costa Rica. \u201cO evento \u00e9 uma oportunidade \u00fanica para aqueles que querem alavancar as vendas e divulgar seus produtos. A feira tamb\u00e9m \u00e9 uma forma de proporcionar lazer e entretenimento para a popula\u00e7\u00e3o, com m\u00fasica ao vivo, sorteio de pr\u00eamios e muitas outras atividades\u201d, disse.<\/p>\n<p>Al\u00e9m dos feirantes fixos no local, a Feira para Todos re\u00fane microempreendedores de Costa Rica interessados em comercializar seus produtos durante a a\u00e7\u00e3o. Haver\u00e1 sorteio de diversos brindes. A entrada \u00e9 franca e todos est\u00e3o convidados a participar desse grande evento que promete movimentar a cidade.\n<\/p><\/div>\n<div><img loading=\"lazy\" decoding=\"async\" class=\"alignnone size-full wp-image-244439\" src=\"https:\/\/www.ocorreionews.com.br\/acervo-correio\/wp-content\/uploads\/2023\/07\/02.png\" alt=\"\" width=\"800\" height=\"800\" srcset=\"https:\/\/www.ocorreionews.com.br\/acervo-correio\/wp-content\/uploads\/2023\/07\/02.png 800w, https:\/\/www.ocorreionews.com.br\/acervo-correio\/wp-content\/uploads\/2023\/07\/02-300x300.png 300w, https:\/\/www.ocorreionews.com.br\/acervo-correio\/wp-content\/uploads\/2023\/07\/02-150x150.png 150w, https:\/\/www.ocorreionews.com.br\/acervo-correio\/wp-content\/uploads\/2023\/07\/02-768x768.png 768w\" sizes=\"auto, (max-width: 800px) 100vw, 800px\" \/><\/div>\n<div class=\"ntc_area_info_noticia sw_lato\">\n<div>\n<div class=\"ntc_info_noticia\"><strong class=\"sw_lato_black\">Fonte: <\/strong>Assessoria de Comunica\u00e7\u00e3o \/ PMCR, <strong class=\"sw_lato_black\">\u00a0<\/strong>Silvestre de Castro<\/div>\n<\/div>\n<\/div>\n","protected":false},"excerpt":{"rendered":"<p>Costa Rica, se prepara para mais uma edi\u00e7\u00e3o do evento \u201cUma Feira para Todos\u201d. A quinta edi\u00e7\u00e3o, acontece no dia 12 de julho, quarta-feira, a partir das 18 horas na Feira do Produtor de Costa Rica. A edi\u00e7\u00e3o anterior n\u00e3o aconteceu devido as festividades do Padroeiro do munic\u00edpio, Santo Antonio. Segundo o prefeito de Costa [&hellip;]<\/p>\n","protected":false},"author":5,"featured_media":244439,"comment_status":"closed","ping_status":"closed","sticky":false,"template":"","format":"standard","meta":{"footnotes":""},"categories":[25],"tags":[],"class_list":["post-244436","post","type-post","status-publish","format-standard","has-post-thumbnail","hentry","category-costa-rica"],"_links":{"self":[{"href":"https:\/\/www.ocorreionews.com.br\/acervo-correio\/index.php?rest_route=\/wp\/v2\/posts\/244436","targetHints":{"allow":["GET"]}}],"collection":[{"href":"https:\/\/www.ocorreionews.com.br\/acervo-correio\/index.php?rest_route=\/wp\/v2\/posts"}],"about":[{"href":"https:\/\/www.ocorreionews.com.br\/acervo-correio\/index.php?rest_route=\/wp\/v2\/types\/post"}],"author":[{"embeddable":true,"href":"https:\/\/www.ocorreionews.com.br\/acervo-correio\/index.php?rest_route=\/wp\/v2\/users\/5"}],"replies":[{"embeddable":true,"href":"https:\/\/www.ocorreionews.com.br\/acervo-correio\/index.php?rest_route=%2Fwp%2Fv2%2Fcomments&post=244436"}],"version-history":[{"count":1,"href":"https:\/\/www.ocorreionews.com.br\/acervo-correio\/index.php?rest_route=\/wp\/v2\/posts\/244436\/revisions"}],"predecessor-version":[{"id":244440,"href":"https:\/\/www.ocorreionews.com.br\/acervo-correio\/index.php?rest_route=\/wp\/v2\/posts\/244436\/revisions\/244440"}],"wp:featuredmedia":[{"embeddable":true,"href":"https:\/\/www.ocorreionews.com.br\/acervo-correio\/index.php?rest_route=\/wp\/v2\/media\/244439"}],"wp:attachment":[{"href":"https:\/\/www.ocorreionews.com.br\/acervo-correio\/index.php?rest_route=%2Fwp%2Fv2%2Fmedia&parent=244436"}],"wp:term":[{"taxonomy":"category","embeddable":true,"href":"https:\/\/www.ocorreionews.com.br\/acervo-correio\/index.php?rest_route=%2Fwp%2Fv2%2Fcategories&post=244436"},{"taxonomy":"post_tag","embeddable":true,"href":"https:\/\/www.ocorreionews.com.br\/acervo-correio\/index.php?rest_route=%2Fwp%2Fv2%2Ftags&post=244436"}],"curies":[{"name":"wp","href":"https:\/\/api.w.org\/{rel}","templated":true}]}}