{"id":244441,"date":"2023-07-05T14:44:39","date_gmt":"2023-07-05T18:44:39","guid":{"rendered":"https:\/\/www.ocorreionews.com.br\/acervo-correio\/?p=244441"},"modified":"2023-07-05T14:44:39","modified_gmt":"2023-07-05T18:44:39","slug":"bebe-de-1-ano-morre-por-leishmaniose-em-ms","status":"publish","type":"post","link":"https:\/\/www.ocorreionews.com.br\/acervo-correio\/?p=244441","title":{"rendered":"Beb\u00ea de 1 ano morre por leishmaniose em MS"},"content":{"rendered":"<p>A SMS (Secretaria Municipal de Sa\u00fade) de Corumb\u00e1, munic\u00edpio distante 428 quil\u00f4metros de Campo Grande, registrou primeiro \u00f3bito provocado por leishmaniose visceral em 2023. A v\u00edtima foi uma beb\u00ea de 1 ano e 9 meses, moradora do Bairro Guat\u00f3s.<\/p>\n<p>Segundo divulgado pela pasta, a crian\u00e7a deu entrada na Santa Casa de Corumb\u00e1 em 1\u00ba de julho com febre, palidez, \u00eamese e plaquetas baixas. Os sintomas persistiam h\u00e1 aproximadamente 10 dias.<\/p>\n<p>Segundo dados da SES (Secretaria Estadual de Sa\u00fade), foram 19 mortes pela doen\u00e7a em 2022. No ano anterior, foram oito e, em 2020, cinco. O ano de 2013 foi o que mais registrou \u00f3bitos (21) da s\u00e9rie hist\u00f3rica apresentada pela pasta, com base em dados do Minist\u00e9rio da Sa\u00fade.<\/p>\n<p>A morte foi registrada em 2 de julho e, no dia seguinte, o Lacen (Laborat\u00f3rio Central de Sa\u00fade P\u00fablica) atestou que o \u00f3bito foi provocado pelo protozo\u00e1rio Leishmania chagasi, transmitido por meio da picada do inseto flebotom\u00edneo (Lutzomyia longipalpis), popularmente conhecido por mosquito-palha, que pode atingir pessoas e animais, principalmente os c\u00e3es.<\/p>\n<p>Segundo a secretaria, s\u00e3o 37 notifica\u00e7\u00f5es da doen\u00e7a neste ano, mas 33 deram negativo, 3 positivos e 1 segue em an\u00e1lise.<\/p>\n<p>O CIEVS (Centro de Informa\u00e7\u00e3o Estrat\u00e9gica de Vigil\u00e2ncia em Sa\u00fade), que integra a Ger\u00eancia de Vigil\u00e2ncia em Sa\u00fade, refor\u00e7a a import\u00e2ncia do diagn\u00f3stico precoce da doen\u00e7a, que tem tratamento e cura na maioria dos casos.<\/p>\n<p>A Secretaria de Sa\u00fade corumbaense afirma que tem realizado a\u00e7\u00f5es para sensibilizar a popula\u00e7\u00e3o sobre a transmiss\u00e3o da doen\u00e7a, o manejo ambiental para controle do vetor e a guarda respons\u00e1vel dos animais de estima\u00e7\u00e3o. O CCZ (Centro de Controle de Zoonoses) da cidade disponibiliza testes r\u00e1pidos para animais que estejam com suspeita da doen\u00e7a, sendo necess\u00e1rio apenas levar o animal ao local.<\/p>\n<p><strong>A doen\u00e7a &#8211;<\/strong> A leishmaniose visceral \u00e9 uma doen\u00e7a grave que afeta animais e pessoas e \u00e9 transmitida pelo mosquito-palha. Em humanos caracteriza-se como uma doen\u00e7a cr\u00f4nica, sist\u00eamica, com febre de longa dura\u00e7\u00e3o, perda de peso, fraqueza e perda de energia, anemia, aumento de ba\u00e7o e f\u00edgado. Quando n\u00e3o tratada, pode evoluir para \u00f3bito em mais de 90% dos casos.<\/p>\n<p>No c\u00e3o, principal reservat\u00f3rio e fonte de infec\u00e7\u00e3o no meio urbano, a doen\u00e7a caracteriza-se por febre irregular, apatia, emagrecimento progressivo, descama\u00e7\u00e3o e \u00falceras na pele, especialmente no focinho e nas orelhas, al\u00e9m de conjuntivite, paralisia das patas traseiras, fezes sanguinolentas e crescimento exagerado das unhas.<\/p>\n<p>Em geral, de acordo com a SES, os casos costumam ser mais frequentes em homens (60%), sobretudo na faixa et\u00e1ria entre 20 a 49 anos (46%). Febre e fraqueza (67%) s\u00e3o os sintomas mais comuns.<\/p>\n<p>&nbsp;<\/p>\n<p>Por Guilherme Correia &#8211; CAMPO GRANDE NEWS<\/p>\n","protected":false},"excerpt":{"rendered":"<p>A SMS (Secretaria Municipal de Sa\u00fade) de Corumb\u00e1, munic\u00edpio distante 428 quil\u00f4metros de Campo Grande, registrou primeiro \u00f3bito provocado por leishmaniose visceral em 2023. A v\u00edtima foi uma beb\u00ea de 1 ano e 9 meses, moradora do Bairro Guat\u00f3s. Segundo divulgado pela pasta, a crian\u00e7a deu entrada na Santa Casa de Corumb\u00e1 em 1\u00ba de [&hellip;]<\/p>\n","protected":false},"author":5,"featured_media":189028,"comment_status":"closed","ping_status":"closed","sticky":false,"template":"","format":"standard","meta":{"footnotes":""},"categories":[39],"tags":[],"class_list":["post-244441","post","type-post","status-publish","format-standard","has-post-thumbnail","hentry","category-saude"],"_links":{"self":[{"href":"https:\/\/www.ocorreionews.com.br\/acervo-correio\/index.php?rest_route=\/wp\/v2\/posts\/244441","targetHints":{"allow":["GET"]}}],"collection":[{"href":"https:\/\/www.ocorreionews.com.br\/acervo-correio\/index.php?rest_route=\/wp\/v2\/posts"}],"about":[{"href":"https:\/\/www.ocorreionews.com.br\/acervo-correio\/index.php?rest_route=\/wp\/v2\/types\/post"}],"author":[{"embeddable":true,"href":"https:\/\/www.ocorreionews.com.br\/acervo-correio\/index.php?rest_route=\/wp\/v2\/users\/5"}],"replies":[{"embeddable":true,"href":"https:\/\/www.ocorreionews.com.br\/acervo-correio\/index.php?rest_route=%2Fwp%2Fv2%2Fcomments&post=244441"}],"version-history":[{"count":1,"href":"https:\/\/www.ocorreionews.com.br\/acervo-correio\/index.php?rest_route=\/wp\/v2\/posts\/244441\/revisions"}],"predecessor-version":[{"id":244442,"href":"https:\/\/www.ocorreionews.com.br\/acervo-correio\/index.php?rest_route=\/wp\/v2\/posts\/244441\/revisions\/244442"}],"wp:featuredmedia":[{"embeddable":true,"href":"https:\/\/www.ocorreionews.com.br\/acervo-correio\/index.php?rest_route=\/wp\/v2\/media\/189028"}],"wp:attachment":[{"href":"https:\/\/www.ocorreionews.com.br\/acervo-correio\/index.php?rest_route=%2Fwp%2Fv2%2Fmedia&parent=244441"}],"wp:term":[{"taxonomy":"category","embeddable":true,"href":"https:\/\/www.ocorreionews.com.br\/acervo-correio\/index.php?rest_route=%2Fwp%2Fv2%2Fcategories&post=244441"},{"taxonomy":"post_tag","embeddable":true,"href":"https:\/\/www.ocorreionews.com.br\/acervo-correio\/index.php?rest_route=%2Fwp%2Fv2%2Ftags&post=244441"}],"curies":[{"name":"wp","href":"https:\/\/api.w.org\/{rel}","templated":true}]}}