{"id":244443,"date":"2023-07-05T14:52:02","date_gmt":"2023-07-05T18:52:02","guid":{"rendered":"https:\/\/www.ocorreionews.com.br\/acervo-correio\/?p=244443"},"modified":"2023-07-05T14:52:02","modified_gmt":"2023-07-05T18:52:02","slug":"acidente-mata-5-pessoas-da-mesma-familia-apos-carro-capotar-e-cair-em-ribanceira-em-goias","status":"publish","type":"post","link":"https:\/\/www.ocorreionews.com.br\/acervo-correio\/?p=244443","title":{"rendered":"Acidente mata 5 pessoas da mesma fam\u00edlia ap\u00f3s carro capotar e cair em ribanceira em Goi\u00e1s"},"content":{"rendered":"<div id=\"chunk-13f5e\">\n<div class=\"mc-column content-text active-extra-styles \" data-block-type=\"unstyled\" data-block-weight=\"46\" data-block-id=\"3\">\n<p class=\"content-text__container \" data-track-category=\"Link no Texto\" data-track-links=\"\">Um acidente matou cinco pessoas da mesma fam\u00edlia e deixou o motorista ferido na BR-153, em <a class=\"\" href=\"https:\/\/g1.globo.com\/go\/goias\/cidade\/mara-rosa\/\">Mara Rosa<\/a>, na regi\u00e3o norte do estado. O carro em que as v\u00edtimas estavam saiu da pista e ficou totalmente destru\u00eddo. As informa\u00e7\u00f5es foram divulgadas pela Pol\u00edcia Rodovi\u00e1ria Federal (PRF).<\/p>\n<p data-track-category=\"Link no Texto\" data-track-links=\"\">\n<\/div>\n<\/div>\n<div class=\"wall protected-content\">\n<div id=\"chunk-cedvc\">\n<div class=\"mc-column content-text active-extra-styles\" data-block-type=\"raw\" data-block-weight=\"6\" data-block-id=\"4\">\n<figure style=\"width: 602px\" class=\"wp-caption aligncenter\"><img loading=\"lazy\" decoding=\"async\" class=\"i-amphtml-image-viewer-image\" src=\"https:\/\/s2-g1.glbimg.com\/gHehGUdVclcArX_Ha0GwSQmNFkM=\/1600x0\/smart\/filters:strip_icc()\/i.s3.glbimg.com\/v1\/AUTH_59edd422c0c84a879bd37670ae4f538a\/internal_photos\/bs\/2023\/a\/5\/PVd98LQO2UpfjstKhiMw\/acidente153-2.jpg\" alt=\"\" width=\"602\" height=\"377\" \/><figcaption class=\"wp-caption-text\">Carro em ribanceira ap\u00f3s acidente na BR-153 em Mara Rosa, Goi\u00e1s \u2014 Foto: Reprodu\u00e7\u00e3o\/Redes Sociais<\/figcaption><\/figure>\n<\/div>\n<\/div>\n<div id=\"chunk-906i2\">\n<div class=\"mc-column content-text active-extra-styles \" data-block-type=\"unstyled\" data-block-weight=\"64\" data-block-id=\"5\">\n<p class=\"content-text__container \" data-track-category=\"Link no Texto\" data-track-links=\"\">O acidente aconteceu por volta de 10h nesta quarta-feira (5), no km 138 da rodovia. Segundo a PRF, morreram no local do acidente tr\u00eas mulheres de 23, 24 e 60 anos e um rapaz de 23. O motorista, de 26 anos, e uma crian\u00e7a, de dois, ficaram gravemente feridos e foram levados a uma unidade hospitalar em Urua\u00e7u, mas a crian\u00e7a n\u00e3o resistiu.<\/p>\n<p data-track-category=\"Link no Texto\" data-track-links=\"\">\n<\/div>\n<\/div>\n<div id=\"chunk-ek21v\">\n<div class=\"mc-column content-text active-extra-styles \" data-block-type=\"unstyled\" data-block-weight=\"23\" data-block-id=\"7\">\n<p class=\"content-text__container \" data-track-category=\"Link no Texto\" data-track-links=\"\">Como o nome do motorista n\u00e3o foi divulgado, o g1 n\u00e3o obteve o estado de sa\u00fade dele at\u00e9 a \u00faltima atualiza\u00e7\u00e3o desta reportagem.<\/p>\n<p data-track-category=\"Link no Texto\" data-track-links=\"\">\n<\/div>\n<\/div>\n<div id=\"chunk-5u1sp\">\n<div class=\"mc-column content-text active-extra-styles \" data-block-type=\"unstyled\" data-block-weight=\"39\" data-block-id=\"8\">\n<p class=\"content-text__container \" data-track-category=\"Link no Texto\" data-track-links=\"\">Segundo a PRF, a fam\u00edlia saiu de Goi\u00e2nia e ia para Gurupi, no Tocantins. A pol\u00edcia disse que o motorista perdeu o controle de dire\u00e7\u00e3o, saiu da pista e capotou o carro, que desceu uma ribanceira e derrubando \u00e1rvores.<\/p>\n<p data-track-category=\"Link no Texto\" data-track-links=\"\">\n<\/div>\n<\/div>\n<div id=\"chunk-bvl8k\">\n<div class=\"mc-column content-text active-extra-styles \" data-block-type=\"unstyled\" data-block-weight=\"20\" data-block-id=\"13\">\n<p class=\"content-text__container \" data-track-category=\"Link no Texto\" data-track-links=\"\">A pol\u00edcia detalhou que todos ocupantes do carro, um Chevrolet SPIN de 7 lugares, usavam dispositivos de seguran\u00e7a.<\/p>\n<p data-track-category=\"Link no Texto\" data-track-links=\"\">\n<\/div>\n<\/div>\n<div id=\"chunk-6a8to\">\n<div class=\"mc-column content-text active-extra-styles \" data-block-type=\"unstyled\" data-block-weight=\"28\" data-block-id=\"14\">\n<p class=\"content-text__container \" data-track-category=\"Link no Texto\" data-track-links=\"\">Equipes da Ecovias do Araguaia, concession\u00e1ria da via, foram ao local e disseram que a pista n\u00e3o precisou ser interditada. Os nomes das v\u00edtimas n\u00e3o foram divulgados.<\/p>\n<\/div>\n<\/div>\n<\/div>\n<figure style=\"width: 598px\" class=\"wp-caption aligncenter\"><img loading=\"lazy\" decoding=\"async\" class=\"i-amphtml-image-viewer-image\" src=\"https:\/\/s2-g1.glbimg.com\/w_ecoFF99U-A-aHg58X-GP384TA=\/1600x0\/smart\/filters:strip_icc()\/i.s3.glbimg.com\/v1\/AUTH_59edd422c0c84a879bd37670ae4f538a\/internal_photos\/bs\/2023\/v\/V\/yUxdk6QGi5XlFTRislHA\/acidente153arvore.jpg\" alt=\"\" width=\"598\" height=\"375\" \/><figcaption class=\"wp-caption-text\">\u00c1rvore em que carro bateu em acidente na BR-153 em Mara Rosa, Goi\u00e1s \u2014 Foto: Reprodu\u00e7\u00e3o\/Redes Sociais<\/figcaption><\/figure>\n<figure style=\"width: 602px\" class=\"wp-caption aligncenter\"><img loading=\"lazy\" decoding=\"async\" class=\"i-amphtml-image-viewer-image\" src=\"https:\/\/s2-g1.glbimg.com\/3tKFP27vzfr3zMSE6UqfKFN9cZs=\/1600x0\/smart\/filters:strip_icc()\/i.s3.glbimg.com\/v1\/AUTH_59edd422c0c84a879bd37670ae4f538a\/internal_photos\/bs\/2023\/K\/J\/Yk3zJvSpCCNLgvBaj49Q\/acidente1531.jpg\" alt=\"\" width=\"602\" height=\"377\" \/><figcaption class=\"wp-caption-text\">Carro em ribanceira ap\u00f3s acidente na BR-153 em Mara Rosa, Goi\u00e1s \u2014 Foto: Reprodu\u00e7\u00e3o\/Redes Sociais<\/figcaption><\/figure>\n<p data-track-category=\"Link no Texto\" data-track-links=\"\">\n<p class=\"content-publication-data__from\" title=\"Michel Gomes, g1 Goi\u00e1s\">Por Michel Gomes, g1 Goi\u00e1s<\/p>\n","protected":false},"excerpt":{"rendered":"<p>Um acidente matou cinco pessoas da mesma fam\u00edlia e deixou o motorista ferido na BR-153, em Mara Rosa, na regi\u00e3o norte do estado. O carro em que as v\u00edtimas estavam saiu da pista e ficou totalmente destru\u00eddo. As informa\u00e7\u00f5es foram divulgadas pela Pol\u00edcia Rodovi\u00e1ria Federal (PRF). O acidente aconteceu por volta de 10h nesta quarta-feira [&hellip;]<\/p>\n","protected":false},"author":5,"featured_media":244445,"comment_status":"closed","ping_status":"closed","sticky":false,"template":"","format":"standard","meta":{"footnotes":""},"categories":[141],"tags":[],"class_list":["post-244443","post","type-post","status-publish","format-standard","has-post-thumbnail","hentry","category-goias"],"_links":{"self":[{"href":"https:\/\/www.ocorreionews.com.br\/acervo-correio\/index.php?rest_route=\/wp\/v2\/posts\/244443","targetHints":{"allow":["GET"]}}],"collection":[{"href":"https:\/\/www.ocorreionews.com.br\/acervo-correio\/index.php?rest_route=\/wp\/v2\/posts"}],"about":[{"href":"https:\/\/www.ocorreionews.com.br\/acervo-correio\/index.php?rest_route=\/wp\/v2\/types\/post"}],"author":[{"embeddable":true,"href":"https:\/\/www.ocorreionews.com.br\/acervo-correio\/index.php?rest_route=\/wp\/v2\/users\/5"}],"replies":[{"embeddable":true,"href":"https:\/\/www.ocorreionews.com.br\/acervo-correio\/index.php?rest_route=%2Fwp%2Fv2%2Fcomments&post=244443"}],"version-history":[{"count":1,"href":"https:\/\/www.ocorreionews.com.br\/acervo-correio\/index.php?rest_route=\/wp\/v2\/posts\/244443\/revisions"}],"predecessor-version":[{"id":244446,"href":"https:\/\/www.ocorreionews.com.br\/acervo-correio\/index.php?rest_route=\/wp\/v2\/posts\/244443\/revisions\/244446"}],"wp:featuredmedia":[{"embeddable":true,"href":"https:\/\/www.ocorreionews.com.br\/acervo-correio\/index.php?rest_route=\/wp\/v2\/media\/244445"}],"wp:attachment":[{"href":"https:\/\/www.ocorreionews.com.br\/acervo-correio\/index.php?rest_route=%2Fwp%2Fv2%2Fmedia&parent=244443"}],"wp:term":[{"taxonomy":"category","embeddable":true,"href":"https:\/\/www.ocorreionews.com.br\/acervo-correio\/index.php?rest_route=%2Fwp%2Fv2%2Fcategories&post=244443"},{"taxonomy":"post_tag","embeddable":true,"href":"https:\/\/www.ocorreionews.com.br\/acervo-correio\/index.php?rest_route=%2Fwp%2Fv2%2Ftags&post=244443"}],"curies":[{"name":"wp","href":"https:\/\/api.w.org\/{rel}","templated":true}]}}