{"id":244444,"date":"2023-07-05T14:55:49","date_gmt":"2023-07-05T18:55:49","guid":{"rendered":"https:\/\/www.ocorreionews.com.br\/acervo-correio\/?p=244444"},"modified":"2023-07-05T14:55:49","modified_gmt":"2023-07-05T18:55:49","slug":"homem-morre-e-oito-pessoas-ficam-feridas-em-acidente-em-mineiros","status":"publish","type":"post","link":"https:\/\/www.ocorreionews.com.br\/acervo-correio\/?p=244444","title":{"rendered":"Homem morre e oito pessoas ficam feridas em acidente em Mineiros"},"content":{"rendered":"<div id=\"chunk-8jls2\">\n<div class=\"mc-column content-text active-extra-styles \" data-block-type=\"unstyled\" data-block-weight=\"43\" data-block-id=\"3\">\n<p class=\"content-text__container \" data-track-category=\"Link no Texto\" data-track-links=\"\">Uma batida frontal entre uma caminhonete e um carro deixou uma pessoa morta e oito feridos, na zona rural de <a class=\"\" href=\"https:\/\/g1.globo.com\/go\/goias\/cidade\/mineiros\/\">Mineiros<\/a>, no sudoeste goiano. De acordo com o Corpo de Bombeiros, o acidente aconteceu na GO-341, no entroncamento da BR-364 com a BR-158.<\/p>\n<p data-track-category=\"Link no Texto\" data-track-links=\"\">\n<\/div>\n<\/div>\n<div class=\"wall protected-content\">\n<div id=\"chunk-7q5q3\">\n<div class=\"mc-column content-text active-extra-styles \" data-block-type=\"unstyled\" data-block-weight=\"19\" data-block-id=\"5\">\n<p class=\"content-text__container \" data-track-category=\"Link no Texto\" data-track-links=\"\">O acidente aconteceu na noite de ter\u00e7a-feira (4). Imagens mostram que a frente dos ve\u00edculos ficaram completamente destru\u00eddas.<\/p>\n<p data-track-category=\"Link no Texto\" data-track-links=\"\">\n<\/div>\n<\/div>\n<div id=\"chunk-cqut1\">\n<div class=\"mc-column content-text active-extra-styles \" data-block-type=\"unstyled\" data-block-weight=\"56\" data-block-id=\"6\">\n<p class=\"content-text__container \" data-track-category=\"Link no Texto\" data-track-links=\"\">Segundo os bombeiros, a caminhonete transportava seis pessoas, enquanto o carro tinha tr\u00eas ocupantes. O homem que morreu era o condutor do carro, um VW Fox. Os bombeiros explicaram que ele ficou preso \u00e0s ferragens do ve\u00edculo. J\u00e1 o motorista da caminhonete, de 48 anos, teve les\u00f5es no rosto e suspeita de fratura no t\u00f3rax.<\/p>\n<p data-track-category=\"Link no Texto\" data-track-links=\"\">\n<\/div>\n<\/div>\n<div id=\"chunk-f5odo\">\n<div class=\"content-ads content-ads--reveal\" data-block-type=\"ads\" data-block-id=\"7\">\n<div id=\"banner_materia2\" class=\"tag-manager-publicidade-container mc-has-reveal mc-has-ad-lazyload\" data-id=\"banner_materia2\"><\/div>\n<\/div>\n<\/div>\n<div id=\"chunk-90m2f\">\n<div class=\"mc-column content-text active-extra-styles \" data-block-type=\"unstyled\" data-block-weight=\"52\" data-block-id=\"8\">\n<p class=\"content-text__container \" data-track-category=\"Link no Texto\" data-track-links=\"\">De acordo com informa\u00e7\u00f5es da Pol\u00edcia Rodovi\u00e1ria Estadual (PRE), os feridos foram encaminhados \u00e0 Unidade de Pronto Atendimento (UPA) de Mineiros. Como o nome dos feridos n\u00e3o foi divulgado, o <strong>g1 <\/strong>n\u00e3o conseguiu checar o estado de sa\u00fade atualizado deles. No entanto, os bombeiros informaram que duas pessoas ficaram em estado grave.<\/p>\n<p data-track-category=\"Link no Texto\" data-track-links=\"\">\n<\/div>\n<\/div>\n<div id=\"chunk-dvl5v\">\n<div class=\"mc-column content-text active-extra-styles \" data-block-type=\"unstyled\" data-block-weight=\"59\" data-block-id=\"9\">\n<p class=\"content-text__container \" data-track-category=\"Link no Texto\" data-track-links=\"\">Ainda segundo o Corpo de Bombeiros, a rodovia precisou ser completamente interditada por mais de tr\u00eas horas, sendo necess\u00e1rio desvios para o fluxo de ve\u00edculos at\u00e9 a libera\u00e7\u00e3o total da via. Durante o resgate, funcion\u00e1rios da empresa respons\u00e1vel pelas obras de asfalto na regi\u00e3o auxiliaram no atendimento, iluminando a \u00e1rea e organizando cones para prote\u00e7\u00e3o dos usu\u00e1rios da via.<\/p>\n<p data-track-category=\"Link no Texto\" data-track-links=\"\">\n<p class=\"content-text__container \" data-track-category=\"Link no Texto\" data-track-links=\"\">Por Gabriela Mac\u00eado e Franceline Russo, g1 Goi\u00e1s e TV Anhanguera<\/p>\n<\/div>\n<\/div>\n<\/div>\n","protected":false},"excerpt":{"rendered":"<p>Uma batida frontal entre uma caminhonete e um carro deixou uma pessoa morta e oito feridos, na zona rural de Mineiros, no sudoeste goiano. De acordo com o Corpo de Bombeiros, o acidente aconteceu na GO-341, no entroncamento da BR-364 com a BR-158. O acidente aconteceu na noite de ter\u00e7a-feira (4). Imagens mostram que a [&hellip;]<\/p>\n","protected":false},"author":5,"featured_media":244448,"comment_status":"closed","ping_status":"closed","sticky":false,"template":"","format":"standard","meta":{"footnotes":""},"categories":[141,38],"tags":[],"class_list":["post-244444","post","type-post","status-publish","format-standard","has-post-thumbnail","hentry","category-goias","category-policia"],"_links":{"self":[{"href":"https:\/\/www.ocorreionews.com.br\/acervo-correio\/index.php?rest_route=\/wp\/v2\/posts\/244444","targetHints":{"allow":["GET"]}}],"collection":[{"href":"https:\/\/www.ocorreionews.com.br\/acervo-correio\/index.php?rest_route=\/wp\/v2\/posts"}],"about":[{"href":"https:\/\/www.ocorreionews.com.br\/acervo-correio\/index.php?rest_route=\/wp\/v2\/types\/post"}],"author":[{"embeddable":true,"href":"https:\/\/www.ocorreionews.com.br\/acervo-correio\/index.php?rest_route=\/wp\/v2\/users\/5"}],"replies":[{"embeddable":true,"href":"https:\/\/www.ocorreionews.com.br\/acervo-correio\/index.php?rest_route=%2Fwp%2Fv2%2Fcomments&post=244444"}],"version-history":[{"count":1,"href":"https:\/\/www.ocorreionews.com.br\/acervo-correio\/index.php?rest_route=\/wp\/v2\/posts\/244444\/revisions"}],"predecessor-version":[{"id":244449,"href":"https:\/\/www.ocorreionews.com.br\/acervo-correio\/index.php?rest_route=\/wp\/v2\/posts\/244444\/revisions\/244449"}],"wp:featuredmedia":[{"embeddable":true,"href":"https:\/\/www.ocorreionews.com.br\/acervo-correio\/index.php?rest_route=\/wp\/v2\/media\/244448"}],"wp:attachment":[{"href":"https:\/\/www.ocorreionews.com.br\/acervo-correio\/index.php?rest_route=%2Fwp%2Fv2%2Fmedia&parent=244444"}],"wp:term":[{"taxonomy":"category","embeddable":true,"href":"https:\/\/www.ocorreionews.com.br\/acervo-correio\/index.php?rest_route=%2Fwp%2Fv2%2Fcategories&post=244444"},{"taxonomy":"post_tag","embeddable":true,"href":"https:\/\/www.ocorreionews.com.br\/acervo-correio\/index.php?rest_route=%2Fwp%2Fv2%2Ftags&post=244444"}],"curies":[{"name":"wp","href":"https:\/\/api.w.org\/{rel}","templated":true}]}}