{"id":244452,"date":"2023-07-05T15:52:34","date_gmt":"2023-07-05T19:52:34","guid":{"rendered":"https:\/\/www.ocorreionews.com.br\/acervo-correio\/?p=244452"},"modified":"2023-07-05T15:53:57","modified_gmt":"2023-07-05T19:53:57","slug":"educacao-de-chapadao-do-sul-faz-adesao-ao-projeto-mpt-na-escola","status":"publish","type":"post","link":"https:\/\/www.ocorreionews.com.br\/acervo-correio\/?p=244452","title":{"rendered":"Educa\u00e7\u00e3o de Chapad\u00e3o do Sul faz ades\u00e3o ao Projeto MPT na Escola"},"content":{"rendered":"<p>A Prefeitura de Chapad\u00e3o do Sul atrav\u00e9s da Secretaria de Educa\u00e7\u00e3o e Cultura realizou a adese\u00e3o ao Projeto MPT na Escola. O projeto visa discutir quest\u00f5es importantes sobre\u00a0 o trabalho infantil e a profissionaliza\u00e7\u00e3o.<\/p>\n<p>As escolas de ensino fundamental receberam material pedag\u00f3gico para trabalhar o assunto, e se inscreveram para o Pr\u00eamio MPT na Escola-2023.<\/p>\n<p>Primeira etapa : escolha do melhor trabalho de cada grupo e categoria na escola;<\/p>\n<p>Segunda etapa : participa\u00e7\u00e3o do MP de Chapad\u00e3o do Sul &#8211; 2\u00b0 Promotoria de Justi\u00e7a de Chapad\u00e3o do Sul-\u00a0 \u00a0para elei\u00e7\u00e3o dos melhores trabalhos do munic\u00edpio.<\/p>\n<p>Terceira etapa: competi\u00e7\u00e3o a n\u00edvel estadual (MPT)<\/p>\n<p>Quarta etapa: competi\u00e7\u00e3o a n\u00edvel nacional.(MPT)<\/p>\n<p>A SEMEC deseja sucesso a cada um dos participantes que realizaram os trabalhos nas categorias de poema, conto, m\u00fasica e desenho.<\/p>\n<p>Al\u00e9m da participa\u00e7\u00e3o com os trabalhos, ressalta a import\u00e2ncia da discuss\u00e3o do assunto uma vez que possui car\u00e1ter social e que interfere nas oportunidades equitativas.<\/p>\n<p>&nbsp;<\/p>\n<p>*Assessoria<\/p>\n","protected":false},"excerpt":{"rendered":"<p>A Prefeitura de Chapad\u00e3o do Sul atrav\u00e9s da Secretaria de Educa\u00e7\u00e3o e Cultura realizou a adese\u00e3o ao Projeto MPT na Escola. O projeto visa discutir quest\u00f5es importantes sobre\u00a0 o trabalho infantil e a profissionaliza\u00e7\u00e3o. As escolas de ensino fundamental receberam material pedag\u00f3gico para trabalhar o assunto, e se inscreveram para o Pr\u00eamio MPT na Escola-2023. [&hellip;]<\/p>\n","protected":false},"author":5,"featured_media":244453,"comment_status":"closed","ping_status":"closed","sticky":false,"template":"","format":"standard","meta":{"footnotes":""},"categories":[23,41],"tags":[],"class_list":["post-244452","post","type-post","status-publish","format-standard","has-post-thumbnail","hentry","category-chapadao-do-sul","category-destaque"],"_links":{"self":[{"href":"https:\/\/www.ocorreionews.com.br\/acervo-correio\/index.php?rest_route=\/wp\/v2\/posts\/244452","targetHints":{"allow":["GET"]}}],"collection":[{"href":"https:\/\/www.ocorreionews.com.br\/acervo-correio\/index.php?rest_route=\/wp\/v2\/posts"}],"about":[{"href":"https:\/\/www.ocorreionews.com.br\/acervo-correio\/index.php?rest_route=\/wp\/v2\/types\/post"}],"author":[{"embeddable":true,"href":"https:\/\/www.ocorreionews.com.br\/acervo-correio\/index.php?rest_route=\/wp\/v2\/users\/5"}],"replies":[{"embeddable":true,"href":"https:\/\/www.ocorreionews.com.br\/acervo-correio\/index.php?rest_route=%2Fwp%2Fv2%2Fcomments&post=244452"}],"version-history":[{"count":1,"href":"https:\/\/www.ocorreionews.com.br\/acervo-correio\/index.php?rest_route=\/wp\/v2\/posts\/244452\/revisions"}],"predecessor-version":[{"id":244454,"href":"https:\/\/www.ocorreionews.com.br\/acervo-correio\/index.php?rest_route=\/wp\/v2\/posts\/244452\/revisions\/244454"}],"wp:featuredmedia":[{"embeddable":true,"href":"https:\/\/www.ocorreionews.com.br\/acervo-correio\/index.php?rest_route=\/wp\/v2\/media\/244453"}],"wp:attachment":[{"href":"https:\/\/www.ocorreionews.com.br\/acervo-correio\/index.php?rest_route=%2Fwp%2Fv2%2Fmedia&parent=244452"}],"wp:term":[{"taxonomy":"category","embeddable":true,"href":"https:\/\/www.ocorreionews.com.br\/acervo-correio\/index.php?rest_route=%2Fwp%2Fv2%2Fcategories&post=244452"},{"taxonomy":"post_tag","embeddable":true,"href":"https:\/\/www.ocorreionews.com.br\/acervo-correio\/index.php?rest_route=%2Fwp%2Fv2%2Ftags&post=244452"}],"curies":[{"name":"wp","href":"https:\/\/api.w.org\/{rel}","templated":true}]}}