{"id":244455,"date":"2023-07-05T08:52:44","date_gmt":"2023-07-05T12:52:44","guid":{"rendered":"https:\/\/www.ocorreionews.com.br\/acervo-correio\/?p=244455"},"modified":"2023-07-05T15:57:23","modified_gmt":"2023-07-05T19:57:23","slug":"prefeitura-de-chapadao-do-sul-realizou-curso-passos-para-o-primeiro-emprego","status":"publish","type":"post","link":"https:\/\/www.ocorreionews.com.br\/acervo-correio\/?p=244455","title":{"rendered":"Prefeitura de Chapad\u00e3o do Sul realizou curso &#8220;Passos para o Primeiro Emprego&#8221;"},"content":{"rendered":"<p>O primeiro emprego \u00e9 sempre um grande desafio para aqueles que desejam ingressar no mercado de trabalho. Pensando nisso, a Prefeitura Municipal de Chapad\u00e3o do Sul, por meio da Secretaria de Desenvolvimento Econ\u00f4mico e Meio Ambiente &#8211; SEDEMA, em parceria com o Sindicato Rural e o Servi\u00e7o Nacional de Aprendizagem Rural &#8211; SENAR, ofereceu o curso &#8220;Passos para o Primeiro Emprego&#8221;. Nos dias 28 e 29 de junho de 2023, o Sindicato Rural contou com dois dias de aprendizado e capacita\u00e7\u00e3o intensos para jovens em busca de oportunidades no mercado de trabalho.<\/p>\n<p>O curso proporcionou aos participantes uma experi\u00eancia completa e enriquecedora, abordando diversos temas essenciais para o sucesso profissional. Durante as aulas, os jovens tiveram a oportunidade de aprender sobre os desafios que podem impedir o progresso na carreira, a import\u00e2ncia da linguagem corporal e os passos fundamentais para alcan\u00e7ar o sucesso no mundo profissional. Al\u00e9m disso, as atividades pr\u00e1ticas e din\u00e2micas desempenharam um papel fundamental no aprendizado, proporcionando aos participantes uma viv\u00eancia real das habilidades necess\u00e1rias no ambiente de trabalho.<\/p>\n<p>Essa iniciativa conjunta entre a Prefeitura Municipal, o Sindicato Rural e o SENAR reafirma o compromisso dessas institui\u00e7\u00f5es com o desenvolvimento dos jovens de Chapad\u00e3o do Sul.<\/p>\n<p>Agradecemos a todos os participantes que se envolveram nessa jornada de aprendizado e crescimento. Voc\u00eas demonstraram entusiasmo e dedica\u00e7\u00e3o ao longo do curso, e temos certeza de que est\u00e3o prontos para enfrentar os desafios que surgir\u00e3o em suas trajet\u00f3rias profissionais.<\/p>\n<p>Esse curso faz parte do Plano Municipal de Qualifica\u00e7\u00e3o e Gest\u00e3o, que contempla mais de 80 cursos gratuitos para a popula\u00e7\u00e3o de Chapad\u00e3o do Sul. Os pilares dessa iniciativa incluem a capacita\u00e7\u00e3o de m\u00e3o de obra qualificada para atender \u00e0s demandas locais, a gera\u00e7\u00e3o de emprego e renda para fortalecer a economia local, a melhoria da qualidade de vida por meio da empregabilidade e o apoio aos pequenos neg\u00f3cios atrav\u00e9s da qualifica\u00e7\u00e3o dos microempreendedores.<\/p>\n<p>Por fim, refor\u00e7amos que o conhecimento adquirido durante o curso &#8220;Passos para o Primeiro Emprego&#8221; ser\u00e1 um diferencial na busca por oportunidades no mercado de trabalho. Colocar em pr\u00e1tica o aprendizado e manter-se atualizado s\u00e3o elementos essenciais para o sucesso profissional. Desejamos a todos os participantes muito sucesso em suas carreiras e que conquistem seus objetivos com determina\u00e7\u00e3o e perseveran\u00e7a.<\/p>\n<p>A pr\u00e9-inscri\u00e7\u00e3o para outros cursos oferecidos no \u00e2mbito do Plano Municipal de Qualifica\u00e7\u00e3o e Gest\u00e3o 2023 pode ser realizada atrav\u00e9s do link\u00a0<a href=\"https:\/\/linktr.ee\/sedema.online\" target=\"_blank\" rel=\"noopener\">https:\/\/linktr.ee\/sedema.online<\/a>. Para mais informa\u00e7\u00f5es sobre o curso e o programa, entre em contato pelo telefone (67) 3562-5672 ou pelo WhatsApp\u00a0<a href=\"https:\/\/wa.me\/5567996183431\" target=\"_blank\" rel=\"noopener\">https:\/\/wa.me\/5567996183431<\/a>. Continuaremos trabalhando juntos em prol do desenvolvimento e crescimento da nossa comunidade.<\/p>\n<p>Parab\u00e9ns a todos os participantes do curso &#8220;Passos para o Primeiro Emprego&#8221; e sucesso em suas jornadas profissionais!<\/p>\n<p><img loading=\"lazy\" decoding=\"async\" class=\"alignnone size-full wp-image-244456\" src=\"https:\/\/www.ocorreionews.com.br\/acervo-correio\/wp-content\/uploads\/2023\/07\/01-curso.jpg\" alt=\"\" width=\"800\" height=\"533\" srcset=\"https:\/\/www.ocorreionews.com.br\/acervo-correio\/wp-content\/uploads\/2023\/07\/01-curso.jpg 800w, https:\/\/www.ocorreionews.com.br\/acervo-correio\/wp-content\/uploads\/2023\/07\/01-curso-300x200.jpg 300w, https:\/\/www.ocorreionews.com.br\/acervo-correio\/wp-content\/uploads\/2023\/07\/01-curso-768x512.jpg 768w\" sizes=\"auto, (max-width: 800px) 100vw, 800px\" \/><\/p>\n<p>&nbsp;<\/p>\n<p>*Assessoria<\/p>\n","protected":false},"excerpt":{"rendered":"<p>O primeiro emprego \u00e9 sempre um grande desafio para aqueles que desejam ingressar no mercado de trabalho. Pensando nisso, a Prefeitura Municipal de Chapad\u00e3o do Sul, por meio da Secretaria de Desenvolvimento Econ\u00f4mico e Meio Ambiente &#8211; SEDEMA, em parceria com o Sindicato Rural e o Servi\u00e7o Nacional de Aprendizagem Rural &#8211; SENAR, ofereceu o [&hellip;]<\/p>\n","protected":false},"author":5,"featured_media":244456,"comment_status":"closed","ping_status":"closed","sticky":false,"template":"","format":"standard","meta":{"footnotes":""},"categories":[23],"tags":[],"class_list":["post-244455","post","type-post","status-publish","format-standard","has-post-thumbnail","hentry","category-chapadao-do-sul"],"_links":{"self":[{"href":"https:\/\/www.ocorreionews.com.br\/acervo-correio\/index.php?rest_route=\/wp\/v2\/posts\/244455","targetHints":{"allow":["GET"]}}],"collection":[{"href":"https:\/\/www.ocorreionews.com.br\/acervo-correio\/index.php?rest_route=\/wp\/v2\/posts"}],"about":[{"href":"https:\/\/www.ocorreionews.com.br\/acervo-correio\/index.php?rest_route=\/wp\/v2\/types\/post"}],"author":[{"embeddable":true,"href":"https:\/\/www.ocorreionews.com.br\/acervo-correio\/index.php?rest_route=\/wp\/v2\/users\/5"}],"replies":[{"embeddable":true,"href":"https:\/\/www.ocorreionews.com.br\/acervo-correio\/index.php?rest_route=%2Fwp%2Fv2%2Fcomments&post=244455"}],"version-history":[{"count":1,"href":"https:\/\/www.ocorreionews.com.br\/acervo-correio\/index.php?rest_route=\/wp\/v2\/posts\/244455\/revisions"}],"predecessor-version":[{"id":244461,"href":"https:\/\/www.ocorreionews.com.br\/acervo-correio\/index.php?rest_route=\/wp\/v2\/posts\/244455\/revisions\/244461"}],"wp:featuredmedia":[{"embeddable":true,"href":"https:\/\/www.ocorreionews.com.br\/acervo-correio\/index.php?rest_route=\/wp\/v2\/media\/244456"}],"wp:attachment":[{"href":"https:\/\/www.ocorreionews.com.br\/acervo-correio\/index.php?rest_route=%2Fwp%2Fv2%2Fmedia&parent=244455"}],"wp:term":[{"taxonomy":"category","embeddable":true,"href":"https:\/\/www.ocorreionews.com.br\/acervo-correio\/index.php?rest_route=%2Fwp%2Fv2%2Fcategories&post=244455"},{"taxonomy":"post_tag","embeddable":true,"href":"https:\/\/www.ocorreionews.com.br\/acervo-correio\/index.php?rest_route=%2Fwp%2Fv2%2Ftags&post=244455"}],"curies":[{"name":"wp","href":"https:\/\/api.w.org\/{rel}","templated":true}]}}