{"id":244460,"date":"2023-07-05T08:56:48","date_gmt":"2023-07-05T12:56:48","guid":{"rendered":"https:\/\/www.ocorreionews.com.br\/acervo-correio\/?p=244460"},"modified":"2023-07-05T15:59:25","modified_gmt":"2023-07-05T19:59:25","slug":"realizado-o-curso-de-tecnicas-de-confeitaria-em-chapadao-do-sul","status":"publish","type":"post","link":"https:\/\/www.ocorreionews.com.br\/acervo-correio\/?p=244460","title":{"rendered":"Realizado o Curso de T\u00e9cnicas de Confeitaria em Chapad\u00e3o do Sul"},"content":{"rendered":"<p style=\"font-weight: 400;\">A Prefeitura Municipal de Chapad\u00e3o do Sul, por meio da SEDEMA (Secretaria de Desenvolvimento Econ\u00f4mico e Meio Ambiente), em parceria com o SENAC, a ACE (Associa\u00e7\u00e3o Comercial Empresarial) e a Secretaria de Assist\u00eancia Social, concluiu mais um curso de Qualifica\u00e7\u00e3o: T\u00e9cnicas de Confeitaria. Destinado a profissionais da \u00e1rea de produ\u00e7\u00e3o culin\u00e1ria, que atuam ou t\u00eam interesse em atuar na confeitaria, esse curso contou com a participa\u00e7\u00e3o de entusiastas da culin\u00e1ria confeitada.<\/p>\n<p style=\"font-weight: 400;\">A arte da confeitaria \u00e9 uma das mais variadas e amplas no mundo culin\u00e1rio, envolvendo diversos fatores fundamentais para obter sucesso na cria\u00e7\u00e3o e apresenta\u00e7\u00e3o de sobremesas incr\u00edveis. Com consumidores cada vez mais exigentes e uma concorr\u00eancia acirrada, dominar as t\u00e9cnicas de confeitaria \u00e9 essencial tanto para chefs experientes quanto para aspirantes a confeiteiros.<\/p>\n<p style=\"font-weight: 400;\">O objetivo deste curso foi aprimorar as t\u00e9cnicas de confeitaria, abrangendo desde a organiza\u00e7\u00e3o dos utens\u00edlios, equipamentos e ingredientes, at\u00e9 as diversas habilidades espec\u00edficas, como bolos, tortas, bombons, trufas, entre outros. Al\u00e9m disso, foram abordados temas como aditivos, tipos de corantes, glac\u00eas e as tend\u00eancias atuais de decora\u00e7\u00e3o de bolos.<\/p>\n<p style=\"font-weight: 400;\">Durante o curso, os participantes tamb\u00e9m aprenderam sobre as boas pr\u00e1ticas de manipula\u00e7\u00e3o nos servi\u00e7os de alimenta\u00e7\u00e3o, garantindo a higiene pessoal, ambiental, dos equipamentos, m\u00f3veis, utens\u00edlios de trabalho e insumos. Atrav\u00e9s desses conhecimentos, os participantes poder\u00e3o se destacar no mercado de trabalho, oferecendo produtos de qualidade e sabor incompar\u00e1veis aos seus clientes.<\/p>\n<p style=\"font-weight: 400;\">O curso foi realizado do dia 12 ao dia 30 de junho, no per\u00edodo noturno, das 18h00 \u00e0s 22h00, no Centro Conviver. O curso foi certificado pelo SENAC e possui carga hor\u00e1ria de 60 horas. O Executivo\u00a0Municipal mant\u00e9m o compromisso com o Plano Municipal de Qualifica\u00e7\u00e3o e Gest\u00e3o, que visa qualificar a m\u00e3o de obra local, impulsionar os pequenos neg\u00f3cios e promover o desenvolvimento do nosso munic\u00edpio.\u00a0Para fazer a pr\u00e9-inscri\u00e7\u00e3o para outros cursos de Qualifica\u00e7\u00e3o, acesse o link\u00a0<a href=\"https:\/\/linktr.ee\/sedema.online\">https:\/\/linktr.ee\/sedema.online<\/a>\u00a0 e confira os pr\u00f3ximos cursos.<\/p>\n<p style=\"font-weight: 400;\">Para obter mais informa\u00e7\u00f5es, \u00e9 poss\u00edvel entrar em contato com a SEDEMA pelo telefone (67) 3562-5672 ou pelo WhatsApp no n\u00famero\u00a0<a href=\"https:\/\/wa.me\/5567996183431\">https:\/\/wa.me\/5567996183431<\/a>. A SEDEMA est\u00e1 localizada na Avenida 11, n\u00b0 1045, no Pa\u00e7o Municipal &#8211; pr\u00e9dio da Prefeitura.<\/p>\n<p><img loading=\"lazy\" decoding=\"async\" class=\"alignnone size-full wp-image-244457\" src=\"https:\/\/www.ocorreionews.com.br\/acervo-correio\/wp-content\/uploads\/2023\/07\/02-curso.jpeg\" alt=\"\" width=\"800\" height=\"533\" srcset=\"https:\/\/www.ocorreionews.com.br\/acervo-correio\/wp-content\/uploads\/2023\/07\/02-curso.jpeg 800w, https:\/\/www.ocorreionews.com.br\/acervo-correio\/wp-content\/uploads\/2023\/07\/02-curso-300x200.jpeg 300w, https:\/\/www.ocorreionews.com.br\/acervo-correio\/wp-content\/uploads\/2023\/07\/02-curso-768x512.jpeg 768w\" sizes=\"auto, (max-width: 800px) 100vw, 800px\" \/><\/p>\n<p>&nbsp;<\/p>\n<p style=\"font-weight: 400;\">*Assecom PMCS<\/p>\n","protected":false},"excerpt":{"rendered":"<p>A Prefeitura Municipal de Chapad\u00e3o do Sul, por meio da SEDEMA (Secretaria de Desenvolvimento Econ\u00f4mico e Meio Ambiente), em parceria com o SENAC, a ACE (Associa\u00e7\u00e3o Comercial Empresarial) e a Secretaria de Assist\u00eancia Social, concluiu mais um curso de Qualifica\u00e7\u00e3o: T\u00e9cnicas de Confeitaria. Destinado a profissionais da \u00e1rea de produ\u00e7\u00e3o culin\u00e1ria, que atuam ou t\u00eam [&hellip;]<\/p>\n","protected":false},"author":5,"featured_media":244457,"comment_status":"closed","ping_status":"closed","sticky":false,"template":"","format":"standard","meta":{"footnotes":""},"categories":[23],"tags":[],"class_list":["post-244460","post","type-post","status-publish","format-standard","has-post-thumbnail","hentry","category-chapadao-do-sul"],"_links":{"self":[{"href":"https:\/\/www.ocorreionews.com.br\/acervo-correio\/index.php?rest_route=\/wp\/v2\/posts\/244460","targetHints":{"allow":["GET"]}}],"collection":[{"href":"https:\/\/www.ocorreionews.com.br\/acervo-correio\/index.php?rest_route=\/wp\/v2\/posts"}],"about":[{"href":"https:\/\/www.ocorreionews.com.br\/acervo-correio\/index.php?rest_route=\/wp\/v2\/types\/post"}],"author":[{"embeddable":true,"href":"https:\/\/www.ocorreionews.com.br\/acervo-correio\/index.php?rest_route=\/wp\/v2\/users\/5"}],"replies":[{"embeddable":true,"href":"https:\/\/www.ocorreionews.com.br\/acervo-correio\/index.php?rest_route=%2Fwp%2Fv2%2Fcomments&post=244460"}],"version-history":[{"count":1,"href":"https:\/\/www.ocorreionews.com.br\/acervo-correio\/index.php?rest_route=\/wp\/v2\/posts\/244460\/revisions"}],"predecessor-version":[{"id":244463,"href":"https:\/\/www.ocorreionews.com.br\/acervo-correio\/index.php?rest_route=\/wp\/v2\/posts\/244460\/revisions\/244463"}],"wp:featuredmedia":[{"embeddable":true,"href":"https:\/\/www.ocorreionews.com.br\/acervo-correio\/index.php?rest_route=\/wp\/v2\/media\/244457"}],"wp:attachment":[{"href":"https:\/\/www.ocorreionews.com.br\/acervo-correio\/index.php?rest_route=%2Fwp%2Fv2%2Fmedia&parent=244460"}],"wp:term":[{"taxonomy":"category","embeddable":true,"href":"https:\/\/www.ocorreionews.com.br\/acervo-correio\/index.php?rest_route=%2Fwp%2Fv2%2Fcategories&post=244460"},{"taxonomy":"post_tag","embeddable":true,"href":"https:\/\/www.ocorreionews.com.br\/acervo-correio\/index.php?rest_route=%2Fwp%2Fv2%2Ftags&post=244460"}],"curies":[{"name":"wp","href":"https:\/\/api.w.org\/{rel}","templated":true}]}}