{"id":244462,"date":"2023-07-05T08:57:50","date_gmt":"2023-07-05T12:57:50","guid":{"rendered":"https:\/\/www.ocorreionews.com.br\/acervo-correio\/?p=244462"},"modified":"2023-07-05T16:01:05","modified_gmt":"2023-07-05T20:01:05","slug":"encerrado-do-curso-gratuito-de-informatica-intermediaria-em-chapadao-do-sul","status":"publish","type":"post","link":"https:\/\/www.ocorreionews.com.br\/acervo-correio\/?p=244462","title":{"rendered":"Encerrado do Curso gratuito de Inform\u00e1tica Intermedi\u00e1ria em Chapad\u00e3o do Sul"},"content":{"rendered":"<p>Chegamos ao fim do Curso de Inform\u00e1tica Intermedi\u00e1ria, uma iniciativa promovida pela Prefeitura Municipal de Chapad\u00e3o do Sul em parceria com a SEDEMA (Secretaria de Desenvolvimento Econ\u00f4mico e Meio Ambiente), o Sindicato Rural e o SENAR (Servi\u00e7o Nacional de Aprendizagem Rural). Esse curso foi especialmente dedicado aos participantes que conclu\u00edram o Curso de Inform\u00e1tica B\u00e1sica oferecido pelo SENAR e buscavam aprimorar suas habilidades tecnol\u00f3gicas.<\/p>\n<p>Durante o curso, os participantes tiveram acesso a um conte\u00fado completo e enriquecedor. As aulas te\u00f3ricas e pr\u00e1ticas permitiram aprofundar o uso avan\u00e7ado das ferramentas do sistema operacional, aprimorar a pesquisa na internet e criar documentos complexos, planilhas din\u00e2micas e apresenta\u00e7\u00f5es profissionais. Al\u00e9m disso, foram abordados programas de edi\u00e7\u00e3o de texto, planilhas eletr\u00f4nicas e apresenta\u00e7\u00f5es de slides em n\u00edveis mais avan\u00e7ados.<\/p>\n<p>Com o conhecimento adquirido ao longo do curso, os participantes est\u00e3o agora preparados para enfrentar os desafios de um mundo cada vez mais tecnol\u00f3gico, onde habilidades avan\u00e7adas em inform\u00e1tica s\u00e3o fundamentais para se destacar profissionalmente. Essa capacita\u00e7\u00e3o lhes permitir\u00e1 utilizar recursos tecnol\u00f3gicos de forma mais eficiente no dia a dia e ampliar suas perspectivas no mercado de trabalho.<\/p>\n<p>A Prefeitura Municipal de Chapad\u00e3o do Sul, em conjunto com a SEDEMA, o Sindicato Rural e o SENAR, continua comprometida em oferecer oportunidades de capacita\u00e7\u00e3o e desenvolvimento para a popula\u00e7\u00e3o. Fiquem atentos \u00e0s pr\u00f3ximas iniciativas e n\u00e3o deixem de aproveitar as oportunidades \u00fanicas de aprendizado disponibilizadas.<\/p>\n<p>Parabenizamos a todos os participantes do Curso de Inform\u00e1tica Intermedi\u00e1ria pelo empenho e sucesso alcan\u00e7ados. Que as habilidades adquiridas impulsionem suas carreiras e que continuem buscando aprimorar seus conhecimentos na \u00e1rea.<\/p>\n<p>\u00c9 importante destacar que esse curso faz parte do Plano Municipal de Qualifica\u00e7\u00e3o e Gest\u00e3o, o qual oferece uma ampla variedade de mais de 80 cursos gratuitos dispon\u00edveis para a comunidade de Chapad\u00e3o do Sul. Essa iniciativa tem como principais fundamentos aprimorar a m\u00e3o de obra qualificada para suprir as demandas locais, impulsionar a cria\u00e7\u00e3o de empregos e renda para fortalecer a economia regional, elevar a qualidade de vida por meio de melhores oportunidades de emprego e apoiar os pequenos empreendimentos ao qualificar os microempreendedores.<\/p>\n<p>As pr\u00e9-inscri\u00e7\u00f5es para outros cursos oferecidos no \u00e2mbito do Plano Municipal de Qualifica\u00e7\u00e3o e Gest\u00e3o 2023 j\u00e1 est\u00e3o abertas e podem ser realizadas atrav\u00e9s do link\u00a0<a href=\"https:\/\/linktr.ee\/sedema\" target=\"_blank\" rel=\"noopener\">https:\/\/linktr.ee\/sedema<\/a>.online. Para mais informa\u00e7\u00f5es sobre os cursos, entrem em contato pelo telefone (67) 3562-5672 ou pelo WhatsApp\u00a0<a href=\"https:\/\/wa.me\/5567996183431\" target=\"_blank\" rel=\"noopener\">https:\/\/wa.me\/5567996183431<\/a>. Continuaremos trabalhando juntos em prol do desenvolvimento e crescimento de nosso munic\u00edpio.<\/p>\n<p><img loading=\"lazy\" decoding=\"async\" class=\"alignnone size-full wp-image-244459\" src=\"https:\/\/www.ocorreionews.com.br\/acervo-correio\/wp-content\/uploads\/2023\/07\/04-curso.jpg\" alt=\"\" width=\"800\" height=\"533\" srcset=\"https:\/\/www.ocorreionews.com.br\/acervo-correio\/wp-content\/uploads\/2023\/07\/04-curso.jpg 800w, https:\/\/www.ocorreionews.com.br\/acervo-correio\/wp-content\/uploads\/2023\/07\/04-curso-300x200.jpg 300w, https:\/\/www.ocorreionews.com.br\/acervo-correio\/wp-content\/uploads\/2023\/07\/04-curso-768x512.jpg 768w\" sizes=\"auto, (max-width: 800px) 100vw, 800px\" \/><\/p>\n<p>*Assecom PMCS<\/p>\n","protected":false},"excerpt":{"rendered":"<p>Chegamos ao fim do Curso de Inform\u00e1tica Intermedi\u00e1ria, uma iniciativa promovida pela Prefeitura Municipal de Chapad\u00e3o do Sul em parceria com a SEDEMA (Secretaria de Desenvolvimento Econ\u00f4mico e Meio Ambiente), o Sindicato Rural e o SENAR (Servi\u00e7o Nacional de Aprendizagem Rural). Esse curso foi especialmente dedicado aos participantes que conclu\u00edram o Curso de Inform\u00e1tica B\u00e1sica [&hellip;]<\/p>\n","protected":false},"author":5,"featured_media":244459,"comment_status":"closed","ping_status":"closed","sticky":false,"template":"","format":"standard","meta":{"footnotes":""},"categories":[23],"tags":[],"class_list":["post-244462","post","type-post","status-publish","format-standard","has-post-thumbnail","hentry","category-chapadao-do-sul"],"_links":{"self":[{"href":"https:\/\/www.ocorreionews.com.br\/acervo-correio\/index.php?rest_route=\/wp\/v2\/posts\/244462","targetHints":{"allow":["GET"]}}],"collection":[{"href":"https:\/\/www.ocorreionews.com.br\/acervo-correio\/index.php?rest_route=\/wp\/v2\/posts"}],"about":[{"href":"https:\/\/www.ocorreionews.com.br\/acervo-correio\/index.php?rest_route=\/wp\/v2\/types\/post"}],"author":[{"embeddable":true,"href":"https:\/\/www.ocorreionews.com.br\/acervo-correio\/index.php?rest_route=\/wp\/v2\/users\/5"}],"replies":[{"embeddable":true,"href":"https:\/\/www.ocorreionews.com.br\/acervo-correio\/index.php?rest_route=%2Fwp%2Fv2%2Fcomments&post=244462"}],"version-history":[{"count":1,"href":"https:\/\/www.ocorreionews.com.br\/acervo-correio\/index.php?rest_route=\/wp\/v2\/posts\/244462\/revisions"}],"predecessor-version":[{"id":244464,"href":"https:\/\/www.ocorreionews.com.br\/acervo-correio\/index.php?rest_route=\/wp\/v2\/posts\/244462\/revisions\/244464"}],"wp:featuredmedia":[{"embeddable":true,"href":"https:\/\/www.ocorreionews.com.br\/acervo-correio\/index.php?rest_route=\/wp\/v2\/media\/244459"}],"wp:attachment":[{"href":"https:\/\/www.ocorreionews.com.br\/acervo-correio\/index.php?rest_route=%2Fwp%2Fv2%2Fmedia&parent=244462"}],"wp:term":[{"taxonomy":"category","embeddable":true,"href":"https:\/\/www.ocorreionews.com.br\/acervo-correio\/index.php?rest_route=%2Fwp%2Fv2%2Fcategories&post=244462"},{"taxonomy":"post_tag","embeddable":true,"href":"https:\/\/www.ocorreionews.com.br\/acervo-correio\/index.php?rest_route=%2Fwp%2Fv2%2Ftags&post=244462"}],"curies":[{"name":"wp","href":"https:\/\/api.w.org\/{rel}","templated":true}]}}