{"id":244465,"date":"2023-07-05T16:02:52","date_gmt":"2023-07-05T20:02:52","guid":{"rendered":"https:\/\/www.ocorreionews.com.br\/acervo-correio\/?p=244465"},"modified":"2023-07-05T16:02:52","modified_gmt":"2023-07-05T20:02:52","slug":"aberta-as-inscricoes-para-o-curso-gratuito-de-mecanica-basica-de-veiculos-em-chapadao-do-sul","status":"publish","type":"post","link":"https:\/\/www.ocorreionews.com.br\/acervo-correio\/?p=244465","title":{"rendered":"Aberta as inscri\u00e7\u00f5es para o curso gratuito de Mec\u00e2nica B\u00e1sica de Ve\u00edculos em Chapad\u00e3o do Sul"},"content":{"rendered":"<p style=\"font-weight: 400;\">Sabe-se que a manuten\u00e7\u00e3o adequada de ve\u00edculos \u00e9 fundamental para garantir o seu bom funcionamento e prolongar sua vida \u00fatil. Al\u00e9m disso, a \u00e1rea de manuten\u00e7\u00e3o de ve\u00edculos est\u00e1 crescendo rapidamente em nosso munic\u00edpio. Com isso em mente, a Prefeitura Municipal de Chapad\u00e3o do Sul, por meio da Secretaria de Desenvolvimento Econ\u00f4mico e Meio Ambiente &#8211; SEDEMA, em parceria com o SENAI e a ACE \u2013 Associa\u00e7\u00e3o Comercial Empresarial, tem a satisfa\u00e7\u00e3o de anunciar mais um curso de qualifica\u00e7\u00e3o:\u00a0<u>MEC\u00c2NICA B\u00c1SICA DE VE\u00cdCULOS LEVES<\/u>. O objetivo desse \u00e9 capacitar profissionais que atuam ou t\u00eam interesse em atuar na \u00e1rea de manuten\u00e7\u00e3o e reparo de autom\u00f3veis.<\/p>\n<p style=\"font-weight: 400;\">O curso de Mec\u00e2nica B\u00e1sica de Ve\u00edculos \u00e9 destinado a pessoas que desejam aprender t\u00e9cnicas e conhecimentos, abrangendo desde a organiza\u00e7\u00e3o das ferramentas e equipamentos at\u00e9 os principais componentes e sistemas dos ve\u00edculos, incluindo el\u00e9trica, motor, suspens\u00e3o e freios.<\/p>\n<p style=\"font-weight: 400;\">Com carga hor\u00e1ria total de 80 horas, o curso abordar\u00e1 temas como fundamentos da eletricidade automotiva, fundamentos da mec\u00e2nica automotiva, metrologia, materiais, desenho t\u00e9cnico, aspectos de seguran\u00e7a no manuseio de ve\u00edculos, entre outros. Os participantes aprender\u00e3o boas pr\u00e1ticas de seguran\u00e7a e preserva\u00e7\u00e3o do meio ambiente durante os servi\u00e7os de manuten\u00e7\u00e3o automotiva, visando garantir a qualidade do trabalho realizado.<\/p>\n<p style=\"font-weight: 400;\">As aulas ser\u00e3o realizadas a partir do dia 31\/07 a 01\/09, no per\u00edodo noturno, das 18h45 \u00e0s 22h00, no Container do SENAI, localizado na Av. Goi\u00e1s, ao lado da Escola Cec\u00edlia Meirelles. As vagas s\u00e3o limitadas e \u00e9 necess\u00e1rio ter 16 anos ou mais e ter conclu\u00eddo o ensino fundamental para se inscrever. O curso \u00e9 certificado pelo SENAI, oferecendo aos participantes a oportunidade de se destacarem no mercado de trabalho e fornecerem servi\u00e7os de qualidade aos seus clientes.<\/p>\n<p style=\"font-weight: 400;\">N\u00e3o perca a oportunidade de se qualificar na \u00e1rea de manuten\u00e7\u00e3o de ve\u00edculos e destacar-se profissionalmente! Fa\u00e7a sua pr\u00e9-inscri\u00e7\u00e3o acessando o link https:\/\/linktr.ee\/sedema.online. Para obter mais informa\u00e7\u00f5es, entre em contato com a SEDEMA pelo telefone (67) 3562-5672 ou pelo WhatsApp https:\/\/wa.me\/5567996183431. A SEDEMA est\u00e1 localizada na Avenida Onze, n\u00b0 1045, no Pa\u00e7o Municipal &#8211; pr\u00e9dio da Prefeitura.<\/p>\n<p style=\"font-weight: 400;\">Este curso faz parte do abrangente Plano Municipal de Qualifica\u00e7\u00e3o e Gest\u00e3o, que tem como objetivo principal promover uma educa\u00e7\u00e3o inclusiva, justa e de qualidade superior. Atrav\u00e9s dessa iniciativa, o Executivo municipal busca facilitar a inser\u00e7\u00e3o das pessoas no mercado de trabalho, incentivar a cria\u00e7\u00e3o de oportunidades de emprego, o aumento da renda e o fortalecimento do empreendedorismo na regi\u00e3o. Ao longo do ano, mais de 80 cursos est\u00e3o sendo disponibilizados, capacitando a comunidade e contribuindo significativamente para o progresso econ\u00f4mico e social da cidade de Chapad\u00e3o do Sul.<\/p>\n<p style=\"font-weight: 400;\">Aproveite essa oportunidade para aprimorar seus conhecimentos em mec\u00e2nica b\u00e1sica de ve\u00edculos e adquirir habilidades que podem impulsionar sua carreira no setor automotivo!<\/p>\n<p><img loading=\"lazy\" decoding=\"async\" class=\"alignnone size-full wp-image-244458\" src=\"https:\/\/www.ocorreionews.com.br\/acervo-correio\/wp-content\/uploads\/2023\/07\/03-curso.jpeg\" alt=\"\" width=\"800\" height=\"533\" srcset=\"https:\/\/www.ocorreionews.com.br\/acervo-correio\/wp-content\/uploads\/2023\/07\/03-curso.jpeg 800w, https:\/\/www.ocorreionews.com.br\/acervo-correio\/wp-content\/uploads\/2023\/07\/03-curso-300x200.jpeg 300w, https:\/\/www.ocorreionews.com.br\/acervo-correio\/wp-content\/uploads\/2023\/07\/03-curso-768x512.jpeg 768w\" sizes=\"auto, (max-width: 800px) 100vw, 800px\" \/><\/p>\n<p>&nbsp;<\/p>\n<p>*Assecom PMCS<\/p>\n","protected":false},"excerpt":{"rendered":"<p>Sabe-se que a manuten\u00e7\u00e3o adequada de ve\u00edculos \u00e9 fundamental para garantir o seu bom funcionamento e prolongar sua vida \u00fatil. Al\u00e9m disso, a \u00e1rea de manuten\u00e7\u00e3o de ve\u00edculos est\u00e1 crescendo rapidamente em nosso munic\u00edpio. Com isso em mente, a Prefeitura Municipal de Chapad\u00e3o do Sul, por meio da Secretaria de Desenvolvimento Econ\u00f4mico e Meio Ambiente [&hellip;]<\/p>\n","protected":false},"author":5,"featured_media":244458,"comment_status":"closed","ping_status":"closed","sticky":false,"template":"","format":"standard","meta":{"footnotes":""},"categories":[23],"tags":[],"class_list":["post-244465","post","type-post","status-publish","format-standard","has-post-thumbnail","hentry","category-chapadao-do-sul"],"_links":{"self":[{"href":"https:\/\/www.ocorreionews.com.br\/acervo-correio\/index.php?rest_route=\/wp\/v2\/posts\/244465","targetHints":{"allow":["GET"]}}],"collection":[{"href":"https:\/\/www.ocorreionews.com.br\/acervo-correio\/index.php?rest_route=\/wp\/v2\/posts"}],"about":[{"href":"https:\/\/www.ocorreionews.com.br\/acervo-correio\/index.php?rest_route=\/wp\/v2\/types\/post"}],"author":[{"embeddable":true,"href":"https:\/\/www.ocorreionews.com.br\/acervo-correio\/index.php?rest_route=\/wp\/v2\/users\/5"}],"replies":[{"embeddable":true,"href":"https:\/\/www.ocorreionews.com.br\/acervo-correio\/index.php?rest_route=%2Fwp%2Fv2%2Fcomments&post=244465"}],"version-history":[{"count":2,"href":"https:\/\/www.ocorreionews.com.br\/acervo-correio\/index.php?rest_route=\/wp\/v2\/posts\/244465\/revisions"}],"predecessor-version":[{"id":244468,"href":"https:\/\/www.ocorreionews.com.br\/acervo-correio\/index.php?rest_route=\/wp\/v2\/posts\/244465\/revisions\/244468"}],"wp:featuredmedia":[{"embeddable":true,"href":"https:\/\/www.ocorreionews.com.br\/acervo-correio\/index.php?rest_route=\/wp\/v2\/media\/244458"}],"wp:attachment":[{"href":"https:\/\/www.ocorreionews.com.br\/acervo-correio\/index.php?rest_route=%2Fwp%2Fv2%2Fmedia&parent=244465"}],"wp:term":[{"taxonomy":"category","embeddable":true,"href":"https:\/\/www.ocorreionews.com.br\/acervo-correio\/index.php?rest_route=%2Fwp%2Fv2%2Fcategories&post=244465"},{"taxonomy":"post_tag","embeddable":true,"href":"https:\/\/www.ocorreionews.com.br\/acervo-correio\/index.php?rest_route=%2Fwp%2Fv2%2Ftags&post=244465"}],"curies":[{"name":"wp","href":"https:\/\/api.w.org\/{rel}","templated":true}]}}