{"id":24456,"date":"2016-04-04T18:04:09","date_gmt":"2016-04-04T22:04:09","guid":{"rendered":"https:\/\/ocorreionews.com.br\/?p=24456"},"modified":"2016-04-05T09:07:21","modified_gmt":"2016-04-05T13:07:21","slug":"menor-de-bicicleta-provoca-acidente-na-rua-23","status":"publish","type":"post","link":"https:\/\/www.ocorreionews.com.br\/acervo-correio\/?p=24456","title":{"rendered":"Tr\u00e2nsito ca\u00f3tico de Chapad\u00e3o do Sul  provoca acidente na rua 23"},"content":{"rendered":"<p>O tr\u00e2nsito ca\u00f3tico da Rua 23,\u00a0 no hor\u00e1rio de pico e o fato de apenas um viaduto estar dando condi\u00e7\u00f5es de deslocar Centro\/Bairro ou vice-versa, j\u00e1 come\u00e7ou a provocar acidente na Rua 23, que agora est\u00e1 com uma quadra em m\u00e3o dupla e fica praticamente imposs\u00edveis ciclistas trafegar no local e, para complicar ainda mais o tr\u00e2nsito, alguns motoristas estacionam na quadra e colocam um caos no local.<\/p>\n<figure id=\"attachment_24464\" aria-describedby=\"caption-attachment-24464\" style=\"width: 650px\" class=\"wp-caption alignnone\"><a href=\"https:\/\/ocorreionews.com.br\/wp-content\/uploads\/2016\/04\/DSC_7149.jpg\" rel=\"attachment wp-att-24464\"><img loading=\"lazy\" decoding=\"async\" class=\"wp-image-24464 size-full\" src=\"https:\/\/ocorreionews.com.br\/wp-content\/uploads\/2016\/04\/DSC_7149.jpg\" alt=\"\" width=\"650\" height=\"433\" srcset=\"https:\/\/www.ocorreionews.com.br\/acervo-correio\/wp-content\/uploads\/2016\/04\/DSC_7149.jpg 650w, https:\/\/www.ocorreionews.com.br\/acervo-correio\/wp-content\/uploads\/2016\/04\/DSC_7149-300x200.jpg 300w\" sizes=\"auto, (max-width: 650px) 100vw, 650px\" \/><\/a><figcaption id=\"caption-attachment-24464\" class=\"wp-caption-text\">Transito est\u00e1 complicado na quadra, que esta liberada em m\u00e3o dupla<\/figcaption><\/figure>\n<p>Nesta tarde, por volta das 17 horas, um caminh\u00e3o ba\u00fa, que estava estacionando na Rua 23, acima da Hidropar, pode ser a causa do acidente, que segundo testemunhas, um menor, que trafegava em sua bicicleta, no sentindo Parque Uni\u00e3o\/Centro, ao sair de tr\u00e1s do caminh\u00e3o, colidiu de frente com uma Eco Sport, que tinha como condutor, P.F.<\/p>\n<p>No choque, o menor foi arremessado contra o para-brisa do ve\u00edculo e sofreu escoria\u00e7\u00f5es pelo corpo. O para-brisa ficou destru\u00eddo com o impacto com corpo da v\u00edtima.<\/p>\n<p>O Corpo de Bombeiros, fez o atendimento a v\u00edtima, removeu ao Hospital Municipal para os atendimentos.<\/p>\n<p>Veja as fotos:<\/p>\n<div id='gallery-1' class='gallery galleryid-24456 gallery-columns-5 gallery-size-thumbnail'><figure class='gallery-item'>\n\t\t\t<div class='gallery-icon landscape'>\n\t\t\t\t<a href='https:\/\/www.ocorreionews.com.br\/acervo-correio\/wp-content\/uploads\/2016\/04\/DSC_7142.jpg'><img loading=\"lazy\" decoding=\"async\" width=\"150\" height=\"150\" src=\"https:\/\/www.ocorreionews.com.br\/acervo-correio\/wp-content\/uploads\/2016\/04\/DSC_7142-150x150.jpg\" class=\"attachment-thumbnail size-thumbnail\" alt=\"\" \/><\/a>\n\t\t\t<\/div><\/figure><figure class='gallery-item'>\n\t\t\t<div class='gallery-icon landscape'>\n\t\t\t\t<a href='https:\/\/www.ocorreionews.com.br\/acervo-correio\/wp-content\/uploads\/2016\/04\/DSC_7143.jpg'><img loading=\"lazy\" decoding=\"async\" width=\"150\" height=\"150\" src=\"https:\/\/www.ocorreionews.com.br\/acervo-correio\/wp-content\/uploads\/2016\/04\/DSC_7143-150x150.jpg\" class=\"attachment-thumbnail size-thumbnail\" alt=\"\" \/><\/a>\n\t\t\t<\/div><\/figure><figure class='gallery-item'>\n\t\t\t<div class='gallery-icon landscape'>\n\t\t\t\t<a href='https:\/\/www.ocorreionews.com.br\/acervo-correio\/wp-content\/uploads\/2016\/04\/DSC_7144.jpg'><img loading=\"lazy\" decoding=\"async\" width=\"150\" height=\"150\" src=\"https:\/\/www.ocorreionews.com.br\/acervo-correio\/wp-content\/uploads\/2016\/04\/DSC_7144-150x150.jpg\" class=\"attachment-thumbnail size-thumbnail\" alt=\"\" \/><\/a>\n\t\t\t<\/div><\/figure><figure class='gallery-item'>\n\t\t\t<div class='gallery-icon landscape'>\n\t\t\t\t<a href='https:\/\/www.ocorreionews.com.br\/acervo-correio\/wp-content\/uploads\/2016\/04\/DSC_7145.jpg'><img loading=\"lazy\" decoding=\"async\" width=\"150\" height=\"150\" src=\"https:\/\/www.ocorreionews.com.br\/acervo-correio\/wp-content\/uploads\/2016\/04\/DSC_7145-150x150.jpg\" class=\"attachment-thumbnail size-thumbnail\" alt=\"\" \/><\/a>\n\t\t\t<\/div><\/figure><figure class='gallery-item'>\n\t\t\t<div class='gallery-icon landscape'>\n\t\t\t\t<a href='https:\/\/www.ocorreionews.com.br\/acervo-correio\/wp-content\/uploads\/2016\/04\/DSC_7146.jpg'><img loading=\"lazy\" decoding=\"async\" width=\"150\" height=\"150\" src=\"https:\/\/www.ocorreionews.com.br\/acervo-correio\/wp-content\/uploads\/2016\/04\/DSC_7146-150x150.jpg\" class=\"attachment-thumbnail size-thumbnail\" alt=\"\" \/><\/a>\n\t\t\t<\/div><\/figure><figure class='gallery-item'>\n\t\t\t<div class='gallery-icon landscape'>\n\t\t\t\t<a href='https:\/\/www.ocorreionews.com.br\/acervo-correio\/wp-content\/uploads\/2016\/04\/DSC_7147.jpg'><img loading=\"lazy\" decoding=\"async\" width=\"150\" height=\"150\" src=\"https:\/\/www.ocorreionews.com.br\/acervo-correio\/wp-content\/uploads\/2016\/04\/DSC_7147-150x150.jpg\" class=\"attachment-thumbnail size-thumbnail\" alt=\"\" \/><\/a>\n\t\t\t<\/div><\/figure><figure class='gallery-item'>\n\t\t\t<div class='gallery-icon landscape'>\n\t\t\t\t<a href='https:\/\/www.ocorreionews.com.br\/acervo-correio\/wp-content\/uploads\/2016\/04\/DSC_7148.jpg'><img loading=\"lazy\" decoding=\"async\" width=\"150\" height=\"150\" src=\"https:\/\/www.ocorreionews.com.br\/acervo-correio\/wp-content\/uploads\/2016\/04\/DSC_7148-150x150.jpg\" class=\"attachment-thumbnail size-thumbnail\" alt=\"\" \/><\/a>\n\t\t\t<\/div><\/figure><figure class='gallery-item'>\n\t\t\t<div class='gallery-icon landscape'>\n\t\t\t\t<a href='https:\/\/www.ocorreionews.com.br\/acervo-correio\/wp-content\/uploads\/2016\/04\/DSC_7149.jpg'><img loading=\"lazy\" decoding=\"async\" width=\"150\" height=\"150\" src=\"https:\/\/www.ocorreionews.com.br\/acervo-correio\/wp-content\/uploads\/2016\/04\/DSC_7149-150x150.jpg\" class=\"attachment-thumbnail size-thumbnail\" alt=\"\" \/><\/a>\n\t\t\t<\/div><\/figure><figure class='gallery-item'>\n\t\t\t<div class='gallery-icon landscape'>\n\t\t\t\t<a href='https:\/\/www.ocorreionews.com.br\/acervo-correio\/wp-content\/uploads\/2016\/04\/DSC_7150.jpg'><img loading=\"lazy\" decoding=\"async\" width=\"150\" height=\"150\" src=\"https:\/\/www.ocorreionews.com.br\/acervo-correio\/wp-content\/uploads\/2016\/04\/DSC_7150-150x150.jpg\" class=\"attachment-thumbnail size-thumbnail\" alt=\"\" \/><\/a>\n\t\t\t<\/div><\/figure>\n\t\t<\/div>\n\n","protected":false},"excerpt":{"rendered":"<p>O tr\u00e2nsito ca\u00f3tico da Rua 23,\u00a0 no hor\u00e1rio de pico e o fato de apenas um viaduto estar dando condi\u00e7\u00f5es de deslocar Centro\/Bairro ou vice-versa, j\u00e1 come\u00e7ou a provocar acidente na Rua 23, que agora est\u00e1 com uma quadra em m\u00e3o dupla e fica praticamente imposs\u00edveis ciclistas trafegar no local e, para complicar ainda mais [&hellip;]<\/p>\n","protected":false},"author":4,"featured_media":24460,"comment_status":"closed","ping_status":"closed","sticky":false,"template":"","format":"standard","meta":{"footnotes":""},"categories":[38],"tags":[],"class_list":["post-24456","post","type-post","status-publish","format-standard","has-post-thumbnail","hentry","category-policia"],"_links":{"self":[{"href":"https:\/\/www.ocorreionews.com.br\/acervo-correio\/index.php?rest_route=\/wp\/v2\/posts\/24456","targetHints":{"allow":["GET"]}}],"collection":[{"href":"https:\/\/www.ocorreionews.com.br\/acervo-correio\/index.php?rest_route=\/wp\/v2\/posts"}],"about":[{"href":"https:\/\/www.ocorreionews.com.br\/acervo-correio\/index.php?rest_route=\/wp\/v2\/types\/post"}],"author":[{"embeddable":true,"href":"https:\/\/www.ocorreionews.com.br\/acervo-correio\/index.php?rest_route=\/wp\/v2\/users\/4"}],"replies":[{"embeddable":true,"href":"https:\/\/www.ocorreionews.com.br\/acervo-correio\/index.php?rest_route=%2Fwp%2Fv2%2Fcomments&post=24456"}],"version-history":[{"count":0,"href":"https:\/\/www.ocorreionews.com.br\/acervo-correio\/index.php?rest_route=\/wp\/v2\/posts\/24456\/revisions"}],"wp:featuredmedia":[{"embeddable":true,"href":"https:\/\/www.ocorreionews.com.br\/acervo-correio\/index.php?rest_route=\/wp\/v2\/media\/24460"}],"wp:attachment":[{"href":"https:\/\/www.ocorreionews.com.br\/acervo-correio\/index.php?rest_route=%2Fwp%2Fv2%2Fmedia&parent=24456"}],"wp:term":[{"taxonomy":"category","embeddable":true,"href":"https:\/\/www.ocorreionews.com.br\/acervo-correio\/index.php?rest_route=%2Fwp%2Fv2%2Fcategories&post=24456"},{"taxonomy":"post_tag","embeddable":true,"href":"https:\/\/www.ocorreionews.com.br\/acervo-correio\/index.php?rest_route=%2Fwp%2Fv2%2Ftags&post=24456"}],"curies":[{"name":"wp","href":"https:\/\/api.w.org\/{rel}","templated":true}]}}