{"id":244645,"date":"2023-07-07T10:31:15","date_gmt":"2023-07-07T14:31:15","guid":{"rendered":"https:\/\/www.ocorreionews.com.br\/acervo-correio\/?p=244645"},"modified":"2023-07-07T10:31:15","modified_gmt":"2023-07-07T14:31:15","slug":"sucesso-o-concerto-musical-audicao-suzuki-em-chapadao-do-sul","status":"publish","type":"post","link":"https:\/\/www.ocorreionews.com.br\/acervo-correio\/?p=244645","title":{"rendered":"Sucesso o Concerto Musical Audi\u00e7\u00e3o Suzuki em Chapad\u00e3o do Sul"},"content":{"rendered":"<p style=\"font-weight: 400;\">Na noite da \u00faltima quinta-feira, 06, A Prefeitura de Chapad\u00e3o do Sul atrav\u00e9s da Secretaria de Educa\u00e7\u00e3o e Cultura realizou a 1\u00aa edi\u00e7\u00e3o do concerto &#8220;AUDI\u00c7\u00c3O SUZUKI&#8221;, no qual foi apresentado por alunos do Projeto M\u00fasica e Arte.<\/p>\n<p style=\"font-weight: 400;\">O evento foi realizado no audit\u00f3rio Col\u00e9gio Maper com a coordena\u00e7\u00e3o dos Professores Evair Anjos e Marcos Andr\u00e9, contando com o apoio dos Professores Weber Silva e Professora Cinthia Silva.<\/p>\n<p style=\"font-weight: 400;\">O concerto teve o intuito de homenagear o m\u00fasico japon\u00eas Shinichi Suzuki, que foi o inventor do m\u00e9todo internacional Suzuki de educa\u00e7\u00e3o musical, para pessoas de todas as idades.<\/p>\n<p style=\"font-weight: 400;\">O prefeito Jo\u00e3o Carlos Krug que n\u00e3o pode estar presente no evento parabenizou a todos os professores e alunos pela dedica\u00e7\u00e3o e sucesso do evento, e ressaltou a import\u00e2ncia de fomentar a cultura para Chapad\u00e3o do Sul.<\/p>\n<p style=\"font-weight: 400;\">Estiveram presentes no evento o secret\u00e1rio de Educa\u00e7\u00e3o e Cultura, Guerino Perius e os vereadores Vanderson Cardoso e professora Almira.<\/p>\n<p style=\"font-weight: 400;\">O Departamento de Cultura agradece a todas as parcerias e parabeniza os esfor\u00e7os dos Professores e Alunos que se comprometeram a esse evento que foi realizado\u00a0com\u00a0sucesso.<\/p>\n<p style=\"font-weight: 400;\"><a href=\"http:\/\/www.chapadaodosul.ms.gov.br\/galeria\/recital-msica-e-arte-audio-suzuki-06-07-2023\/9279\">Clique aqui<\/a>\u00a0e confira a galeria de imagens.<\/p>\n<p>&nbsp;<\/p>\n<p>&nbsp;<\/p>\n<p>*Assecom PMCS<\/p>\n","protected":false},"excerpt":{"rendered":"<p>Na noite da \u00faltima quinta-feira, 06, A Prefeitura de Chapad\u00e3o do Sul atrav\u00e9s da Secretaria de Educa\u00e7\u00e3o e Cultura realizou a 1\u00aa edi\u00e7\u00e3o do concerto &#8220;AUDI\u00c7\u00c3O SUZUKI&#8221;, no qual foi apresentado por alunos do Projeto M\u00fasica e Arte. O evento foi realizado no audit\u00f3rio Col\u00e9gio Maper com a coordena\u00e7\u00e3o dos Professores Evair Anjos e Marcos [&hellip;]<\/p>\n","protected":false},"author":5,"featured_media":244647,"comment_status":"closed","ping_status":"closed","sticky":false,"template":"","format":"standard","meta":{"footnotes":""},"categories":[23],"tags":[],"class_list":["post-244645","post","type-post","status-publish","format-standard","has-post-thumbnail","hentry","category-chapadao-do-sul"],"_links":{"self":[{"href":"https:\/\/www.ocorreionews.com.br\/acervo-correio\/index.php?rest_route=\/wp\/v2\/posts\/244645","targetHints":{"allow":["GET"]}}],"collection":[{"href":"https:\/\/www.ocorreionews.com.br\/acervo-correio\/index.php?rest_route=\/wp\/v2\/posts"}],"about":[{"href":"https:\/\/www.ocorreionews.com.br\/acervo-correio\/index.php?rest_route=\/wp\/v2\/types\/post"}],"author":[{"embeddable":true,"href":"https:\/\/www.ocorreionews.com.br\/acervo-correio\/index.php?rest_route=\/wp\/v2\/users\/5"}],"replies":[{"embeddable":true,"href":"https:\/\/www.ocorreionews.com.br\/acervo-correio\/index.php?rest_route=%2Fwp%2Fv2%2Fcomments&post=244645"}],"version-history":[{"count":1,"href":"https:\/\/www.ocorreionews.com.br\/acervo-correio\/index.php?rest_route=\/wp\/v2\/posts\/244645\/revisions"}],"predecessor-version":[{"id":244649,"href":"https:\/\/www.ocorreionews.com.br\/acervo-correio\/index.php?rest_route=\/wp\/v2\/posts\/244645\/revisions\/244649"}],"wp:featuredmedia":[{"embeddable":true,"href":"https:\/\/www.ocorreionews.com.br\/acervo-correio\/index.php?rest_route=\/wp\/v2\/media\/244647"}],"wp:attachment":[{"href":"https:\/\/www.ocorreionews.com.br\/acervo-correio\/index.php?rest_route=%2Fwp%2Fv2%2Fmedia&parent=244645"}],"wp:term":[{"taxonomy":"category","embeddable":true,"href":"https:\/\/www.ocorreionews.com.br\/acervo-correio\/index.php?rest_route=%2Fwp%2Fv2%2Fcategories&post=244645"},{"taxonomy":"post_tag","embeddable":true,"href":"https:\/\/www.ocorreionews.com.br\/acervo-correio\/index.php?rest_route=%2Fwp%2Fv2%2Ftags&post=244645"}],"curies":[{"name":"wp","href":"https:\/\/api.w.org\/{rel}","templated":true}]}}