{"id":244658,"date":"2023-07-07T12:58:45","date_gmt":"2023-07-07T16:58:45","guid":{"rendered":"https:\/\/www.ocorreionews.com.br\/acervo-correio\/?p=244658"},"modified":"2023-07-07T12:58:45","modified_gmt":"2023-07-07T16:58:45","slug":"familia-que-morreu-em-acidente-na-br-153-estava-em-viagem-a-goias","status":"publish","type":"post","link":"https:\/\/www.ocorreionews.com.br\/acervo-correio\/?p=244658","title":{"rendered":"Fam\u00edlia que morreu em acidente na BR-153 estava em viagem a Goi\u00e1s"},"content":{"rendered":"<div id=\"chunk-13f5e\">\n<div class=\"mc-column content-text active-extra-styles \" data-block-type=\"unstyled\" data-block-weight=\"52\" data-block-id=\"3\">\n<p class=\"content-text__container \" data-track-category=\"Link no Texto\" data-track-links=\"\">Nas redes sociais, Ana Fl\u00e1via Santos Lima, de 30 anos, que<a class=\"\" href=\"https:\/\/www.ocorreionews.com.br\/acervo-correio\/acidente-mata-5-pessoas-da-mesma-familia-apos-carro-capotar-e-cair-em-ribanceira-em-goias\/\"> morreu em um acidente de carro na BR-153<\/a>, em Mara Rosa, na regi\u00e3o norte do estado, postou que estava em uma viagem de fam\u00edlia. Nas fotos, \u00e9 poss\u00edvel ver que Ana Fl\u00e1via compartilhou fotos em uma comemora\u00e7\u00e3o de \u201cbodas de ouro\u201d.<\/p>\n<\/div>\n<\/div>\n<div class=\"wall protected-content\">\n<div id=\"chunk-bk8ee\">\n<div class=\"mc-column content-text active-extra-styles\" data-block-type=\"raw\" data-block-weight=\"6\" data-block-id=\"4\">\n<p>&nbsp;<\/p>\n<p>&nbsp;<\/p>\n<\/div>\n<\/div>\n<div id=\"chunk-1hag3\">\n<div class=\"mc-column content-text active-extra-styles \" data-block-type=\"unstyled\" data-block-weight=\"40\" data-block-id=\"5\">\n<p class=\"content-text__container \" data-track-category=\"Link no Texto\" data-track-links=\"\">Al\u00e9m de Ana Fl\u00e1via, que estava gr\u00e1vida, outras quatro pessoas tamb\u00e9m morreram. Todos da mesma fam\u00edlia e moravam no Par\u00e1. O carro em que as v\u00edtimas estavam saiu da pista e ficou totalmente destru\u00eddo. <strong><em>Veja abaixo o perfil das v\u00edtimas:<\/em><\/strong><\/p>\n<\/div>\n<\/div>\n<div id=\"chunk-3ag6f\">\n<p class=\"content-text__container\">\n<div class=\"mc-column content-text active-extra-styles\" data-block-type=\"raw\" data-block-weight=\"2\" data-block-id=\"6\">\n<blockquote class=\"content-blockquote theme-border-color-primary-before\"><p>Os irm\u00e3os:<\/p><\/blockquote>\n<p>&nbsp;<\/p>\n<\/div>\n<\/div>\n<div id=\"chunk-ai5ed\">\n<div class=\"content-ads content-ads--reveal\" data-block-type=\"ads\" data-block-id=\"7\">\n<div><\/div>\n<\/div>\n<\/div>\n<div id=\"chunk-8fc6c\">\n<div class=\"mc-column content-text active-extra-styles\" data-block-type=\"raw\" data-block-weight=\"49\" data-block-id=\"8\">\n<p class=\"content-text__container\">\n<ul class=\"content-unordered-list\">\n<li><strong>Ana Fl\u00e1via Santos Lima:<\/strong> 30 anos, estudante de nutri\u00e7\u00e3o, gr\u00e1vida de 5 meses, m\u00e3e do pequeno Heitor (que morreu no hospital)<\/li>\n<li><strong>Lucas Santos Lima: <\/strong>28 anos, investidor, trabalhava com m\u00fasica e era empreendedor<\/li>\n<li><strong>Isabel Santos Lima Oliveira:<\/strong> 27 anos e, em uma rede social, descrevia que estudava educa\u00e7\u00e3o f\u00edsica<\/li>\n<\/ul>\n<p>&nbsp;<\/p>\n<\/div>\n<\/div>\n<div id=\"chunk-66qkc\">\n<p class=\"content-text__container\">\n<div class=\"mc-column content-text active-extra-styles\" data-block-type=\"raw\" data-block-weight=\"2\" data-block-id=\"9\">\n<blockquote class=\"content-blockquote theme-border-color-primary-before\"><p>O menino:<\/p><\/blockquote>\n<\/div>\n<p>&nbsp;<\/p>\n<\/div>\n<div id=\"chunk-87fl3\">\n<div class=\"mc-column content-text active-extra-styles\" data-block-type=\"raw\" data-block-weight=\"10\" data-block-id=\"10\">\n<p class=\"content-text__container\">\n<ul class=\"content-unordered-list\">\n<li>Heitor Vin\u00edcius Lima Pereira: 2 anos, filho de Ana Fl\u00e1via<\/li>\n<\/ul>\n<\/div>\n<p>&nbsp;<\/p>\n<\/div>\n<div id=\"chunk-feq7i\">\n<div class=\"mc-column content-text active-extra-styles\" data-block-type=\"raw\" data-block-weight=\"8\" data-block-id=\"11\">\n<p class=\"content-text__container\">\n<blockquote class=\"content-blockquote theme-border-color-primary-before\"><p>A av\u00f3 dos adultos e bisav\u00f3 do menino:<\/p><\/blockquote>\n<\/div>\n<p>&nbsp;<\/p>\n<\/div>\n<div id=\"chunk-elteh\">\n<div class=\"mc-column content-text active-extra-styles\" data-block-type=\"raw\" data-block-weight=\"14\" data-block-id=\"12\">\n<p class=\"content-text__container\">\n<ul class=\"content-unordered-list\">\n<li>Ana Maria do Carmo Soares Santos: 69 anos, av\u00f3 de Ana, Isabel e Lucas<\/li>\n<\/ul>\n<\/div>\n<p>&nbsp;<\/p>\n<\/div>\n<div id=\"chunk-65g61\">\n<div class=\"mc-column content-text active-extra-styles \" data-block-type=\"unstyled\" data-block-weight=\"25\" data-block-id=\"13\">\n<p class=\"content-text__container \" data-track-category=\"Link no Texto\" data-track-links=\"\">A Prefeitura de Tail\u00e2ndia, no Par\u00e1, decretou luto oficial de tr\u00eas dias por conta da morte da fam\u00edlia. O vel\u00f3rio deles aconteceu nesta quinta-feira (6).<\/p>\n<\/div>\n<\/div>\n<div id=\"chunk-6gh87\">\n<div class=\"content-ads content-ads--reveal\" data-block-type=\"ads\" data-block-id=\"17\">\n<div id=\"banner_materia__5220ee23-5ede-4436-8ac9-9b36e6269290\" class=\"tag-manager-publicidade-container mc-has-reveal mc-has-ad-lazyload tag-manager-publicidade-banner_materia__5220ee23-5ede-4436-8ac9-9b36e6269290 tag-manager-publicidade-container--carregado tag-manager-publicidade-container--visivel\" data-id=\"banner_materia__5220ee23-5ede-4436-8ac9-9b36e6269290\" data-google-query-id=\"CNe8pIKH_f8CFaFK3QIdtooK2w\">\n<div id=\"google_ads_iframe_\/95377733\/tvg_G1\/Sua_Regiao&gt;Centro_Oeste&gt;Goias_4__container__\"><\/div>\n<\/div>\n<\/div>\n<\/div>\n<div id=\"chunk-1c036\">\n<div class=\"mc-column content-text active-extra-styles\" data-block-type=\"raw\" data-block-weight=\"2\" data-block-id=\"18\">\n<p class=\"content-text__container\">\n<div class=\"content-intertitle\">\n<h2>A batida<\/h2>\n<\/div>\n<\/div>\n<p>&nbsp;<\/p>\n<\/div>\n<div id=\"chunk-d16qp\">\n<div class=\"mc-column content-text active-extra-styles \" data-block-type=\"unstyled\" data-block-weight=\"59\" data-block-id=\"19\">\n<p class=\"content-text__container \" data-track-category=\"Link no Texto\" data-track-links=\"\">O acidente aconteceu por volta de 10h na \u00faltima quarta-feira (5), no km 138 da rodovia. Segundo a PRF, morreram no local do acidente as tr\u00eas mulheres e um homem de 28. O motorista, de 26 anos, e o menino, de dois, ficaram gravemente feridos e foram levados a uma unidade hospitalar em Urua\u00e7u, mas a crian\u00e7a n\u00e3o resistiu.<\/p>\n<p data-track-category=\"Link no Texto\" data-track-links=\"\">\n<\/div>\n<\/div>\n<div id=\"chunk-cljgs\">\n<div class=\"mc-column content-text active-extra-styles \" data-block-type=\"unstyled\" data-block-weight=\"16\" data-block-id=\"20\">\n<p class=\"content-text__container \" data-track-category=\"Link no Texto\" data-track-links=\"\">O g1 n\u00e3o obteve o estado de sa\u00fade do motorista at\u00e9 a \u00faltima atualiza\u00e7\u00e3o desta reportagem.<\/p>\n<p data-track-category=\"Link no Texto\" data-track-links=\"\">\n<\/div>\n<\/div>\n<div id=\"chunk-bcmd1\">\n<div class=\"row medium-uncollapsed content-media content-photo\" data-block-type=\"backstage-photo\" data-block-id=\"21\">\n<div class=\" mc-column  content-media__container\">\n<div class=\"content-media-container glb-skeleton-box\">\n<figure class=\"content-media-figure\">\n<p><figure style=\"width: 647px\" class=\"wp-caption aligncenter\"><img loading=\"lazy\" decoding=\"async\" class=\"i-amphtml-fill-content i-amphtml-replaced-content\" src=\"https:\/\/s2-g1.glbimg.com\/jzScE1upyqI1Y8J7UehaifIkFWE=\/0x0:1700x1065\/984x0\/smart\/filters:strip_icc()\/i.s3.glbimg.com\/v1\/AUTH_59edd422c0c84a879bd37670ae4f538a\/internal_photos\/bs\/2023\/S\/o\/UMYupXTF6OGoHY186haQ\/montaagens.jpg\" sizes=\"auto, (max-width: 1366px) 648px, 100vw\" srcset=\"https:\/\/s2-g1.glbimg.com\/B3_f3hG5YIizDgZVvkgpWWqMo1E=\/0x0:1700x1065\/1000x0\/smart\/filters:strip_icc()\/i.s3.glbimg.com\/v1\/AUTH_59edd422c0c84a879bd37670ae4f538a\/internal_photos\/bs\/2023\/S\/o\/UMYupXTF6OGoHY186haQ\/montaagens.jpg 1000w, https:\/\/s2-g1.glbimg.com\/jzScE1upyqI1Y8J7UehaifIkFWE=\/0x0:1700x1065\/984x0\/smart\/filters:strip_icc()\/i.s3.glbimg.com\/v1\/AUTH_59edd422c0c84a879bd37670ae4f538a\/internal_photos\/bs\/2023\/S\/o\/UMYupXTF6OGoHY186haQ\/montaagens.jpg 984w, https:\/\/s2-g1.glbimg.com\/N8R4_fIvEmBV802K5zsxOofgacc=\/0x0:1700x1065\/640x0\/smart\/filters:strip_icc()\/i.s3.glbimg.com\/v1\/AUTH_59edd422c0c84a879bd37670ae4f538a\/internal_photos\/bs\/2023\/S\/o\/UMYupXTF6OGoHY186haQ\/montaagens.jpg 640w, https:\/\/s2-g1.glbimg.com\/LCR_v1Vz-wuPVKIiifn5lXBphMw=\/0x0:1700x1065\/600x0\/smart\/filters:strip_icc()\/i.s3.glbimg.com\/v1\/AUTH_59edd422c0c84a879bd37670ae4f538a\/internal_photos\/bs\/2023\/S\/o\/UMYupXTF6OGoHY186haQ\/montaagens.jpg 600w\" alt=\"Ana Fl\u00e1via Santos Lima, Lucas Santos Lima, Isabel Santos Lima Oliveira, Ana Maria do Carmo Soares Santos, Heitor Lima morreram em acidente na BR-153, em Goi\u00e1s \u2014 Foto: Reprodu\u00e7\u00e3o\/Redes Sociais\" width=\"647\" height=\"405\" \/><figcaption class=\"wp-caption-text\">Ana Fl\u00e1via Santos Lima, Lucas Santos Lima, Isabel Santos Lima Oliveira, Ana Maria do Carmo Soares Santos, Heitor Lima morreram em acidente na BR-153, em Goi\u00e1s \u2014 Foto: Reprodu\u00e7\u00e3o\/Redes Sociais<\/figcaption><\/figure><\/figure>\n<\/div>\n<p class=\"content-media__description  \">\n<p>&nbsp;<\/p>\n<\/div>\n<\/div>\n<\/div>\n<div id=\"chunk-bvl8k\">\n<div class=\"mc-column content-text active-extra-styles \" data-block-type=\"unstyled\" data-block-weight=\"20\" data-block-id=\"22\">\n<p class=\"content-text__container \" data-track-category=\"Link no Texto\" data-track-links=\"\">A pol\u00edcia detalhou que todos ocupantes do carro, um Chevrolet SPIN de 7 lugares, usavam dispositivos de seguran\u00e7a.<\/p>\n<p data-track-category=\"Link no Texto\" data-track-links=\"\">\n<\/div>\n<\/div>\n<div id=\"chunk-6a8to\">\n<div class=\"mc-column content-text active-extra-styles \" data-block-type=\"unstyled\" data-block-weight=\"28\" data-block-id=\"23\">\n<p class=\"content-text__container \" data-track-category=\"Link no Texto\" data-track-links=\"\">Equipes da Ecovias do Araguaia, concession\u00e1ria da via, foram ao local e disseram que a pista n\u00e3o precisou ser interditada. Os nomes das v\u00edtimas n\u00e3o foram divulgados.<\/p>\n<\/div>\n<\/div>\n<\/div>\n<p data-track-category=\"Link no Texto\" data-track-links=\"\">\n<figure style=\"width: 602px\" class=\"wp-caption aligncenter\"><img loading=\"lazy\" decoding=\"async\" class=\"i-amphtml-image-viewer-image\" src=\"https:\/\/s2-g1.glbimg.com\/gHehGUdVclcArX_Ha0GwSQmNFkM=\/1600x0\/smart\/filters:strip_icc()\/i.s3.glbimg.com\/v1\/AUTH_59edd422c0c84a879bd37670ae4f538a\/internal_photos\/bs\/2023\/a\/5\/PVd98LQO2UpfjstKhiMw\/acidente153-2.jpg\" alt=\"\" width=\"602\" height=\"377\" \/><figcaption class=\"wp-caption-text\">Carro em ribanceira ap\u00f3s acidente na BR-153 em Mara Rosa, Goi\u00e1s \u2014 Foto: Reprodu\u00e7\u00e3o\/Redes Sociais<\/figcaption><\/figure>\n<p title=\"Michel Gomes e Wilton Moraes, g1 Goi\u00e1s e TV Anhanguera\">\n<figure class=\"wp-caption aligncenter\">\n<p><figure style=\"width: 598px\" class=\"wp-caption aligncenter\"><img loading=\"lazy\" decoding=\"async\" class=\"i-amphtml-image-viewer-image\" src=\"https:\/\/s2-g1.glbimg.com\/w_ecoFF99U-A-aHg58X-GP384TA=\/1600x0\/smart\/filters:strip_icc()\/i.s3.glbimg.com\/v1\/AUTH_59edd422c0c84a879bd37670ae4f538a\/internal_photos\/bs\/2023\/v\/V\/yUxdk6QGi5XlFTRislHA\/acidente153arvore.jpg\" alt=\"\" width=\"598\" height=\"375\" \/><figcaption class=\"wp-caption-text\">\u00c1rvore em que carro bateu em acidente na BR-153 em Mara Rosa, Goi\u00e1s \u2014 Foto: Reprodu\u00e7\u00e3o\/Redes Sociais<\/figcaption><\/figure><figcaption class=\"wp-caption-text\"><\/figcaption><\/figure>\n<figure class=\"wp-caption aligncenter\">\n<p><figure style=\"width: 602px\" class=\"wp-caption aligncenter\"><img loading=\"lazy\" decoding=\"async\" class=\"i-amphtml-image-viewer-image\" src=\"https:\/\/s2-g1.glbimg.com\/3tKFP27vzfr3zMSE6UqfKFN9cZs=\/1600x0\/smart\/filters:strip_icc()\/i.s3.glbimg.com\/v1\/AUTH_59edd422c0c84a879bd37670ae4f538a\/internal_photos\/bs\/2023\/K\/J\/Yk3zJvSpCCNLgvBaj49Q\/acidente1531.jpg\" alt=\"\" width=\"602\" height=\"377\" \/><figcaption class=\"wp-caption-text\">Carro em ribanceira ap\u00f3s acidente na BR-153 em Mara Rosa, Goi\u00e1s \u2014 Foto: Reprodu\u00e7\u00e3o\/Redes Sociais<\/figcaption><\/figure><figcaption class=\"wp-caption-text\"><\/figcaption><\/figure>\n<p class=\"content-publication-data__from\" title=\"Michel Gomes e Wilton Moraes, g1 Goi\u00e1s e TV Anhanguera\">Por Michel Gomes e Wilton Moraes, g1 Goi\u00e1s e TV Anhanguera<\/p>\n<div class=\"wall protected-content\">\n<div id=\"chunk-6a8to\">\n<div class=\"mc-column content-text active-extra-styles \" data-block-type=\"unstyled\" data-block-weight=\"28\" data-block-id=\"23\">\n<p data-track-category=\"Link no Texto\" data-track-links=\"\">\n<\/div>\n<\/div>\n<\/div>\n","protected":false},"excerpt":{"rendered":"<p>Nas redes sociais, Ana Fl\u00e1via Santos Lima, de 30 anos, que morreu em um acidente de carro na BR-153, em Mara Rosa, na regi\u00e3o norte do estado, postou que estava em uma viagem de fam\u00edlia. Nas fotos, \u00e9 poss\u00edvel ver que Ana Fl\u00e1via compartilhou fotos em uma comemora\u00e7\u00e3o de \u201cbodas de ouro\u201d. &nbsp; &nbsp; Al\u00e9m [&hellip;]<\/p>\n","protected":false},"author":5,"featured_media":244659,"comment_status":"closed","ping_status":"closed","sticky":false,"template":"","format":"standard","meta":{"footnotes":""},"categories":[141,38],"tags":[],"class_list":["post-244658","post","type-post","status-publish","format-standard","has-post-thumbnail","hentry","category-goias","category-policia"],"_links":{"self":[{"href":"https:\/\/www.ocorreionews.com.br\/acervo-correio\/index.php?rest_route=\/wp\/v2\/posts\/244658","targetHints":{"allow":["GET"]}}],"collection":[{"href":"https:\/\/www.ocorreionews.com.br\/acervo-correio\/index.php?rest_route=\/wp\/v2\/posts"}],"about":[{"href":"https:\/\/www.ocorreionews.com.br\/acervo-correio\/index.php?rest_route=\/wp\/v2\/types\/post"}],"author":[{"embeddable":true,"href":"https:\/\/www.ocorreionews.com.br\/acervo-correio\/index.php?rest_route=\/wp\/v2\/users\/5"}],"replies":[{"embeddable":true,"href":"https:\/\/www.ocorreionews.com.br\/acervo-correio\/index.php?rest_route=%2Fwp%2Fv2%2Fcomments&post=244658"}],"version-history":[{"count":1,"href":"https:\/\/www.ocorreionews.com.br\/acervo-correio\/index.php?rest_route=\/wp\/v2\/posts\/244658\/revisions"}],"predecessor-version":[{"id":244660,"href":"https:\/\/www.ocorreionews.com.br\/acervo-correio\/index.php?rest_route=\/wp\/v2\/posts\/244658\/revisions\/244660"}],"wp:featuredmedia":[{"embeddable":true,"href":"https:\/\/www.ocorreionews.com.br\/acervo-correio\/index.php?rest_route=\/wp\/v2\/media\/244659"}],"wp:attachment":[{"href":"https:\/\/www.ocorreionews.com.br\/acervo-correio\/index.php?rest_route=%2Fwp%2Fv2%2Fmedia&parent=244658"}],"wp:term":[{"taxonomy":"category","embeddable":true,"href":"https:\/\/www.ocorreionews.com.br\/acervo-correio\/index.php?rest_route=%2Fwp%2Fv2%2Fcategories&post=244658"},{"taxonomy":"post_tag","embeddable":true,"href":"https:\/\/www.ocorreionews.com.br\/acervo-correio\/index.php?rest_route=%2Fwp%2Fv2%2Ftags&post=244658"}],"curies":[{"name":"wp","href":"https:\/\/api.w.org\/{rel}","templated":true}]}}