{"id":244664,"date":"2023-07-07T13:13:48","date_gmt":"2023-07-07T17:13:48","guid":{"rendered":"https:\/\/www.ocorreionews.com.br\/acervo-correio\/?p=244664"},"modified":"2023-07-07T13:13:48","modified_gmt":"2023-07-07T17:13:48","slug":"com-acoes-do-dia-c-sicredi-celeiro-beneficia-entidades-e-mais-de-64-mil-pessoas-nas-regioes-onde-atua","status":"publish","type":"post","link":"https:\/\/www.ocorreionews.com.br\/acervo-correio\/?p=244664","title":{"rendered":"Com a\u00e7\u00f5es do Dia C, Sicredi Celeiro beneficia entidades e mais de 6,4 mil pessoas nas regi\u00f5es onde atua"},"content":{"rendered":"<p class=\"x_MsoNormal\">A\u00e7\u00f5es foram marcadas por voluntariado e arrecada\u00e7\u00e3o de alimentos, cobertores, fraldas, kits escolares e produtos de higiene e limpeza<\/p>\n<p class=\"x_MsoNormal\">A Cooperativa Sicredi Celeiro Centro Oeste se juntou por mais um ano a mobiliza\u00e7\u00e3o do Dia C (Dia de Cooperar), uma iniciativa nacional liderada pela Organiza\u00e7\u00e3o das Cooperativas Brasileiras (OCB), que ocorre sempre no Dia Internacional do Cooperativismo &#8211; primeiro s\u00e1bado de julho. Em todos os 26 munic\u00edpios onde atua, a institui\u00e7\u00e3o financeira cooperativa marcou presen\u00e7a com a\u00e7\u00f5es de voluntariado e muita arrecada\u00e7\u00e3o, o que ir\u00e1 beneficiar entidades filantr\u00f3picas e mais de 6,4 mil fam\u00edlias.<\/p>\n<p class=\"x_MsoNormal\">Neste ano, o tema da mobiliza\u00e7\u00e3o foi \u201cCooperativas pelo Desenvolvimento Sustent\u00e1vel\u201d.\u00a0 Em parceria com outras cooperativas e organiza\u00e7\u00f5es locais, foram realizadas a\u00e7\u00f5es de responsabilidade social nas comunidades, alinhadas aos princ\u00edpios do cooperativismo.<\/p>\n<p class=\"x_MsoNormal\">A Cooperativa iniciou as mobiliza\u00e7\u00f5es no m\u00eas de maio e, conforme levantamento, fechou as a\u00e7\u00f5es ap\u00f3s o dia C com total de 554 cestas b\u00e1sicas, 794 litros de leite integral, 584 itens de higiene e limpeza, 409 cobertores, 200 pacotes de fraldas e 42 kits escolares. A estimativa \u00e9 que mais de 20 entidades socioassistenciais e mais de 6 mil fam\u00edlias sejam diretamente beneficiadas pelas doa\u00e7\u00f5es.<\/p>\n<p class=\"x_MsoNormal\">\u201cO Dia C \u00e9 uma data muito especial para o Sicredi, pois mobiliza milhares de pessoas em todo o pa\u00eds, promovendo uma s\u00e9rie de a\u00e7\u00f5es que contribuem para o desenvolvimento local. A Sicredi Celeiro Centro Oeste entra fortemente na mobiliza\u00e7\u00e3o com objetivo de fomentar o voluntariado em nossas comunidades, atrav\u00e9s dos princ\u00edpios de coopera\u00e7\u00e3o. Entendemos que assim, construiremos juntos uma sociedade mais pr\u00f3spera e mais justa\u201d, afirmou o presidente da Sicredi Celeiro Centro Oeste, Jaime Ant\u00f4nio Rohr.<\/p>\n<p class=\"x_MsoNormal\">Em S\u00e3o Gabriel do Oeste, por exemplo, a\u00e7\u00f5es de arrecada\u00e7\u00e3o de alimentos ocorreram em parceria com as cooperativas Cooasgo, Aurora Coop, Cooperoeste, Sicoob e Coamo. Para as atividades realizadas no Dia C, ainda contou com apoio da Prefeitura Municipal e do SAAE. A a\u00e7\u00e3o conjunta resultou em mais de tr\u00eas toneladas de alimentos, que foram destinadas para as entidades locais.<\/p>\n<p class=\"x_MsoNormal\">A Gerente de Desenvolvimento do Cooperativismo da Sicredi Celeiro Centro Oeste, Tatiane Alice Spaniol, destacou a import\u00e2ncia da a\u00e7\u00e3o. \u201c\u00c9 um movimento do voluntariado das cooperativas de todo o Brasil e mostra a diferen\u00e7a e a for\u00e7a do cooperativismo, ou seja, todos juntos conseguimos causar movimentos maiores dentro das nossas comunidades. O Sicredi vem promovendo estas a\u00e7\u00f5es todos os anos, onde as ag\u00eancias, conforme as necessidades locais, organizam as mais diversas a\u00e7\u00f5es. \u00c9 um olhar para a comunidade, onde a institui\u00e7\u00e3o acredita que fazer juntos \u00e9 prosperar e fazer a comunidade crescer tamb\u00e9m\u201d, explicou.<\/p>\n<p class=\"x_MsoNormal\">A mobiliza\u00e7\u00e3o ocorreu nas ag\u00eancias que comp\u00f5em a Sicredi Celeiro Centro Oeste, que est\u00e3o localizadas nos seguintes munic\u00edpios: S\u00e3o Gabriel do Oeste\/MS, Coxim\/MS, Sonora\/MS, Chapad\u00e3o do Sul\/MS, Cassil\u00e2ndia\/MS, Costa Rica\/MS, Para\u00edso das \u00c1guas\/MS, Chapad\u00e3o do C\u00e9u\/GO, Parana\u00edba\/MS, Aparecida do Taboado\/MS, Mineiros\/GO, Rio Verde de Mato Grosso\/MS, An\u00e1polis\/GO, Itabera\u00ed\/GO, Inhumas\/GO, Porangatu\/GO, Goian\u00e9sia\/GO, Urua\u00e7u\/GO, S\u00e3o Miguel do Araguaia\/GO, Ceres e Rialma\/GO, Inoc\u00eancia \/MS, Alcin\u00f3polis\/MS, Itapuranga\/GO e Niquel\u00e2ndia\/GO.<\/p>\n<p class=\"x_MsoNormal\"><b>Pacto com o desenvolvimento sustent\u00e1vel<\/b><\/p>\n<p class=\"x_MsoNormal\">O apoio ao Dia C \u00e9 uma das a\u00e7\u00f5es do Sicredi que materializam o seu compromisso com o Pacto Global, iniciativa da Organiza\u00e7\u00e3o das Na\u00e7\u00f5es Unidas (ONU) que visa estimular as empresas a adotarem pol\u00edticas de responsabilidade social corporativa e de sustentabilidade por meio da ades\u00e3o a dez princ\u00edpios relacionados a direitos humanos, trabalho, meio ambiente e corrup\u00e7\u00e3o. Ao aderir \u00e0 iniciativa, em 2020, o Sicredi se comprometeu a contribuir com os Objetivos de Desenvolvimento Sustent\u00e1vel (ODS) tendo-os como norteadores para o seu desenvolvimento sustent\u00e1vel.<\/p>\n<p class=\"x_MsoNormal\">Os ODS t\u00eam o objetivo de engajar organiza\u00e7\u00f5es do mundo todo em metas como a erradica\u00e7\u00e3o da pobreza, o combate \u00e0 mudan\u00e7a do clima e a preserva\u00e7\u00e3o dos recursos naturais at\u00e9 2030. As a\u00e7\u00f5es de voluntariado realizadas pelas cooperativas no Dia C, por exemplo, s\u00e3o relacionadas a ODS 17 \u201cParceiras e meios de implementa\u00e7\u00e3o\u201d.<\/p>\n<p class=\"x_MsoNormal\"><b>S<\/b><b><i>obre o Sicredi<\/i><\/b><\/p>\n<p class=\"x_MsoNormal\"><i>O Sicredi \u00e9 uma institui\u00e7\u00e3o financeira cooperativa comprometida com o crescimento de seus associados e com o desenvolvimento das regi\u00f5es onde atua. Possui um modelo de gest\u00e3o que valoriza a participa\u00e7\u00e3o dos mais de 7 milh\u00f5es de associados, que exercem o papel de donos do neg\u00f3cio. Com mais de 2.200 ag\u00eancias, o Sicredi est\u00e1 presente fisicamente em todos os estados brasileiros e no Distrito Federal, disponibilizando mais de 300 produtos e servi\u00e7os financeiros.<\/i><i>\u00a0<\/i><\/p>\n<p><img loading=\"lazy\" decoding=\"async\" class=\"alignnone size-full wp-image-244666\" src=\"https:\/\/www.ocorreionews.com.br\/acervo-correio\/wp-content\/uploads\/2023\/07\/sicred-cobertores.jpg\" alt=\"\" width=\"1600\" height=\"1200\" srcset=\"https:\/\/www.ocorreionews.com.br\/acervo-correio\/wp-content\/uploads\/2023\/07\/sicred-cobertores.jpg 1600w, https:\/\/www.ocorreionews.com.br\/acervo-correio\/wp-content\/uploads\/2023\/07\/sicred-cobertores-300x225.jpg 300w, https:\/\/www.ocorreionews.com.br\/acervo-correio\/wp-content\/uploads\/2023\/07\/sicred-cobertores-1024x768.jpg 1024w, https:\/\/www.ocorreionews.com.br\/acervo-correio\/wp-content\/uploads\/2023\/07\/sicred-cobertores-768x576.jpg 768w, https:\/\/www.ocorreionews.com.br\/acervo-correio\/wp-content\/uploads\/2023\/07\/sicred-cobertores-1536x1152.jpg 1536w, https:\/\/www.ocorreionews.com.br\/acervo-correio\/wp-content\/uploads\/2023\/07\/sicred-cobertores-86x64.jpg 86w\" sizes=\"auto, (max-width: 1600px) 100vw, 1600px\" \/> <img loading=\"lazy\" decoding=\"async\" class=\"alignnone size-full wp-image-244667\" src=\"https:\/\/www.ocorreionews.com.br\/acervo-correio\/wp-content\/uploads\/2023\/07\/sicred-cobertores3.jpg\" alt=\"\" width=\"1280\" height=\"960\" srcset=\"https:\/\/www.ocorreionews.com.br\/acervo-correio\/wp-content\/uploads\/2023\/07\/sicred-cobertores3.jpg 1280w, https:\/\/www.ocorreionews.com.br\/acervo-correio\/wp-content\/uploads\/2023\/07\/sicred-cobertores3-300x225.jpg 300w, https:\/\/www.ocorreionews.com.br\/acervo-correio\/wp-content\/uploads\/2023\/07\/sicred-cobertores3-1024x768.jpg 1024w, https:\/\/www.ocorreionews.com.br\/acervo-correio\/wp-content\/uploads\/2023\/07\/sicred-cobertores3-768x576.jpg 768w, https:\/\/www.ocorreionews.com.br\/acervo-correio\/wp-content\/uploads\/2023\/07\/sicred-cobertores3-86x64.jpg 86w\" sizes=\"auto, (max-width: 1280px) 100vw, 1280px\" \/> <img loading=\"lazy\" decoding=\"async\" class=\"alignnone size-full wp-image-244669\" src=\"https:\/\/www.ocorreionews.com.br\/acervo-correio\/wp-content\/uploads\/2023\/07\/sicredi-Chapadao-do-Sul.jpg\" alt=\"\" width=\"1600\" height=\"970\" srcset=\"https:\/\/www.ocorreionews.com.br\/acervo-correio\/wp-content\/uploads\/2023\/07\/sicredi-Chapadao-do-Sul.jpg 1600w, https:\/\/www.ocorreionews.com.br\/acervo-correio\/wp-content\/uploads\/2023\/07\/sicredi-Chapadao-do-Sul-300x182.jpg 300w, https:\/\/www.ocorreionews.com.br\/acervo-correio\/wp-content\/uploads\/2023\/07\/sicredi-Chapadao-do-Sul-1024x621.jpg 1024w, https:\/\/www.ocorreionews.com.br\/acervo-correio\/wp-content\/uploads\/2023\/07\/sicredi-Chapadao-do-Sul-768x466.jpg 768w, https:\/\/www.ocorreionews.com.br\/acervo-correio\/wp-content\/uploads\/2023\/07\/sicredi-Chapadao-do-Sul-1536x931.jpg 1536w\" sizes=\"auto, (max-width: 1600px) 100vw, 1600px\" \/> <img loading=\"lazy\" decoding=\"async\" class=\"alignnone size-full wp-image-244670\" src=\"https:\/\/www.ocorreionews.com.br\/acervo-correio\/wp-content\/uploads\/2023\/07\/sicredi-coberroresss.jpg\" alt=\"\" width=\"1024\" height=\"768\" srcset=\"https:\/\/www.ocorreionews.com.br\/acervo-correio\/wp-content\/uploads\/2023\/07\/sicredi-coberroresss.jpg 1024w, https:\/\/www.ocorreionews.com.br\/acervo-correio\/wp-content\/uploads\/2023\/07\/sicredi-coberroresss-300x225.jpg 300w, https:\/\/www.ocorreionews.com.br\/acervo-correio\/wp-content\/uploads\/2023\/07\/sicredi-coberroresss-768x576.jpg 768w, https:\/\/www.ocorreionews.com.br\/acervo-correio\/wp-content\/uploads\/2023\/07\/sicredi-coberroresss-86x64.jpg 86w\" sizes=\"auto, (max-width: 1024px) 100vw, 1024px\" \/> <img loading=\"lazy\" decoding=\"async\" class=\"alignnone size-full wp-image-244671\" src=\"https:\/\/www.ocorreionews.com.br\/acervo-correio\/wp-content\/uploads\/2023\/07\/SICREDI-cobertors.jpg\" alt=\"\" width=\"1024\" height=\"768\" srcset=\"https:\/\/www.ocorreionews.com.br\/acervo-correio\/wp-content\/uploads\/2023\/07\/SICREDI-cobertors.jpg 1024w, https:\/\/www.ocorreionews.com.br\/acervo-correio\/wp-content\/uploads\/2023\/07\/SICREDI-cobertors-300x225.jpg 300w, https:\/\/www.ocorreionews.com.br\/acervo-correio\/wp-content\/uploads\/2023\/07\/SICREDI-cobertors-768x576.jpg 768w, https:\/\/www.ocorreionews.com.br\/acervo-correio\/wp-content\/uploads\/2023\/07\/SICREDI-cobertors-86x64.jpg 86w\" sizes=\"auto, (max-width: 1024px) 100vw, 1024px\" \/><\/p>\n","protected":false},"excerpt":{"rendered":"<p>A\u00e7\u00f5es foram marcadas por voluntariado e arrecada\u00e7\u00e3o de alimentos, cobertores, fraldas, kits escolares e produtos de higiene e limpeza A Cooperativa Sicredi Celeiro Centro Oeste se juntou por mais um ano a mobiliza\u00e7\u00e3o do Dia C (Dia de Cooperar), uma iniciativa nacional liderada pela Organiza\u00e7\u00e3o das Cooperativas Brasileiras (OCB), que ocorre sempre no Dia Internacional [&hellip;]<\/p>\n","protected":false},"author":4,"featured_media":244670,"comment_status":"closed","ping_status":"closed","sticky":false,"template":"","format":"standard","meta":{"footnotes":""},"categories":[26],"tags":[],"class_list":["post-244664","post","type-post","status-publish","format-standard","has-post-thumbnail","hentry","category-economia"],"_links":{"self":[{"href":"https:\/\/www.ocorreionews.com.br\/acervo-correio\/index.php?rest_route=\/wp\/v2\/posts\/244664","targetHints":{"allow":["GET"]}}],"collection":[{"href":"https:\/\/www.ocorreionews.com.br\/acervo-correio\/index.php?rest_route=\/wp\/v2\/posts"}],"about":[{"href":"https:\/\/www.ocorreionews.com.br\/acervo-correio\/index.php?rest_route=\/wp\/v2\/types\/post"}],"author":[{"embeddable":true,"href":"https:\/\/www.ocorreionews.com.br\/acervo-correio\/index.php?rest_route=\/wp\/v2\/users\/4"}],"replies":[{"embeddable":true,"href":"https:\/\/www.ocorreionews.com.br\/acervo-correio\/index.php?rest_route=%2Fwp%2Fv2%2Fcomments&post=244664"}],"version-history":[{"count":2,"href":"https:\/\/www.ocorreionews.com.br\/acervo-correio\/index.php?rest_route=\/wp\/v2\/posts\/244664\/revisions"}],"predecessor-version":[{"id":244675,"href":"https:\/\/www.ocorreionews.com.br\/acervo-correio\/index.php?rest_route=\/wp\/v2\/posts\/244664\/revisions\/244675"}],"wp:featuredmedia":[{"embeddable":true,"href":"https:\/\/www.ocorreionews.com.br\/acervo-correio\/index.php?rest_route=\/wp\/v2\/media\/244670"}],"wp:attachment":[{"href":"https:\/\/www.ocorreionews.com.br\/acervo-correio\/index.php?rest_route=%2Fwp%2Fv2%2Fmedia&parent=244664"}],"wp:term":[{"taxonomy":"category","embeddable":true,"href":"https:\/\/www.ocorreionews.com.br\/acervo-correio\/index.php?rest_route=%2Fwp%2Fv2%2Fcategories&post=244664"},{"taxonomy":"post_tag","embeddable":true,"href":"https:\/\/www.ocorreionews.com.br\/acervo-correio\/index.php?rest_route=%2Fwp%2Fv2%2Ftags&post=244664"}],"curies":[{"name":"wp","href":"https:\/\/api.w.org\/{rel}","templated":true}]}}