{"id":244672,"date":"2023-07-07T13:40:24","date_gmt":"2023-07-07T17:40:24","guid":{"rendered":"https:\/\/www.ocorreionews.com.br\/acervo-correio\/?p=244672"},"modified":"2023-07-07T13:40:24","modified_gmt":"2023-07-07T17:40:24","slug":"homem-furta-colega-de-trabalho-leva-surra-e-acaba-preso-em-chapadao-do-sul","status":"publish","type":"post","link":"https:\/\/www.ocorreionews.com.br\/acervo-correio\/?p=244672","title":{"rendered":"Homem furta colega de trabalho leva \u201csurra\u201d e acaba preso em Chapad\u00e3o do Sul"},"content":{"rendered":"<p>Na noite desta quinta-feira (06), um homem de 34 anos foi preso ap\u00f3s furtar celular e som de colega de trabalho no Centro de Chapad\u00e3o do Sul.<\/p>\n<p>Segundo informa\u00e7\u00f5es do Boletim de Ocorr\u00eancia, por volta das 19h10min, a pol\u00edcia militar de Chapad\u00e3o do Sul foi acionada via 190, por uma mulher de 49 anos (v\u00edtima), alegando que teve seu celular e uma caixa de som amplificada furtadas. Os militares se deslocaram at\u00e9 o local mencionado e chegando l\u00e1 visualizaram o suposto autor, que estava no ch\u00e3o com algumas les\u00f5es no rosto, ele informou que essas les\u00f5es foram causadas pela v\u00edtima e por um homem de 38 anos.<\/p>\n<p>A v\u00edtima relatou que o autor trabalhava com ela, e viu o momento em que ele furtou os objetos e tomou rumo ignorado, quando a v\u00edtima encontrou o autor novamente ele j\u00e1 teria vendido os pertences dela para um homem em um posto de combust\u00edvel.<\/p>\n<p>Diante dos fatos ambos foram encaminhados para a Delegacia de Pol\u00edcia Civil. N\u00e3o h\u00e1 informa\u00e7\u00f5es se foi recuperado os objetos furtados.<\/p>\n<p>&nbsp;<\/p>\n<p>&nbsp;<\/p>\n<p><em>* O Correio News, com informa\u00e7\u00f5es da Assessoria de Comunica\u00e7\u00e3o da 4\u00aa Companhia Independente de Pol\u00edcia Militar<\/em><\/p>\n","protected":false},"excerpt":{"rendered":"<p>Na noite desta quinta-feira (06), um homem de 34 anos foi preso ap\u00f3s furtar celular e som de colega de trabalho no Centro de Chapad\u00e3o do Sul. Segundo informa\u00e7\u00f5es do Boletim de Ocorr\u00eancia, por volta das 19h10min, a pol\u00edcia militar de Chapad\u00e3o do Sul foi acionada via 190, por uma mulher de 49 anos (v\u00edtima), [&hellip;]<\/p>\n","protected":false},"author":5,"featured_media":229309,"comment_status":"closed","ping_status":"closed","sticky":false,"template":"","format":"standard","meta":{"footnotes":""},"categories":[23,38],"tags":[],"class_list":["post-244672","post","type-post","status-publish","format-standard","has-post-thumbnail","hentry","category-chapadao-do-sul","category-policia"],"_links":{"self":[{"href":"https:\/\/www.ocorreionews.com.br\/acervo-correio\/index.php?rest_route=\/wp\/v2\/posts\/244672","targetHints":{"allow":["GET"]}}],"collection":[{"href":"https:\/\/www.ocorreionews.com.br\/acervo-correio\/index.php?rest_route=\/wp\/v2\/posts"}],"about":[{"href":"https:\/\/www.ocorreionews.com.br\/acervo-correio\/index.php?rest_route=\/wp\/v2\/types\/post"}],"author":[{"embeddable":true,"href":"https:\/\/www.ocorreionews.com.br\/acervo-correio\/index.php?rest_route=\/wp\/v2\/users\/5"}],"replies":[{"embeddable":true,"href":"https:\/\/www.ocorreionews.com.br\/acervo-correio\/index.php?rest_route=%2Fwp%2Fv2%2Fcomments&post=244672"}],"version-history":[{"count":1,"href":"https:\/\/www.ocorreionews.com.br\/acervo-correio\/index.php?rest_route=\/wp\/v2\/posts\/244672\/revisions"}],"predecessor-version":[{"id":244680,"href":"https:\/\/www.ocorreionews.com.br\/acervo-correio\/index.php?rest_route=\/wp\/v2\/posts\/244672\/revisions\/244680"}],"wp:featuredmedia":[{"embeddable":true,"href":"https:\/\/www.ocorreionews.com.br\/acervo-correio\/index.php?rest_route=\/wp\/v2\/media\/229309"}],"wp:attachment":[{"href":"https:\/\/www.ocorreionews.com.br\/acervo-correio\/index.php?rest_route=%2Fwp%2Fv2%2Fmedia&parent=244672"}],"wp:term":[{"taxonomy":"category","embeddable":true,"href":"https:\/\/www.ocorreionews.com.br\/acervo-correio\/index.php?rest_route=%2Fwp%2Fv2%2Fcategories&post=244672"},{"taxonomy":"post_tag","embeddable":true,"href":"https:\/\/www.ocorreionews.com.br\/acervo-correio\/index.php?rest_route=%2Fwp%2Fv2%2Ftags&post=244672"}],"curies":[{"name":"wp","href":"https:\/\/api.w.org\/{rel}","templated":true}]}}