{"id":244676,"date":"2023-07-07T13:18:25","date_gmt":"2023-07-07T17:18:25","guid":{"rendered":"https:\/\/www.ocorreionews.com.br\/acervo-correio\/?p=244676"},"modified":"2023-07-07T13:18:25","modified_gmt":"2023-07-07T17:18:25","slug":"plano-municipal-de-qualificacao-e-gestao-conclui-curso-de-chefia-e-lideranca-inspirando-atraves-da-motivacao","status":"publish","type":"post","link":"https:\/\/www.ocorreionews.com.br\/acervo-correio\/?p=244676","title":{"rendered":"Plano municipal de qualifica\u00e7\u00e3o e gest\u00e3o conclui curso de Chefia e Lideran\u00e7a: Inspirando atrav\u00e9s da motiva\u00e7\u00e3o"},"content":{"rendered":"<p>Realizado nos dias 26 e 27 de junho, na Prefeitura Municipal, o curso &#8220;Chefia e Lideran\u00e7a: Inspirando atrav\u00e9s da motiva\u00e7\u00e3o&#8221; que foi um sucesso. Essa iniciativa \u00e9 promovida pela Prefeitura Municipal de Chapad\u00e3o do Sul atrav\u00e9s da SEDEMA (Secretaria de Desenvolvimento Econ\u00f4mico e Meio Ambiente(, em parceria com o Sindicato Rural, o SENAR\/MS e a ACE (Associa\u00e7\u00e3o Comercial Empresarial), e tem como objetivo principal aprimorar as habilidades de lideran\u00e7a dos participantes, fornecendo ferramentas essenciais para liderar equipes de forma eficiente e motivadora, mesmo em situa\u00e7\u00f5es adversas.<\/p>\n<p>Durante os dois dias de curso, os participantes tiveram a oportunidade de aprender t\u00e9cnicas para identificar e lidar com problemas e adversidades, al\u00e9m de estrat\u00e9gias para motivar e inspirar suas equipes a alcan\u00e7arem seus objetivos. Foram abordados conte\u00fados valiosos e pr\u00e1ticos, incluindo t\u00e9cnicas para lidar com obje\u00e7\u00f5es, resolu\u00e7\u00e3o de conflitos baseada na metodologia de Harvard, compreens\u00e3o do clima organizacional e a import\u00e2ncia da motiva\u00e7\u00e3o e do trabalho em equipe para alcan\u00e7ar o sucesso na lideran\u00e7a eficaz. O desenvolvimento do relacionamento interpessoal tamb\u00e9m recebeu destaque, pois \u00e9 fundamental para criar um ambiente de trabalho saud\u00e1vel e produtivo.<\/p>\n<p>Os participantes receber\u00e3o um certificado de conclus\u00e3o reconhecido pelo SENAR\/MS, que poder\u00e1 ser inclu\u00eddo em seus curr\u00edculos, fortalecendo suas habilidades de lideran\u00e7a e destacando seu compromisso com o aprimoramento profissional.<\/p>\n<p>A Prefeitura Municipal de Chapad\u00e3o do Sul, a SEDEMA, o Sindicato Rural, o SENAR\/MS e a ACE se orgulham do sucesso do curso e parabenizam todos os participantes pela dedica\u00e7\u00e3o e interesse em desenvolver suas habilidades de lideran\u00e7a. Por meio do Plano Municipal de Qualifica\u00e7\u00e3o e Gest\u00e3o, essa iniciativa visa promover uma educa\u00e7\u00e3o inclusiva, equitativa e de excel\u00eancia, estimulando a inser\u00e7\u00e3o das pessoas no mercado de trabalho e contribuindo para o avan\u00e7o econ\u00f4mico e social da cidade.<\/p>\n<p>Agradecemos a todos os participantes e refor\u00e7amos nosso compromisso em continuar oferecendo oportunidades de capacita\u00e7\u00e3o e desenvolvimento profissional para a comunidade sul-chapadense. Juntos, podemos construir um futuro de sucesso e progresso para todos.<\/p>\n<p>Para realizar pr\u00e9-inscri\u00e7\u00f5es em outros cursos oferecidos pelo Plano Municipal de Qualifica\u00e7\u00e3o e Gest\u00e3o 2023, acessem o link <a href=\"https:\/\/linktr.ee\/sedema.online\" target=\"_blank\" rel=\"noopener\">https:\/\/linktr.ee\/sedema.online<\/a>. Para mais informa\u00e7\u00f5es sobre os cursos, entrem em contato pelo telefone (67) 3562-5672 ou pelo WhatsApp <a href=\"https:\/\/wa.me\/5567996183431\" target=\"_blank\" rel=\"noopener\">https:\/\/wa.me\/5567996183431<\/a>. Continuaremos trabalhando em conjunto para promover o desenvolvimento e crescimento de nosso munic\u00edpio.<\/p>\n<p>Prefeitura de Chapad\u00e3o do Sul \u2013 Trabalhando por nossa gente<\/p>\n","protected":false},"excerpt":{"rendered":"<p>Realizado nos dias 26 e 27 de junho, na Prefeitura Municipal, o curso &#8220;Chefia e Lideran\u00e7a: Inspirando atrav\u00e9s da motiva\u00e7\u00e3o&#8221; que foi um sucesso. Essa iniciativa \u00e9 promovida pela Prefeitura Municipal de Chapad\u00e3o do Sul atrav\u00e9s da SEDEMA (Secretaria de Desenvolvimento Econ\u00f4mico e Meio Ambiente(, em parceria com o Sindicato Rural, o SENAR\/MS e a [&hellip;]<\/p>\n","protected":false},"author":4,"featured_media":244677,"comment_status":"closed","ping_status":"closed","sticky":false,"template":"","format":"standard","meta":{"footnotes":""},"categories":[23],"tags":[],"class_list":["post-244676","post","type-post","status-publish","format-standard","has-post-thumbnail","hentry","category-chapadao-do-sul"],"_links":{"self":[{"href":"https:\/\/www.ocorreionews.com.br\/acervo-correio\/index.php?rest_route=\/wp\/v2\/posts\/244676","targetHints":{"allow":["GET"]}}],"collection":[{"href":"https:\/\/www.ocorreionews.com.br\/acervo-correio\/index.php?rest_route=\/wp\/v2\/posts"}],"about":[{"href":"https:\/\/www.ocorreionews.com.br\/acervo-correio\/index.php?rest_route=\/wp\/v2\/types\/post"}],"author":[{"embeddable":true,"href":"https:\/\/www.ocorreionews.com.br\/acervo-correio\/index.php?rest_route=\/wp\/v2\/users\/4"}],"replies":[{"embeddable":true,"href":"https:\/\/www.ocorreionews.com.br\/acervo-correio\/index.php?rest_route=%2Fwp%2Fv2%2Fcomments&post=244676"}],"version-history":[{"count":1,"href":"https:\/\/www.ocorreionews.com.br\/acervo-correio\/index.php?rest_route=\/wp\/v2\/posts\/244676\/revisions"}],"predecessor-version":[{"id":244678,"href":"https:\/\/www.ocorreionews.com.br\/acervo-correio\/index.php?rest_route=\/wp\/v2\/posts\/244676\/revisions\/244678"}],"wp:featuredmedia":[{"embeddable":true,"href":"https:\/\/www.ocorreionews.com.br\/acervo-correio\/index.php?rest_route=\/wp\/v2\/media\/244677"}],"wp:attachment":[{"href":"https:\/\/www.ocorreionews.com.br\/acervo-correio\/index.php?rest_route=%2Fwp%2Fv2%2Fmedia&parent=244676"}],"wp:term":[{"taxonomy":"category","embeddable":true,"href":"https:\/\/www.ocorreionews.com.br\/acervo-correio\/index.php?rest_route=%2Fwp%2Fv2%2Fcategories&post=244676"},{"taxonomy":"post_tag","embeddable":true,"href":"https:\/\/www.ocorreionews.com.br\/acervo-correio\/index.php?rest_route=%2Fwp%2Fv2%2Ftags&post=244676"}],"curies":[{"name":"wp","href":"https:\/\/api.w.org\/{rel}","templated":true}]}}