{"id":244681,"date":"2023-07-07T13:43:34","date_gmt":"2023-07-07T17:43:34","guid":{"rendered":"https:\/\/www.ocorreionews.com.br\/acervo-correio\/?p=244681"},"modified":"2023-07-07T13:43:34","modified_gmt":"2023-07-07T17:43:34","slug":"prova-pratica-para-comprovacao-de-habilidade-em-informatica-do-processo-de-escolha-para-membros-do-conselho-tutelar-sera-realizada-neste-domingo-09","status":"publish","type":"post","link":"https:\/\/www.ocorreionews.com.br\/acervo-correio\/?p=244681","title":{"rendered":"Prova pr\u00e1tica para comprova\u00e7\u00e3o de habilidade em inform\u00e1tica do processo de escolha para membros do conselho tutelar ser\u00e1 realizada neste domingo, 09"},"content":{"rendered":"<p style=\"font-weight: 400;\">A Comiss\u00e3o Especial Eleitoral para Organiza\u00e7\u00e3o do Processo de Escolha dos Membros do Conselho Tutelar de Chapad\u00e3o do Sul \u2013 MS, no uso das atribui\u00e7\u00f5es que lhe s\u00e3o conferidas pela Lei Federal 8.069\/90; Lei Municipal n\u00ba 1.291, de 08 de dezembro de 2021, Art. 15, XI e artigos 36 e 37 e Resolu\u00e7\u00e3o do CMDCA n\u00ba 06\/2023, publicou no Di\u00e1rio Oficial n\u00ba 3.042, de 05 de julho de 2023 o Edital n\u00ba 007\/2023, que traz informa\u00e7\u00f5es sobre hor\u00e1rio e local de realiza\u00e7\u00e3o da prova pr\u00e1tica para comprova\u00e7\u00e3o de habilidade em inform\u00e1tica do Processo de Escolha para Membros do Conselho Tutelar.<\/p>\n<p style=\"font-weight: 400;\">A prova pr\u00e1tica para comprova\u00e7\u00e3o de habilidade em inform\u00e1tica ser\u00e1 realizada no dia 09 de julho de 2023, sendo os candidatos divididos em duas turmas:<\/p>\n<p style=\"font-weight: 400;\"><b><strong>HOR\u00c1RIO 1\u00aa TURMA: 07H E 30MIN \u00c0S 09H &#8211; OS CANDIDATOS DEVEM CHEGAR COM 30 MINUTOS DE ANTECED\u00caNCIA (HOR\u00c1RIO MS)<\/strong><\/b><\/p>\n<p style=\"font-weight: 400;\"><b><strong>Candidatos da 1\u00aa turma:<\/strong><\/b><\/p>\n<ol>\n<li style=\"font-weight: 400;\">Aline Costa da Silva dos Santos<\/li>\n<li style=\"font-weight: 400;\">Andr\u00e9ia Beatriz Layter<\/li>\n<li style=\"font-weight: 400;\">Carolina de Melo Sell<\/li>\n<li style=\"font-weight: 400;\">Cristiane Loureiro Gon\u00e7alves Pinto da Silva<\/li>\n<li style=\"font-weight: 400;\">Cristina Zimermann Pedroso<\/li>\n<li style=\"font-weight: 400;\">Eletir Dias Silva Ribeiro<\/li>\n<li style=\"font-weight: 400;\">Fellipe Sim\u00e3o da Rosa<\/li>\n<li style=\"font-weight: 400;\">Fernanda Cristina da Silva Nunes Vieira<\/li>\n<li style=\"font-weight: 400;\">Gleidy Aparecida Garcia Nunes<\/li>\n<li style=\"font-weight: 400;\">Janaina Lagoin dos Santos<\/li>\n<li style=\"font-weight: 400;\">Josiane de Lima Urbanek Lemes<\/li>\n<\/ol>\n<p style=\"font-weight: 400;\">\n<p style=\"font-weight: 400;\"><b><strong>HOR\u00c1RIO 2\u00ba TURMA \u2013 09H \u00c0S 10H E 30MIN &#8211; OS CANDIDATOS DEVEM CHEGAR COM 30 MINUTOS DE ANTECED\u00caNCIA (HOR\u00c1RIO MS)<\/strong><\/b><\/p>\n<p style=\"font-weight: 400;\"><b><strong>Candidatos da 2\u00ba turma:<\/strong><\/b><\/p>\n<ol start=\"12\">\n<li style=\"font-weight: 400;\">Leila Fl\u00e1via Lima Pereira<\/li>\n<li style=\"font-weight: 400;\">Lucas Arnaldo de Paula<\/li>\n<li style=\"font-weight: 400;\">Maria Edna Souza da Costa<\/li>\n<li style=\"font-weight: 400;\">Maria Quit\u00e9ria da Silva Pereira<\/li>\n<li style=\"font-weight: 400;\">Mayane Ivonete Rulli Pereir<\/li>\n<li style=\"font-weight: 400;\">Osana Rodrigues de Souza<\/li>\n<li style=\"font-weight: 400;\">Rosani Aparecida Fernandes Beltran<\/li>\n<\/ol>\n<p style=\"font-weight: 400;\">19 .Silvania Souza Carvalho<\/p>\n<ol start=\"20\">\n<li style=\"font-weight: 400;\">Solange Maria Lompa<\/li>\n<li style=\"font-weight: 400;\">Viviane Aparecida Rodrigues de Oliveira<\/li>\n<li style=\"font-weight: 400;\">Xariane Ferreira Jardim<\/li>\n<\/ol>\n<p style=\"font-weight: 400;\">A prova ser\u00e1 realizada no<b><strong>\u00a0<\/strong><\/b>Laborat\u00f3rio de Inform\u00e1tica da FACHASUL \u2013 Rua Vinte e Oito, n\u00ba 615. O candidato ser\u00e1 aprovado somente se\u00a0obtiver 60% (sessenta por cento) de acertos.<\/p>\n<p>&nbsp;<\/p>\n<p>&nbsp;<\/p>\n<p>*Assessoria<\/p>\n","protected":false},"excerpt":{"rendered":"<p>A Comiss\u00e3o Especial Eleitoral para Organiza\u00e7\u00e3o do Processo de Escolha dos Membros do Conselho Tutelar de Chapad\u00e3o do Sul \u2013 MS, no uso das atribui\u00e7\u00f5es que lhe s\u00e3o conferidas pela Lei Federal 8.069\/90; Lei Municipal n\u00ba 1.291, de 08 de dezembro de 2021, Art. 15, XI e artigos 36 e 37 e Resolu\u00e7\u00e3o do CMDCA [&hellip;]<\/p>\n","protected":false},"author":5,"featured_media":118501,"comment_status":"closed","ping_status":"closed","sticky":false,"template":"","format":"standard","meta":{"footnotes":""},"categories":[23],"tags":[],"class_list":["post-244681","post","type-post","status-publish","format-standard","has-post-thumbnail","hentry","category-chapadao-do-sul"],"_links":{"self":[{"href":"https:\/\/www.ocorreionews.com.br\/acervo-correio\/index.php?rest_route=\/wp\/v2\/posts\/244681","targetHints":{"allow":["GET"]}}],"collection":[{"href":"https:\/\/www.ocorreionews.com.br\/acervo-correio\/index.php?rest_route=\/wp\/v2\/posts"}],"about":[{"href":"https:\/\/www.ocorreionews.com.br\/acervo-correio\/index.php?rest_route=\/wp\/v2\/types\/post"}],"author":[{"embeddable":true,"href":"https:\/\/www.ocorreionews.com.br\/acervo-correio\/index.php?rest_route=\/wp\/v2\/users\/5"}],"replies":[{"embeddable":true,"href":"https:\/\/www.ocorreionews.com.br\/acervo-correio\/index.php?rest_route=%2Fwp%2Fv2%2Fcomments&post=244681"}],"version-history":[{"count":1,"href":"https:\/\/www.ocorreionews.com.br\/acervo-correio\/index.php?rest_route=\/wp\/v2\/posts\/244681\/revisions"}],"predecessor-version":[{"id":244683,"href":"https:\/\/www.ocorreionews.com.br\/acervo-correio\/index.php?rest_route=\/wp\/v2\/posts\/244681\/revisions\/244683"}],"wp:featuredmedia":[{"embeddable":true,"href":"https:\/\/www.ocorreionews.com.br\/acervo-correio\/index.php?rest_route=\/wp\/v2\/media\/118501"}],"wp:attachment":[{"href":"https:\/\/www.ocorreionews.com.br\/acervo-correio\/index.php?rest_route=%2Fwp%2Fv2%2Fmedia&parent=244681"}],"wp:term":[{"taxonomy":"category","embeddable":true,"href":"https:\/\/www.ocorreionews.com.br\/acervo-correio\/index.php?rest_route=%2Fwp%2Fv2%2Fcategories&post=244681"},{"taxonomy":"post_tag","embeddable":true,"href":"https:\/\/www.ocorreionews.com.br\/acervo-correio\/index.php?rest_route=%2Fwp%2Fv2%2Ftags&post=244681"}],"curies":[{"name":"wp","href":"https:\/\/api.w.org\/{rel}","templated":true}]}}