{"id":244682,"date":"2023-07-07T13:48:36","date_gmt":"2023-07-07T17:48:36","guid":{"rendered":"https:\/\/www.ocorreionews.com.br\/acervo-correio\/?p=244682"},"modified":"2023-07-07T13:48:36","modified_gmt":"2023-07-07T17:48:36","slug":"homem-e-preso-apos-oferecer-dinheiro-para-crianca-sair-com-ele-em-costa-rica","status":"publish","type":"post","link":"https:\/\/www.ocorreionews.com.br\/acervo-correio\/?p=244682","title":{"rendered":"Homem \u00e9 preso ap\u00f3s oferecer dinheiro para crian\u00e7a \u201csair\u201d com ele em Costa Rica"},"content":{"rendered":"<p>Na tarde desta quinta-feira (06), um homem de 34 anos foi preso em Costa Rica, por aliciar e assediar uma menina de 11 anos oferecendo dinheiro para ela sair com ele.<\/p>\n<p>De acordo com informa\u00e7\u00f5es do Boletim de Ocorr\u00eancia, por volta das 14h45min, a Policia Militar de Costa Rica foi acionada pela fam\u00edlia da v\u00edtima, informando que o autor estaria oferecendo dinheiro para uma menor de 11 anos.<\/p>\n<p>Os militares chegaram rapidamente no local e l\u00e1 o autor estava sendo contido pelos parentes da menor. Os familiares relataram que a menor estava em frente a sua resid\u00eancia, quando o autor foi onde ela estava e ele ofereceu R$ 100,00 reais para ela sair com ele.<\/p>\n<p>A tia da v\u00edtima ao presenciar o fato logo acionou a Policia Militar e chamou ajuda de outros parentes.<\/p>\n<p>O autor confessou que ofereceu o dinheiro para manter rela\u00e7\u00e3o sexual e dizia n\u00e3o saber que a v\u00edtima era menor.<\/p>\n<p>Diante disso, o autor foi encaminhado para a Delegacia de Pol\u00edcia Civil para que sejam tomadas as devidas providencias.<\/p>\n<p>&nbsp;<\/p>\n<p><em>* O Correio News, com informa\u00e7\u00f5es da Assessoria de Comunica\u00e7\u00e3o da 4\u00aa Companhia Independente de Pol\u00edcia Militar<\/em><\/p>\n","protected":false},"excerpt":{"rendered":"<p>Na tarde desta quinta-feira (06), um homem de 34 anos foi preso em Costa Rica, por aliciar e assediar uma menina de 11 anos oferecendo dinheiro para ela sair com ele. De acordo com informa\u00e7\u00f5es do Boletim de Ocorr\u00eancia, por volta das 14h45min, a Policia Militar de Costa Rica foi acionada pela fam\u00edlia da v\u00edtima, [&hellip;]<\/p>\n","protected":false},"author":5,"featured_media":241202,"comment_status":"closed","ping_status":"closed","sticky":false,"template":"","format":"standard","meta":{"footnotes":""},"categories":[25,38],"tags":[],"class_list":["post-244682","post","type-post","status-publish","format-standard","has-post-thumbnail","hentry","category-costa-rica","category-policia"],"_links":{"self":[{"href":"https:\/\/www.ocorreionews.com.br\/acervo-correio\/index.php?rest_route=\/wp\/v2\/posts\/244682","targetHints":{"allow":["GET"]}}],"collection":[{"href":"https:\/\/www.ocorreionews.com.br\/acervo-correio\/index.php?rest_route=\/wp\/v2\/posts"}],"about":[{"href":"https:\/\/www.ocorreionews.com.br\/acervo-correio\/index.php?rest_route=\/wp\/v2\/types\/post"}],"author":[{"embeddable":true,"href":"https:\/\/www.ocorreionews.com.br\/acervo-correio\/index.php?rest_route=\/wp\/v2\/users\/5"}],"replies":[{"embeddable":true,"href":"https:\/\/www.ocorreionews.com.br\/acervo-correio\/index.php?rest_route=%2Fwp%2Fv2%2Fcomments&post=244682"}],"version-history":[{"count":1,"href":"https:\/\/www.ocorreionews.com.br\/acervo-correio\/index.php?rest_route=\/wp\/v2\/posts\/244682\/revisions"}],"predecessor-version":[{"id":244684,"href":"https:\/\/www.ocorreionews.com.br\/acervo-correio\/index.php?rest_route=\/wp\/v2\/posts\/244682\/revisions\/244684"}],"wp:featuredmedia":[{"embeddable":true,"href":"https:\/\/www.ocorreionews.com.br\/acervo-correio\/index.php?rest_route=\/wp\/v2\/media\/241202"}],"wp:attachment":[{"href":"https:\/\/www.ocorreionews.com.br\/acervo-correio\/index.php?rest_route=%2Fwp%2Fv2%2Fmedia&parent=244682"}],"wp:term":[{"taxonomy":"category","embeddable":true,"href":"https:\/\/www.ocorreionews.com.br\/acervo-correio\/index.php?rest_route=%2Fwp%2Fv2%2Fcategories&post=244682"},{"taxonomy":"post_tag","embeddable":true,"href":"https:\/\/www.ocorreionews.com.br\/acervo-correio\/index.php?rest_route=%2Fwp%2Fv2%2Ftags&post=244682"}],"curies":[{"name":"wp","href":"https:\/\/api.w.org\/{rel}","templated":true}]}}