{"id":244685,"date":"2023-07-07T14:04:52","date_gmt":"2023-07-07T18:04:52","guid":{"rendered":"https:\/\/www.ocorreionews.com.br\/acervo-correio\/?p=244685"},"modified":"2023-07-07T14:04:52","modified_gmt":"2023-07-07T18:04:52","slug":"atencao-ponte-de-pedra-estara-em-manutencao-no-proximos-dias","status":"publish","type":"post","link":"https:\/\/www.ocorreionews.com.br\/acervo-correio\/?p=244685","title":{"rendered":"ATEN\u00c7\u00c3O: Ponte de Pedra estar\u00e1 em manuten\u00e7\u00e3o no pr\u00f3ximos dias"},"content":{"rendered":"<p>Aten\u00e7\u00e3o motoristas, a Prefeitura de Para\u00edso das \u00c1guas informa que a Ponte de Pedra estar\u00e1 interditada para refor\u00e7os e manuten\u00e7\u00e3o entre os dias 11 de julho e 11 de agosto de 2023.<\/p>\n<p>Haver\u00e1 sinaliza\u00e7\u00f5es instaladas em pontos estrat\u00e9gicos informando sobre a interdi\u00e7\u00e3o do acesso aos motoristas que passam pela regi\u00e3o. Uma op\u00e7\u00e3o de desvio \u00e9 a estrada do povoado Curralinho.<\/p>\n<p>Pedimos a compreens\u00e3o de todos pelo transtorno, estamos trabalhando por uma cidade cada vez melhor e um tr\u00e2nsito ainda mais seguro.<\/p>\n<p><img decoding=\"async\" src=\"https:\/\/www.paraisodasaguas.ms.gov.br\/\/uploads\/wysiwyg\/\/43d45340.png\" alt=\"\" \/><\/p>\n<p>*Assecom PMPA<\/p>\n","protected":false},"excerpt":{"rendered":"<p>Aten\u00e7\u00e3o motoristas, a Prefeitura de Para\u00edso das \u00c1guas informa que a Ponte de Pedra estar\u00e1 interditada para refor\u00e7os e manuten\u00e7\u00e3o entre os dias 11 de julho e 11 de agosto de 2023. Haver\u00e1 sinaliza\u00e7\u00f5es instaladas em pontos estrat\u00e9gicos informando sobre a interdi\u00e7\u00e3o do acesso aos motoristas que passam pela regi\u00e3o. Uma op\u00e7\u00e3o de desvio \u00e9 [&hellip;]<\/p>\n","protected":false},"author":5,"featured_media":179497,"comment_status":"closed","ping_status":"closed","sticky":false,"template":"","format":"standard","meta":{"footnotes":""},"categories":[36],"tags":[],"class_list":["post-244685","post","type-post","status-publish","format-standard","has-post-thumbnail","hentry","category-paraiso-das-aguas"],"_links":{"self":[{"href":"https:\/\/www.ocorreionews.com.br\/acervo-correio\/index.php?rest_route=\/wp\/v2\/posts\/244685","targetHints":{"allow":["GET"]}}],"collection":[{"href":"https:\/\/www.ocorreionews.com.br\/acervo-correio\/index.php?rest_route=\/wp\/v2\/posts"}],"about":[{"href":"https:\/\/www.ocorreionews.com.br\/acervo-correio\/index.php?rest_route=\/wp\/v2\/types\/post"}],"author":[{"embeddable":true,"href":"https:\/\/www.ocorreionews.com.br\/acervo-correio\/index.php?rest_route=\/wp\/v2\/users\/5"}],"replies":[{"embeddable":true,"href":"https:\/\/www.ocorreionews.com.br\/acervo-correio\/index.php?rest_route=%2Fwp%2Fv2%2Fcomments&post=244685"}],"version-history":[{"count":1,"href":"https:\/\/www.ocorreionews.com.br\/acervo-correio\/index.php?rest_route=\/wp\/v2\/posts\/244685\/revisions"}],"predecessor-version":[{"id":244686,"href":"https:\/\/www.ocorreionews.com.br\/acervo-correio\/index.php?rest_route=\/wp\/v2\/posts\/244685\/revisions\/244686"}],"wp:featuredmedia":[{"embeddable":true,"href":"https:\/\/www.ocorreionews.com.br\/acervo-correio\/index.php?rest_route=\/wp\/v2\/media\/179497"}],"wp:attachment":[{"href":"https:\/\/www.ocorreionews.com.br\/acervo-correio\/index.php?rest_route=%2Fwp%2Fv2%2Fmedia&parent=244685"}],"wp:term":[{"taxonomy":"category","embeddable":true,"href":"https:\/\/www.ocorreionews.com.br\/acervo-correio\/index.php?rest_route=%2Fwp%2Fv2%2Fcategories&post=244685"},{"taxonomy":"post_tag","embeddable":true,"href":"https:\/\/www.ocorreionews.com.br\/acervo-correio\/index.php?rest_route=%2Fwp%2Fv2%2Ftags&post=244685"}],"curies":[{"name":"wp","href":"https:\/\/api.w.org\/{rel}","templated":true}]}}