{"id":244688,"date":"2023-07-07T14:38:38","date_gmt":"2023-07-07T18:38:38","guid":{"rendered":"https:\/\/www.ocorreionews.com.br\/acervo-correio\/?p=244688"},"modified":"2023-07-07T14:49:18","modified_gmt":"2023-07-07T18:49:18","slug":"vii-moto-fest-agita-costa-rica-neste-sabado-e-fortalece-o-turismo-na-cidade","status":"publish","type":"post","link":"https:\/\/www.ocorreionews.com.br\/acervo-correio\/?p=244688","title":{"rendered":"VII Moto Fest agita Costa Rica neste s\u00e1bado e fortalece o turismo na cidade"},"content":{"rendered":"<div class=\"ntc_cont_descricao_noticia sw_txteditor\">\n<p>Neste s\u00e1bado, dia 8, a cidade de Costa Rica se prepara para receber o VII Moto Fest, um evento que promete agitar a regi\u00e3o e fortalecer o turismo local. O evento acontece no Centro de Eventos Ramez Tebet. Ser\u00e1 cobrado entrada de R$ 30 com direito ao almo\u00e7o (churrasco) e a renda ser\u00e1 revertida para a entidade beneficente Casa da Sopa. Os port\u00f5es ser\u00e3o abertos a partir das 8h.<\/p>\n<p>Com o apoio da Prefeitura de Costa Rica, por meio da Secretaria Municipal de Turismo, Meio Ambiente, Esporte e Cultura (SEMTMA), e da C\u00e2mara de Vereadores, o Moto Clube Costa Rica ser\u00e1 respons\u00e1vel por trazer uma programa\u00e7\u00e3o diversificada e animada para os amantes de motociclismo. Zoeira Off.<\/p>\n<p>O objetivo principal do VII Moto Fest \u00e9 reunir os motociclistas da regi\u00e3o e de outras partes do pa\u00eds para compartilhar experi\u00eancias, trocar informa\u00e7\u00f5es sobre o mundo das motos e promover momentos de lazer e divers\u00e3o em fam\u00edlia. Al\u00e9m disso, o evento visa fomentar o turismo na cidade, atraindo visitantes e movimentando a economia local.<\/p>\n<p>Uma das atra\u00e7\u00f5es do Moto Fest \u00e9 o almo\u00e7o, um suculento churrasco, que ser\u00e1 servido das 11h \u00e0s 15h, proporcionando aos participantes uma experi\u00eancia gastron\u00f4mica \u00fanica. A \u00e1rea para camping tamb\u00e9m estar\u00e1 dispon\u00edvel, permitindo que os motociclistas e suas fam\u00edlias possam aproveitar todo o fim de semana no local.<\/p>\n<p>Al\u00e9m disso, o VII Moto Fest contar\u00e1 com uma pra\u00e7a de alimenta\u00e7\u00e3o, garantindo que todos os participantes tenham op\u00e7\u00f5es variadas de comida e bebida durante o evento. E para animar ainda mais o p\u00fablico, diversas bandas j\u00e1 confirmaram presen\u00e7a, como Diox, Mochileiros, Rocker 163 e Stero Sound, que se apresentar\u00e3o ao longo do dia.<\/p>\n<\/div>\n<div class=\"ntc_cont_descricao_noticia sw_txteditor\">\n<p><img loading=\"lazy\" decoding=\"async\" class=\"imgcentraliza aligncenter\" src=\"https:\/\/www.costarica.ms.gov.br\/fotos\/2cb70783de94463e6ee4b3c553ae5b27.jpg\" alt=\"Foto Noticia Principal Grande\" width=\"605\" height=\"607\" \/><\/p>\n<p>A realiza\u00e7\u00e3o do Moto Fest \u00e9 de extrema import\u00e2ncia para a cidade de Costa Rica, pois al\u00e9m de movimentar a economia local, o evento tamb\u00e9m ajuda a divulgar as potencialidades tur\u00edsticas da regi\u00e3o. Com a presen\u00e7a de motociclistas de diferentes lugares, a cidade se torna conhecida e desperta o interesse de novos visitantes, que podem retornar em outras oportunidades para desfrutar das belezas naturais e das atividades de lazer dispon\u00edveis.<\/p>\n<p>A expectativa \u00e9 que a festa re\u00fana um grande n\u00famero de pessoas, fortalecendo a cena motocicl\u00edstica e contribuindo para o desenvolvimento da cidade.<\/p>\n<p>Costa Rica se transformar\u00e1 na capital do motociclismo, recebendo os apaixonados por duas rodas em um evento imperd\u00edvel. O VII Moto Fest promete ser um sucesso e colocar a cidade no mapa dos grandes encontros de motociclistas do pa\u00eds.<\/p>\n<p><img loading=\"lazy\" decoding=\"async\" class=\"imgcentraliza aligncenter\" src=\"https:\/\/www.costarica.ms.gov.br\/fotos\/908d0b561ecec52a86be353fc2578a50.jpg\" alt=\"Foto Noticia Principal Grande\" width=\"592\" height=\"592\" \/><\/p>\n<\/div>\n<div><\/div>\n<div class=\"ntc_area_info_noticia sw_lato\">\n<div>\n<div class=\"ntc_info_noticia\"><strong class=\"sw_lato_black\">Fonte: <\/strong>Assessoria de Comunica\u00e7\u00e3o \/ PMCR, <strong class=\"sw_lato_black\">\u00a0<\/strong>Silvestre de Castro<\/div>\n<\/div>\n<\/div>\n","protected":false},"excerpt":{"rendered":"<p>Neste s\u00e1bado, dia 8, a cidade de Costa Rica se prepara para receber o VII Moto Fest, um evento que promete agitar a regi\u00e3o e fortalecer o turismo local. O evento acontece no Centro de Eventos Ramez Tebet. Ser\u00e1 cobrado entrada de R$ 30 com direito ao almo\u00e7o (churrasco) e a renda ser\u00e1 revertida para [&hellip;]<\/p>\n","protected":false},"author":5,"featured_media":244691,"comment_status":"closed","ping_status":"closed","sticky":false,"template":"","format":"standard","meta":{"footnotes":""},"categories":[25],"tags":[],"class_list":["post-244688","post","type-post","status-publish","format-standard","has-post-thumbnail","hentry","category-costa-rica"],"_links":{"self":[{"href":"https:\/\/www.ocorreionews.com.br\/acervo-correio\/index.php?rest_route=\/wp\/v2\/posts\/244688","targetHints":{"allow":["GET"]}}],"collection":[{"href":"https:\/\/www.ocorreionews.com.br\/acervo-correio\/index.php?rest_route=\/wp\/v2\/posts"}],"about":[{"href":"https:\/\/www.ocorreionews.com.br\/acervo-correio\/index.php?rest_route=\/wp\/v2\/types\/post"}],"author":[{"embeddable":true,"href":"https:\/\/www.ocorreionews.com.br\/acervo-correio\/index.php?rest_route=\/wp\/v2\/users\/5"}],"replies":[{"embeddable":true,"href":"https:\/\/www.ocorreionews.com.br\/acervo-correio\/index.php?rest_route=%2Fwp%2Fv2%2Fcomments&post=244688"}],"version-history":[{"count":2,"href":"https:\/\/www.ocorreionews.com.br\/acervo-correio\/index.php?rest_route=\/wp\/v2\/posts\/244688\/revisions"}],"predecessor-version":[{"id":244692,"href":"https:\/\/www.ocorreionews.com.br\/acervo-correio\/index.php?rest_route=\/wp\/v2\/posts\/244688\/revisions\/244692"}],"wp:featuredmedia":[{"embeddable":true,"href":"https:\/\/www.ocorreionews.com.br\/acervo-correio\/index.php?rest_route=\/wp\/v2\/media\/244691"}],"wp:attachment":[{"href":"https:\/\/www.ocorreionews.com.br\/acervo-correio\/index.php?rest_route=%2Fwp%2Fv2%2Fmedia&parent=244688"}],"wp:term":[{"taxonomy":"category","embeddable":true,"href":"https:\/\/www.ocorreionews.com.br\/acervo-correio\/index.php?rest_route=%2Fwp%2Fv2%2Fcategories&post=244688"},{"taxonomy":"post_tag","embeddable":true,"href":"https:\/\/www.ocorreionews.com.br\/acervo-correio\/index.php?rest_route=%2Fwp%2Fv2%2Ftags&post=244688"}],"curies":[{"name":"wp","href":"https:\/\/api.w.org\/{rel}","templated":true}]}}