{"id":244693,"date":"2023-07-07T15:36:27","date_gmt":"2023-07-07T19:36:27","guid":{"rendered":"https:\/\/www.ocorreionews.com.br\/acervo-correio\/?p=244693"},"modified":"2023-07-07T16:03:42","modified_gmt":"2023-07-07T20:03:42","slug":"ex-namorada-e-ficante-premeditaram-assassinato-de-jogador-de-futebol-em-ms","status":"publish","type":"post","link":"https:\/\/www.ocorreionews.com.br\/acervo-correio\/?p=244693","title":{"rendered":"Ex namorada e ficante premeditaram assassinato de jogador de futebol em MS"},"content":{"rendered":"<div id=\"chunk-56kg5\">\n<div class=\"mc-column content-text active-extra-styles \" data-block-type=\"unstyled\" data-block-weight=\"44\" data-block-id=\"3\">\n<p class=\"content-text__container \" data-track-category=\"Link no Texto\" data-track-links=\"\">Para os investigadores da Pol\u00edcia Civil, o assassinato do jogador de futebol Hugo Vinicius Skulny Pedrosa foi premeditado. A informa\u00e7\u00e3o foi confirmada pelo delegado Marcos Werneck, da Delegacia Especializada de Repress\u00e3o aos Crimes de Fronteira (Defron), em coletiva de imprensa nesta sexta-feira (7).<\/p>\n<\/div>\n<\/div>\n<div class=\"wall protected-content\">\n<div id=\"chunk-37dd5\">\n<div class=\"mc-column content-text active-extra-styles\" data-block-type=\"raw\" data-block-weight=\"6\" data-block-id=\"4\">\n<p>&nbsp;<\/p>\n<p>&nbsp;<\/p>\n<\/div>\n<\/div>\n<div id=\"chunk-3f7f1\">\n<div class=\"mc-column content-text active-extra-styles \" data-block-type=\"unstyled\" data-block-weight=\"35\" data-block-id=\"5\">\n<p class=\"content-text__container \" data-track-category=\"Link no Texto\" data-track-links=\"\">O delegado informou que 17 pessoas foram ouvidas durante as dilig\u00eancias ao longo desta semana. Ao todo, seis buscas e apreens\u00f5es foram realizadas. Celulares e objetos possivelmente utilizados para esquartejar o jogador est\u00e3o apreendidos.<\/p>\n<p data-track-category=\"Link no Texto\" data-track-links=\"\">\n<\/div>\n<\/div>\n<div id=\"chunk-2oesf\">\n<div class=\"mc-column content-text active-extra-styles\" data-block-type=\"raw\" data-block-weight=\"39\" data-block-id=\"6\">\n<figure id=\"attachment_244373\" aria-describedby=\"caption-attachment-244373\" style=\"width: 551px\" class=\"wp-caption aligncenter\"><img loading=\"lazy\" decoding=\"async\" class=\"wp-image-244373 \" src=\"https:\/\/www.ocorreionews.com.br\/acervo-correio\/wp-content\/uploads\/2023\/07\/Hugo.jpg\" alt=\"\" width=\"551\" height=\"420\" \/><figcaption id=\"caption-attachment-244373\" class=\"wp-caption-text\">Hugo Vinicius Skulny<\/figcaption><\/figure>\n<blockquote class=\"content-blockquote theme-border-color-primary-before\"><p>\u201cTemos elementos para afirmar que se tratava de delito premeditado. Identificamos a qualificadora do discurso que dificultou no caso especificamente e tornou imposs\u00edvel a defesa da v\u00edtima. Identificamos a participa\u00e7\u00e3o de R\u00fabia [ex-namorada de Hugo] como co-autora do crime\u201d.<\/p><\/blockquote>\n<p>&nbsp;<\/p>\n<\/div>\n<\/div>\n<div id=\"chunk-3396s\">\n<div class=\"content-ads content-ads--reveal\" data-block-type=\"ads\" data-block-id=\"7\">\n<div><\/div>\n<\/div>\n<\/div>\n<div id=\"chunk-e4ard\">\n<div class=\"mc-column content-text active-extra-styles \" data-block-type=\"unstyled\" data-block-weight=\"39\" data-block-id=\"8\">\n<p class=\"content-text__container \" data-track-category=\"Link no Texto\" data-track-links=\"\">Ao longo da coletiva, a pol\u00edcia apontou uma terceira pe\u00e7a ao caso, um rapaz identificado apenas como Clayton. Para a investiga\u00e7\u00e3o, o depoimento de Clayton, que presenciou a morte de Hugo, foi primordial para a conclus\u00e3o do caso.<\/p>\n<p data-track-category=\"Link no Texto\" data-track-links=\"\">\n<\/div>\n<\/div>\n<div id=\"chunk-7kc65\">\n<div class=\"row medium-uncollapsed content-media content-photo\" data-block-type=\"backstage-photo\" data-block-id=\"9\">\n<div class=\" mc-column content-media__container\">\n<div class=\"content-media-container glb-skeleton-box\">\n<figure class=\"content-media-figure\">\n<figure style=\"width: 647px\" class=\"wp-caption aligncenter\"><img loading=\"lazy\" decoding=\"async\" class=\"i-amphtml-fill-content i-amphtml-replaced-content\" src=\"https:\/\/s2-g1.glbimg.com\/G9FR7keLw4pf5vlp4xwIBL9KXBg=\/0x0:1600x1200\/984x0\/smart\/filters:strip_icc()\/i.s3.glbimg.com\/v1\/AUTH_59edd422c0c84a879bd37670ae4f538a\/internal_photos\/bs\/2023\/4\/r\/UjJGnEQuCBohn9wh6ARQ\/whatsapp-image-2023-07-07-at-12.35.41.jpeg\" sizes=\"auto, (max-width: 1366px) 648px, 100vw\" srcset=\"https:\/\/s2-g1.glbimg.com\/9uidqfi5HzuolQzwSY8Hp6tQvU4=\/0x0:1600x1200\/1000x0\/smart\/filters:strip_icc()\/i.s3.glbimg.com\/v1\/AUTH_59edd422c0c84a879bd37670ae4f538a\/internal_photos\/bs\/2023\/4\/r\/UjJGnEQuCBohn9wh6ARQ\/whatsapp-image-2023-07-07-at-12.35.41.jpeg 1000w, https:\/\/s2-g1.glbimg.com\/G9FR7keLw4pf5vlp4xwIBL9KXBg=\/0x0:1600x1200\/984x0\/smart\/filters:strip_icc()\/i.s3.glbimg.com\/v1\/AUTH_59edd422c0c84a879bd37670ae4f538a\/internal_photos\/bs\/2023\/4\/r\/UjJGnEQuCBohn9wh6ARQ\/whatsapp-image-2023-07-07-at-12.35.41.jpeg 984w, https:\/\/s2-g1.glbimg.com\/ij1fVb9xv7h_jr5Xq62A5cfcxZ4=\/0x0:1600x1200\/640x0\/smart\/filters:strip_icc()\/i.s3.glbimg.com\/v1\/AUTH_59edd422c0c84a879bd37670ae4f538a\/internal_photos\/bs\/2023\/4\/r\/UjJGnEQuCBohn9wh6ARQ\/whatsapp-image-2023-07-07-at-12.35.41.jpeg 640w, https:\/\/s2-g1.glbimg.com\/wo9oRGhb70nGSui8lQjQUfm8DFg=\/0x0:1600x1200\/600x0\/smart\/filters:strip_icc()\/i.s3.glbimg.com\/v1\/AUTH_59edd422c0c84a879bd37670ae4f538a\/internal_photos\/bs\/2023\/4\/r\/UjJGnEQuCBohn9wh6ARQ\/whatsapp-image-2023-07-07-at-12.35.41.jpeg 600w\" alt=\"Coletiva de imprensa foi realizada em Sete Quedas (MS). \u2014 Foto: Martim Andrada\/TV Morena\" width=\"647\" height=\"485\" \/><figcaption class=\"wp-caption-text\">Coletiva de imprensa foi realizada em Sete Quedas (MS). \u2014 Foto: Martim Andrada\/TV Morena<\/figcaption><\/figure>\n<p>&nbsp;<\/figure>\n<\/div>\n<\/div>\n<\/div>\n<\/div>\n<\/div>\n<div id=\"chunk-c00q9\">\n<div class=\"bs-video-block mc-column content-media content-video\" data-block-type=\"backstage-video\" data-block-id=\"13\">\n<div class=\"content-media__container\">\n<p>&nbsp;<\/p>\n<\/div>\n<\/div>\n<\/div>\n<div id=\"chunk-86tj\">\n<div class=\"mc-column content-text active-extra-styles \" data-block-type=\"unstyled\" data-block-weight=\"48\" data-block-id=\"14\">\n<p class=\"content-text__container \" data-track-category=\"Link no Texto\" data-track-links=\"\">Clayton foi quem contribuiu para que a pol\u00edcia localiza-se as partes do corpo da v\u00edtima, jogadas no rio Iguatemi. O rapaz estava na casa da ex-namorada de Hugo, R\u00fabia Oliver, apontada como &#8220;pe\u00e7a-chave&#8221; do crime. Foi na casa de R\u00fabia onde o crime aconteceu, segundo a pol\u00edcia.<\/p>\n<\/div>\n<\/div>\n<div id=\"chunk-8hflj\">\n<div class=\"mc-column content-text active-extra-styles\" data-block-type=\"raw\" data-block-weight=\"36\" data-block-id=\"15\">\n<blockquote class=\"content-blockquote theme-border-color-primary-before\"><p>\u201cA colabora\u00e7\u00e3o do testemunho foi pe\u00e7a-chave no encontro dos restos mortais de Hugo. A partir desse momento, t\u00ednhamos a certeza de que n\u00e3o est\u00e1vamos mais lidando com um desaparecimento, mas sim, com homic\u00eddio\u201d, declarou o delegado.<\/p><\/blockquote>\n<\/div>\n<p>&nbsp;<\/p>\n<\/div>\n<div id=\"chunk-as9n6\">\n<div class=\"mc-column content-text active-extra-styles \" data-block-type=\"unstyled\" data-block-weight=\"51\" data-block-id=\"16\">\n<p class=\"content-text__container \" data-track-category=\"Link no Texto\" data-track-links=\"\">A investiga\u00e7\u00e3o apontou os seguintes crimes: oculta\u00e7\u00e3o de cad\u00e1ver e fraude processual. \u201cNesse momento, temos elementos para afirmar que se tratava de delito premeditado. Identificamos a qualificadora do recurso que dificultou, no caso, especificamente, tornou imposs\u00edvel a defesa da v\u00edtima e identificamos a participa\u00e7\u00e3o de R\u00fabia como coautora\u201d, afirmou Werneck.<\/p>\n<\/div>\n<\/div>\n<div class=\"content-ads content-ads--reveal\" data-block-type=\"ads\" data-block-id=\"17\"><\/div>\n<div id=\"chunk-64jeq\">\n<div class=\"mc-column content-text active-extra-styles\" data-block-type=\"raw\" data-block-weight=\"1\" data-block-id=\"18\">\n<div class=\"content-intertitle\">\n<h2>Foragido<\/h2>\n<\/div>\n<p>&nbsp;<\/p>\n<\/div>\n<\/div>\n<div id=\"chunk-3vuip\">\n<div class=\"row medium-uncollapsed content-media content-photo\" data-block-type=\"backstage-photo\" data-block-id=\"19\">\n<div class=\" mc-column content-media__container\">\n<div class=\"content-media-container glb-skeleton-box\">\n<figure class=\"content-media-figure\">\n<p><figure style=\"width: 647px\" class=\"wp-caption aligncenter\"><img loading=\"lazy\" decoding=\"async\" class=\"i-amphtml-fill-content i-amphtml-replaced-content\" src=\"https:\/\/s2-g1.glbimg.com\/Q4VLpwPUMl5TFATpm3_rEbW0SEo=\/0x0:675x384\/984x0\/smart\/filters:strip_icc()\/i.s3.glbimg.com\/v1\/AUTH_59edd422c0c84a879bd37670ae4f538a\/internal_photos\/bs\/2023\/R\/M\/XBT8L1Qi6MVdGvAn2jhg\/whatsapp-image-2023-07-06-at-13.03.54.jpeg\" sizes=\"auto, (max-width: 1366px) 648px, 100vw\" srcset=\"https:\/\/s2-g1.glbimg.com\/edrb_pg35DW5QXcB3draRz8F1Fs=\/0x0:675x384\/1000x0\/smart\/filters:strip_icc()\/i.s3.glbimg.com\/v1\/AUTH_59edd422c0c84a879bd37670ae4f538a\/internal_photos\/bs\/2023\/R\/M\/XBT8L1Qi6MVdGvAn2jhg\/whatsapp-image-2023-07-06-at-13.03.54.jpeg 1000w, https:\/\/s2-g1.glbimg.com\/Q4VLpwPUMl5TFATpm3_rEbW0SEo=\/0x0:675x384\/984x0\/smart\/filters:strip_icc()\/i.s3.glbimg.com\/v1\/AUTH_59edd422c0c84a879bd37670ae4f538a\/internal_photos\/bs\/2023\/R\/M\/XBT8L1Qi6MVdGvAn2jhg\/whatsapp-image-2023-07-06-at-13.03.54.jpeg 984w, https:\/\/s2-g1.glbimg.com\/3K3pubDwB0o88paa2LhHKZKh2fE=\/0x0:675x384\/640x0\/smart\/filters:strip_icc()\/i.s3.glbimg.com\/v1\/AUTH_59edd422c0c84a879bd37670ae4f538a\/internal_photos\/bs\/2023\/R\/M\/XBT8L1Qi6MVdGvAn2jhg\/whatsapp-image-2023-07-06-at-13.03.54.jpeg 640w, https:\/\/s2-g1.glbimg.com\/ozN04HFEeuS1YQNFmppYo9t-eMc=\/0x0:675x384\/600x0\/smart\/filters:strip_icc()\/i.s3.glbimg.com\/v1\/AUTH_59edd422c0c84a879bd37670ae4f538a\/internal_photos\/bs\/2023\/R\/M\/XBT8L1Qi6MVdGvAn2jhg\/whatsapp-image-2023-07-06-at-13.03.54.jpeg 600w\" alt=\"Rapaz est\u00e1 foragido da Pol\u00edcia Civil de Mato Grosso do Sul. \u2014 Foto: PCMS\/Reprodu\u00e7\u00e3o\" width=\"647\" height=\"368\" \/><figcaption class=\"wp-caption-text\">Rapaz est\u00e1 foragido da Pol\u00edcia Civil de Mato Grosso do Sul. \u2014 Foto: PCMS\/Reprodu\u00e7\u00e3o<\/figcaption><\/figure><\/figure>\n<\/div>\n<p>&nbsp;<\/p>\n<\/div>\n<\/div>\n<\/div>\n<div id=\"chunk-7f10e\">\n<div class=\"mc-column content-text active-extra-styles \" data-block-type=\"unstyled\" data-block-weight=\"25\" data-block-id=\"20\">\n<p class=\"content-text__container \" data-track-category=\"Link no Texto\" data-track-links=\"\">A Pol\u00edcia Civil apontou Danilo como principal suspeito de matar e esquartejar Hugo. O mandado de pris\u00e3o para o suspeito foi expedido nessa quarta-feira (5).<\/p>\n<p data-track-category=\"Link no Texto\" data-track-links=\"\">\n<\/div>\n<\/div>\n<div id=\"chunk-a3b43\">\n<div class=\"mc-column content-text active-extra-styles \" data-block-type=\"unstyled\" data-block-weight=\"31\" data-block-id=\"21\">\n<p class=\"content-text__container \" data-track-category=\"Link no Texto\" data-track-links=\"\">A Delegacia de Sete Quedas disponibilizou um n\u00famero de telefone para que a popula\u00e7\u00e3o fa\u00e7a den\u00fancias an\u00f4nimas que levem ao paradeiro do suspeito. <strong><span class=\"highlight highlighted\">O n\u00famero para contato \u00e9 o (67) 3479-1480.<\/span><\/strong><\/p>\n<p data-track-category=\"Link no Texto\" data-track-links=\"\">\n<\/div>\n<\/div>\n<div id=\"chunk-3i3m5\">\n<div class=\"mc-column content-text active-extra-styles \" data-block-type=\"unstyled\" data-block-weight=\"39\" data-block-id=\"22\">\n<p class=\"content-text__container \" data-track-category=\"Link no Texto\" data-track-links=\"\">A identidade do suspeito foi confirmada pela Pol\u00edcia Civil. Conforme a investiga\u00e7\u00e3o, grande quantidade de sangue foi encontrada na casa da ex-namorada de Hugo e no local onde o atleta foi esquartejado, uma fazenda \u00e0s margens do rio Iguatemi.<\/p>\n<p data-track-category=\"Link no Texto\" data-track-links=\"\">\n<\/div>\n<\/div>\n<div id=\"chunk-ev7c8\">\n<div class=\"mc-column content-text active-extra-styles \" data-block-type=\"unstyled\" data-block-weight=\"16\" data-block-id=\"23\">\n<p class=\"content-text__container \" data-track-category=\"Link no Texto\" data-track-links=\"\">Os vest\u00edgios de sangue foram achados durante a reprodu\u00e7\u00e3o simulada do assassinato do jogador de futebol.<\/p>\n<\/div>\n<\/div>\n<div id=\"chunk-dndjo\">\n<div class=\"content-ads content-ads--reveal\" data-block-type=\"ads\" data-block-id=\"24\">\n<div><\/div>\n<\/div>\n<\/div>\n<div id=\"chunk-59s8o\">\n<div class=\"mc-column content-text active-extra-styles\" data-block-type=\"raw\" data-block-weight=\"3\" data-block-id=\"25\">\n<div class=\"content-intertitle\">\n<h2>Entenda o caso<\/h2>\n<\/div>\n<p>&nbsp;<\/p>\n<\/div>\n<\/div>\n<div id=\"chunk-ba59b\">\n<div class=\"mc-column content-text active-extra-styles \" data-block-type=\"unstyled\" data-block-weight=\"34\" data-block-id=\"27\">\n<p class=\"content-text__container \" data-track-category=\"Link no Texto\" data-track-links=\"\">A ex-namorada de Hugo foi presa na ter\u00e7a-feira (4), pela Pol\u00edcia Civil. De acordo com a investiga\u00e7\u00e3o, o atleta foi morto na casa da ex, Rubia Joice de Oliver Luvisetto.<\/p>\n<p data-track-category=\"Link no Texto\" data-track-links=\"\">\n<\/div>\n<\/div>\n<div id=\"chunk-6tcou\">\n<div class=\"mc-column content-text active-extra-styles \" data-block-type=\"unstyled\" data-block-weight=\"48\" data-block-id=\"28\">\n<p class=\"content-text__container \" data-track-category=\"Link no Texto\" data-track-links=\"\">Segundo a Pol\u00edcia Civil, Hugo ficou desaparecido por sete dias ap\u00f3s ter ido a uma festa em Pindoty Por\u00e3, no Paraguai. &#8220;Ele j\u00e1 havia levado tr\u00eas tiros, utilizaram instrumentos para oculta\u00e7\u00e3o do corpo&#8221;, disse a delegada. As investiga\u00e7\u00f5es ainda apontam que o corpo foi esquartejado em pequenos peda\u00e7os.<\/p>\n<p data-track-category=\"Link no Texto\" data-track-links=\"\">\n<\/div>\n<\/div>\n<div id=\"chunk-30p0b\">\n<div class=\"row medium-uncollapsed content-media content-photo\" data-block-type=\"backstage-photo\" data-block-id=\"29\">\n<div class=\" mc-column content-media__container\">\n<div class=\"content-media-container glb-skeleton-box\">\n<figure class=\"content-media-figure\">\n<p><figure style=\"width: 647px\" class=\"wp-caption aligncenter\"><img loading=\"lazy\" decoding=\"async\" class=\"i-amphtml-fill-content i-amphtml-replaced-content\" src=\"https:\/\/s2-g1.glbimg.com\/uLW-mDvLGyEYvFD2EssUnhuAghs=\/0x0:1170x1038\/984x0\/smart\/filters:strip_icc()\/i.s3.glbimg.com\/v1\/AUTH_59edd422c0c84a879bd37670ae4f538a\/internal_photos\/bs\/2023\/x\/x\/mYowFLRBqWjGhKWQUEng\/whatsapp-image-2023-07-05-at-10.57.37.jpeg\" sizes=\"auto, (max-width: 1366px) 648px, 100vw\" srcset=\"https:\/\/s2-g1.glbimg.com\/Qee4h926a0c0r2bAz6tyR4gtbOg=\/0x0:1170x1038\/1000x0\/smart\/filters:strip_icc()\/i.s3.glbimg.com\/v1\/AUTH_59edd422c0c84a879bd37670ae4f538a\/internal_photos\/bs\/2023\/x\/x\/mYowFLRBqWjGhKWQUEng\/whatsapp-image-2023-07-05-at-10.57.37.jpeg 1000w, https:\/\/s2-g1.glbimg.com\/uLW-mDvLGyEYvFD2EssUnhuAghs=\/0x0:1170x1038\/984x0\/smart\/filters:strip_icc()\/i.s3.glbimg.com\/v1\/AUTH_59edd422c0c84a879bd37670ae4f538a\/internal_photos\/bs\/2023\/x\/x\/mYowFLRBqWjGhKWQUEng\/whatsapp-image-2023-07-05-at-10.57.37.jpeg 984w, https:\/\/s2-g1.glbimg.com\/I5d3GMDhp4vb5LMuVaHKTHDvJK0=\/0x0:1170x1038\/640x0\/smart\/filters:strip_icc()\/i.s3.glbimg.com\/v1\/AUTH_59edd422c0c84a879bd37670ae4f538a\/internal_photos\/bs\/2023\/x\/x\/mYowFLRBqWjGhKWQUEng\/whatsapp-image-2023-07-05-at-10.57.37.jpeg 640w, https:\/\/s2-g1.glbimg.com\/vpbS3jwNPy6ua55HeHibDjRjqvU=\/0x0:1170x1038\/600x0\/smart\/filters:strip_icc()\/i.s3.glbimg.com\/v1\/AUTH_59edd422c0c84a879bd37670ae4f538a\/internal_photos\/bs\/2023\/x\/x\/mYowFLRBqWjGhKWQUEng\/whatsapp-image-2023-07-05-at-10.57.37.jpeg 600w\" alt=\"De acordo com advogado de defesa, Hugo e Rubia se encontraram algumas vezes depois de t\u00e9rmino. \u2014 Foto: Reprodu\u00e7\u00e3o\" width=\"647\" height=\"574\" \/><figcaption class=\"wp-caption-text\">De acordo com advogado de defesa, Hugo e Rubia se encontraram algumas vezes depois de t\u00e9rmino. \u2014 Foto: Reprodu\u00e7\u00e3o<\/figcaption><\/figure><\/figure>\n<\/div>\n<p class=\"content-media__description \">\n<\/div>\n<\/div>\n<\/div>\n<div class=\"content-ads content-ads--reveal\" data-block-type=\"ads\" data-block-id=\"30\"><\/div>\n<div id=\"chunk-83llt\">\n<div class=\"mc-column content-text active-extra-styles \" data-block-type=\"unstyled\" data-block-weight=\"25\" data-block-id=\"31\">\n<p class=\"content-text__container \" data-track-category=\"Link no Texto\" data-track-links=\"\">O atleta desapareceu na madrugada do dia 25 de junho. O sumi\u00e7o do jovem foi registrado na segunda-feira (26), pela m\u00e3e de Hugo, Eliana Skulny.<\/p>\n<p data-track-category=\"Link no Texto\" data-track-links=\"\">\n<\/div>\n<\/div>\n<div id=\"chunk-7jiko\">\n<div class=\"mc-column content-text active-extra-styles \" data-block-type=\"unstyled\" data-block-weight=\"33\" data-block-id=\"32\">\n<p class=\"content-text__container \" data-track-category=\"Link no Texto\" data-track-links=\"\">Ap\u00f3s sete dias de muitas buscas, partes do corpo de Hugo foi encontrado no domingo (2), no rio Iguatemi, em Sete Quedas.<\/p>\n<p data-track-category=\"Link no Texto\" data-track-links=\"\">\n<\/div>\n<\/div>\n<div id=\"chunk-67ddb\">\n<div class=\"mc-column content-text active-extra-styles \" data-block-type=\"unstyled\" data-block-weight=\"28\" data-block-id=\"33\">\n<p class=\"content-text__container \" data-track-category=\"Link no Texto\" data-track-links=\"\">Os restos mortais foram encontradas durante uma opera\u00e7\u00e3o de for\u00e7a-tarefa envolvendo as pol\u00edcias Civil, Militar, Corpo de Bombeiros e Delegacia Especializada de Repress\u00e3o aos Crimes de Fronteira (Defron).<\/p>\n<p data-track-category=\"Link no Texto\" data-track-links=\"\">\n<\/div>\n<\/div>\n<div id=\"chunk-8k227\">\n<div class=\"mc-column content-text active-extra-styles \" data-block-type=\"unstyled\" data-block-weight=\"46\" data-block-id=\"34\">\n<p class=\"content-text__container \" data-track-category=\"Link no Texto\" data-track-links=\"\">O reconhecimento foi feito a partir de uma tatuagem que o Hugo tinha no bra\u00e7o, com o nome do pai, falecido h\u00e1 cerca de dois anos. As partes do corpo foram levadas para o Instituto de Medicina e Odontologia Legal (IMOL) e ainda n\u00e3o foram liberadas. (Por Jos\u00e9 C\u00e2mara e Rafaela Moreira, g1 MS)<\/p>\n<p data-track-category=\"Link no Texto\" data-track-links=\"\">\n<\/div>\n<\/div>\n<p>Veja abaixo as fotos das per\u00edcias realizadas no carro e casa de ex namorada, al\u00e9m do s\u00edtio do pai de Danilo, com uso de luminol, que acusou a presen\u00e7a de grande quantidade de sangue. J\u00e1 no dia 05\/07, a Pol\u00edcia Civil realizou uma reprodu\u00e7\u00e3o simulada, com a participa\u00e7\u00e3o de Rubia e o Clayton, que reconstituiu passo a passo de como o crime aconteceu.<\/p>\n<p><a href=\"https:\/\/www.pc.ms.gov.br\/wp-content\/uploads\/2023\/07\/IMG_6244-scaled.jpg\"><img loading=\"lazy\" decoding=\"async\" class=\"alignnone size-medium wp-image-118536\" src=\"https:\/\/www.pc.ms.gov.br\/wp-content\/uploads\/2023\/07\/IMG_6244-300x200.jpg\" sizes=\"auto, (max-width: 300px) 100vw, 300px\" srcset=\"https:\/\/www.pc.ms.gov.br\/wp-content\/uploads\/2023\/07\/IMG_6244-300x200.jpg 300w, https:\/\/www.pc.ms.gov.br\/wp-content\/uploads\/2023\/07\/IMG_6244-1024x683.jpg 1024w, https:\/\/www.pc.ms.gov.br\/wp-content\/uploads\/2023\/07\/IMG_6244-768x512.jpg 768w, https:\/\/www.pc.ms.gov.br\/wp-content\/uploads\/2023\/07\/IMG_6244-1536x1024.jpg 1536w, https:\/\/www.pc.ms.gov.br\/wp-content\/uploads\/2023\/07\/IMG_6244-2048x1365.jpg 2048w\" alt=\"\" width=\"300\" height=\"200\" \/><\/a><a href=\"https:\/\/www.pc.ms.gov.br\/wp-content\/uploads\/2023\/07\/IMG_6248-scaled.jpg\"><img loading=\"lazy\" decoding=\"async\" class=\"alignnone size-medium wp-image-118537\" src=\"https:\/\/www.pc.ms.gov.br\/wp-content\/uploads\/2023\/07\/IMG_6248-300x200.jpg\" sizes=\"auto, (max-width: 300px) 100vw, 300px\" srcset=\"https:\/\/www.pc.ms.gov.br\/wp-content\/uploads\/2023\/07\/IMG_6248-300x200.jpg 300w, https:\/\/www.pc.ms.gov.br\/wp-content\/uploads\/2023\/07\/IMG_6248-1024x683.jpg 1024w, https:\/\/www.pc.ms.gov.br\/wp-content\/uploads\/2023\/07\/IMG_6248-768x512.jpg 768w, https:\/\/www.pc.ms.gov.br\/wp-content\/uploads\/2023\/07\/IMG_6248-1536x1024.jpg 1536w, https:\/\/www.pc.ms.gov.br\/wp-content\/uploads\/2023\/07\/IMG_6248-2048x1365.jpg 2048w\" alt=\"\" width=\"300\" height=\"200\" \/><\/a><a href=\"https:\/\/www.pc.ms.gov.br\/wp-content\/uploads\/2023\/07\/IMG_6228-scaled.jpg\"><img loading=\"lazy\" decoding=\"async\" class=\"alignnone size-medium wp-image-118539\" src=\"https:\/\/www.pc.ms.gov.br\/wp-content\/uploads\/2023\/07\/IMG_6228-300x200.jpg\" sizes=\"auto, (max-width: 300px) 100vw, 300px\" srcset=\"https:\/\/www.pc.ms.gov.br\/wp-content\/uploads\/2023\/07\/IMG_6228-300x200.jpg 300w, https:\/\/www.pc.ms.gov.br\/wp-content\/uploads\/2023\/07\/IMG_6228-1024x683.jpg 1024w, https:\/\/www.pc.ms.gov.br\/wp-content\/uploads\/2023\/07\/IMG_6228-768x512.jpg 768w, https:\/\/www.pc.ms.gov.br\/wp-content\/uploads\/2023\/07\/IMG_6228-1536x1024.jpg 1536w, https:\/\/www.pc.ms.gov.br\/wp-content\/uploads\/2023\/07\/IMG_6228-2048x1365.jpg 2048w\" alt=\"\" width=\"300\" height=\"200\" \/><\/a><a href=\"https:\/\/www.pc.ms.gov.br\/wp-content\/uploads\/2023\/07\/IMG_6341-scaled.jpg\"><img loading=\"lazy\" decoding=\"async\" class=\"alignnone size-medium wp-image-118541\" src=\"https:\/\/www.pc.ms.gov.br\/wp-content\/uploads\/2023\/07\/IMG_6341-300x200.jpg\" sizes=\"auto, (max-width: 300px) 100vw, 300px\" srcset=\"https:\/\/www.pc.ms.gov.br\/wp-content\/uploads\/2023\/07\/IMG_6341-300x200.jpg 300w, https:\/\/www.pc.ms.gov.br\/wp-content\/uploads\/2023\/07\/IMG_6341-1024x683.jpg 1024w, https:\/\/www.pc.ms.gov.br\/wp-content\/uploads\/2023\/07\/IMG_6341-768x512.jpg 768w, https:\/\/www.pc.ms.gov.br\/wp-content\/uploads\/2023\/07\/IMG_6341-1536x1024.jpg 1536w, https:\/\/www.pc.ms.gov.br\/wp-content\/uploads\/2023\/07\/IMG_6341-2048x1365.jpg 2048w\" alt=\"\" width=\"300\" height=\"200\" \/><\/a><a href=\"https:\/\/www.pc.ms.gov.br\/wp-content\/uploads\/2023\/07\/IMG_6421-scaled.jpg\"><img loading=\"lazy\" decoding=\"async\" class=\"alignnone size-medium wp-image-118543\" src=\"https:\/\/www.pc.ms.gov.br\/wp-content\/uploads\/2023\/07\/IMG_6421-300x200.jpg\" sizes=\"auto, (max-width: 300px) 100vw, 300px\" srcset=\"https:\/\/www.pc.ms.gov.br\/wp-content\/uploads\/2023\/07\/IMG_6421-300x200.jpg 300w, https:\/\/www.pc.ms.gov.br\/wp-content\/uploads\/2023\/07\/IMG_6421-1024x683.jpg 1024w, https:\/\/www.pc.ms.gov.br\/wp-content\/uploads\/2023\/07\/IMG_6421-768x512.jpg 768w, https:\/\/www.pc.ms.gov.br\/wp-content\/uploads\/2023\/07\/IMG_6421-1536x1024.jpg 1536w, https:\/\/www.pc.ms.gov.br\/wp-content\/uploads\/2023\/07\/IMG_6421-2048x1365.jpg 2048w\" alt=\"\" width=\"300\" height=\"200\" \/><\/a><a href=\"https:\/\/www.pc.ms.gov.br\/wp-content\/uploads\/2023\/07\/IMG_6483-scaled.jpg\"><img loading=\"lazy\" decoding=\"async\" class=\"alignnone size-medium wp-image-118544\" src=\"https:\/\/www.pc.ms.gov.br\/wp-content\/uploads\/2023\/07\/IMG_6483-300x200.jpg\" sizes=\"auto, (max-width: 300px) 100vw, 300px\" srcset=\"https:\/\/www.pc.ms.gov.br\/wp-content\/uploads\/2023\/07\/IMG_6483-300x200.jpg 300w, https:\/\/www.pc.ms.gov.br\/wp-content\/uploads\/2023\/07\/IMG_6483-1024x683.jpg 1024w, https:\/\/www.pc.ms.gov.br\/wp-content\/uploads\/2023\/07\/IMG_6483-768x512.jpg 768w, https:\/\/www.pc.ms.gov.br\/wp-content\/uploads\/2023\/07\/IMG_6483-1536x1024.jpg 1536w, https:\/\/www.pc.ms.gov.br\/wp-content\/uploads\/2023\/07\/IMG_6483-2048x1365.jpg 2048w\" alt=\"\" width=\"300\" height=\"200\" \/><\/a><a href=\"https:\/\/www.pc.ms.gov.br\/wp-content\/uploads\/2023\/07\/IMG_6514-scaled.jpg\"><img loading=\"lazy\" decoding=\"async\" class=\"alignnone size-medium wp-image-118546\" src=\"https:\/\/www.pc.ms.gov.br\/wp-content\/uploads\/2023\/07\/IMG_6514-300x200.jpg\" sizes=\"auto, (max-width: 300px) 100vw, 300px\" srcset=\"https:\/\/www.pc.ms.gov.br\/wp-content\/uploads\/2023\/07\/IMG_6514-300x200.jpg 300w, https:\/\/www.pc.ms.gov.br\/wp-content\/uploads\/2023\/07\/IMG_6514-1024x683.jpg 1024w, https:\/\/www.pc.ms.gov.br\/wp-content\/uploads\/2023\/07\/IMG_6514-768x512.jpg 768w, https:\/\/www.pc.ms.gov.br\/wp-content\/uploads\/2023\/07\/IMG_6514-1536x1024.jpg 1536w, https:\/\/www.pc.ms.gov.br\/wp-content\/uploads\/2023\/07\/IMG_6514-2048x1365.jpg 2048w\" alt=\"\" width=\"300\" height=\"200\" \/><\/a><a href=\"https:\/\/www.pc.ms.gov.br\/wp-content\/uploads\/2023\/07\/IMG_6521-scaled.jpg\"><img loading=\"lazy\" decoding=\"async\" class=\"alignnone size-medium wp-image-118548\" src=\"https:\/\/www.pc.ms.gov.br\/wp-content\/uploads\/2023\/07\/IMG_6521-300x200.jpg\" sizes=\"auto, (max-width: 300px) 100vw, 300px\" srcset=\"https:\/\/www.pc.ms.gov.br\/wp-content\/uploads\/2023\/07\/IMG_6521-300x200.jpg 300w, https:\/\/www.pc.ms.gov.br\/wp-content\/uploads\/2023\/07\/IMG_6521-1024x683.jpg 1024w, https:\/\/www.pc.ms.gov.br\/wp-content\/uploads\/2023\/07\/IMG_6521-768x512.jpg 768w, https:\/\/www.pc.ms.gov.br\/wp-content\/uploads\/2023\/07\/IMG_6521-1536x1024.jpg 1536w, https:\/\/www.pc.ms.gov.br\/wp-content\/uploads\/2023\/07\/IMG_6521-2048x1365.jpg 2048w\" alt=\"\" width=\"300\" height=\"200\" \/><\/a><a href=\"https:\/\/www.pc.ms.gov.br\/wp-content\/uploads\/2023\/07\/IMG_6537-scaled.jpg\"><img loading=\"lazy\" decoding=\"async\" class=\"alignnone size-medium wp-image-118540\" src=\"https:\/\/www.pc.ms.gov.br\/wp-content\/uploads\/2023\/07\/IMG_6537-300x200.jpg\" sizes=\"auto, (max-width: 300px) 100vw, 300px\" srcset=\"https:\/\/www.pc.ms.gov.br\/wp-content\/uploads\/2023\/07\/IMG_6537-300x200.jpg 300w, https:\/\/www.pc.ms.gov.br\/wp-content\/uploads\/2023\/07\/IMG_6537-1024x683.jpg 1024w, https:\/\/www.pc.ms.gov.br\/wp-content\/uploads\/2023\/07\/IMG_6537-768x512.jpg 768w, https:\/\/www.pc.ms.gov.br\/wp-content\/uploads\/2023\/07\/IMG_6537-1536x1024.jpg 1536w, https:\/\/www.pc.ms.gov.br\/wp-content\/uploads\/2023\/07\/IMG_6537-2048x1365.jpg 2048w\" alt=\"\" width=\"300\" height=\"200\" \/><\/a><a href=\"https:\/\/www.pc.ms.gov.br\/wp-content\/uploads\/2023\/07\/IMG_6535-scaled.jpg\"><img loading=\"lazy\" decoding=\"async\" class=\"alignnone size-medium wp-image-118535\" src=\"https:\/\/www.pc.ms.gov.br\/wp-content\/uploads\/2023\/07\/IMG_6535-300x200.jpg\" sizes=\"auto, (max-width: 300px) 100vw, 300px\" srcset=\"https:\/\/www.pc.ms.gov.br\/wp-content\/uploads\/2023\/07\/IMG_6535-300x200.jpg 300w, https:\/\/www.pc.ms.gov.br\/wp-content\/uploads\/2023\/07\/IMG_6535-1024x683.jpg 1024w, https:\/\/www.pc.ms.gov.br\/wp-content\/uploads\/2023\/07\/IMG_6535-768x512.jpg 768w, https:\/\/www.pc.ms.gov.br\/wp-content\/uploads\/2023\/07\/IMG_6535-1536x1024.jpg 1536w, https:\/\/www.pc.ms.gov.br\/wp-content\/uploads\/2023\/07\/IMG_6535-2048x1365.jpg 2048w\" alt=\"\" width=\"300\" height=\"200\" \/><\/a><a href=\"https:\/\/www.pc.ms.gov.br\/wp-content\/uploads\/2023\/07\/IMG_6542-scaled.jpg\"><img loading=\"lazy\" decoding=\"async\" class=\"alignnone size-medium wp-image-118549\" src=\"https:\/\/www.pc.ms.gov.br\/wp-content\/uploads\/2023\/07\/IMG_6542-300x200.jpg\" sizes=\"auto, (max-width: 300px) 100vw, 300px\" srcset=\"https:\/\/www.pc.ms.gov.br\/wp-content\/uploads\/2023\/07\/IMG_6542-300x200.jpg 300w, https:\/\/www.pc.ms.gov.br\/wp-content\/uploads\/2023\/07\/IMG_6542-1024x683.jpg 1024w, https:\/\/www.pc.ms.gov.br\/wp-content\/uploads\/2023\/07\/IMG_6542-768x512.jpg 768w, https:\/\/www.pc.ms.gov.br\/wp-content\/uploads\/2023\/07\/IMG_6542-1536x1024.jpg 1536w, https:\/\/www.pc.ms.gov.br\/wp-content\/uploads\/2023\/07\/IMG_6542-2048x1365.jpg 2048w\" alt=\"\" width=\"300\" height=\"200\" \/><\/a><\/p>\n<p>Fotos Pol\u00edcia Civil<\/p>\n","protected":false},"excerpt":{"rendered":"<p>Para os investigadores da Pol\u00edcia Civil, o assassinato do jogador de futebol Hugo Vinicius Skulny Pedrosa foi premeditado. A informa\u00e7\u00e3o foi confirmada pelo delegado Marcos Werneck, da Delegacia Especializada de Repress\u00e3o aos Crimes de Fronteira (Defron), em coletiva de imprensa nesta sexta-feira (7). &nbsp; &nbsp; O delegado informou que 17 pessoas foram ouvidas durante as [&hellip;]<\/p>\n","protected":false},"author":5,"featured_media":244695,"comment_status":"closed","ping_status":"closed","sticky":false,"template":"","format":"standard","meta":{"footnotes":""},"categories":[38],"tags":[],"class_list":["post-244693","post","type-post","status-publish","format-standard","has-post-thumbnail","hentry","category-policia"],"_links":{"self":[{"href":"https:\/\/www.ocorreionews.com.br\/acervo-correio\/index.php?rest_route=\/wp\/v2\/posts\/244693","targetHints":{"allow":["GET"]}}],"collection":[{"href":"https:\/\/www.ocorreionews.com.br\/acervo-correio\/index.php?rest_route=\/wp\/v2\/posts"}],"about":[{"href":"https:\/\/www.ocorreionews.com.br\/acervo-correio\/index.php?rest_route=\/wp\/v2\/types\/post"}],"author":[{"embeddable":true,"href":"https:\/\/www.ocorreionews.com.br\/acervo-correio\/index.php?rest_route=\/wp\/v2\/users\/5"}],"replies":[{"embeddable":true,"href":"https:\/\/www.ocorreionews.com.br\/acervo-correio\/index.php?rest_route=%2Fwp%2Fv2%2Fcomments&post=244693"}],"version-history":[{"count":3,"href":"https:\/\/www.ocorreionews.com.br\/acervo-correio\/index.php?rest_route=\/wp\/v2\/posts\/244693\/revisions"}],"predecessor-version":[{"id":244708,"href":"https:\/\/www.ocorreionews.com.br\/acervo-correio\/index.php?rest_route=\/wp\/v2\/posts\/244693\/revisions\/244708"}],"wp:featuredmedia":[{"embeddable":true,"href":"https:\/\/www.ocorreionews.com.br\/acervo-correio\/index.php?rest_route=\/wp\/v2\/media\/244695"}],"wp:attachment":[{"href":"https:\/\/www.ocorreionews.com.br\/acervo-correio\/index.php?rest_route=%2Fwp%2Fv2%2Fmedia&parent=244693"}],"wp:term":[{"taxonomy":"category","embeddable":true,"href":"https:\/\/www.ocorreionews.com.br\/acervo-correio\/index.php?rest_route=%2Fwp%2Fv2%2Fcategories&post=244693"},{"taxonomy":"post_tag","embeddable":true,"href":"https:\/\/www.ocorreionews.com.br\/acervo-correio\/index.php?rest_route=%2Fwp%2Fv2%2Ftags&post=244693"}],"curies":[{"name":"wp","href":"https:\/\/api.w.org\/{rel}","templated":true}]}}