{"id":244696,"date":"2023-07-07T15:32:58","date_gmt":"2023-07-07T19:32:58","guid":{"rendered":"https:\/\/www.ocorreionews.com.br\/acervo-correio\/?p=244696"},"modified":"2023-07-07T15:32:58","modified_gmt":"2023-07-07T19:32:58","slug":"pauta-da-sessao-das-09hs00-da-camara-de-chapadao-doa-dia-10-de-julho","status":"publish","type":"post","link":"https:\/\/www.ocorreionews.com.br\/acervo-correio\/?p=244696","title":{"rendered":"Pauta da sess\u00e3o das 09hs00 da C\u00e2mara de Chapad\u00e3o doa dia 10 de julho"},"content":{"rendered":"<p>&nbsp;<\/p>\n<p><strong><u>PAUTA PARA A 1422\u00aa SESS\u00c3O ORDIN\u00c1RIA,<\/u><\/strong><\/p>\n<p><strong><u>DA 3\u00aa<\/u><\/strong> <strong><u>SESS\u00c3O<\/u><\/strong> <strong><u>LEGISLATIVA,<\/u><\/strong><\/p>\n<p><strong><u>DA 9\u00aa LEGISLATURA, A REALIZAR-SE<\/u><\/strong><\/p>\n<p><strong><u>NO DIA 10\/07\/2023 \u2013 SEGUNDA-FEIRA<\/u><\/strong><\/p>\n<p><strong><u>\u00c0s 9h \u2013 C\u00e2mara Municipal<\/u><\/strong><\/p>\n<p>&nbsp;<\/p>\n<p><strong><u>EXPEDIENTE DE VEREADORES<\/u><\/strong><\/p>\n<p>&nbsp;<\/p>\n<p><strong>Requerimento n\u00ba 141\/2023 \u2013 Vereador Mika<\/strong><\/p>\n<p>REQUER-SE \u00e0 Mesa, com observ\u00e2ncia nas disposi\u00e7\u00f5es regimentais, o envio de Expediente ao Prefeito Municipal, Jo\u00e3o Carlos Krug, om c\u00f3pia ao Secret\u00e1rio de Finan\u00e7as e Planejamento, Itamar Mariani, a seguinte solicita\u00e7\u00e3o:<\/p>\n<ul>\n<li>Encaminhe a esta Casa de Leis a rela\u00e7\u00e3o dos dez maiores contribuintes do munic\u00edpio, com rela\u00e7\u00e3o ao ISSQN (Imposto Sobre Servi\u00e7os de Qualquer Natureza).<\/li>\n<\/ul>\n<p>&nbsp;<\/p>\n<p><strong>Requerimento n\u00ba 142\/2023 \u2013 Vereador Vanderson Cardoso<\/strong><\/p>\n<p>REQUER-SE \u00e0 Mesa, com observ\u00e2ncia nas disposi\u00e7\u00f5es regimentais, o envio de Expediente ao Prefeito Municipal, Jo\u00e3o Carlos Krug, solicitando as seguintes informa\u00e7\u00f5es:<\/p>\n<ul>\n<li>Informe em que fase se encontra a implanta\u00e7\u00e3o do programa\/projeto de asfaltamento das estradas rurais municipais em nosso munic\u00edpio.<\/li>\n<\/ul>\n<p>&nbsp;<\/p>\n<p><strong>Requerimento n\u00ba 143\/2023 \u2013 Vereador Mika<\/strong><\/p>\n<p>REQUER-SE \u00e0 Mesa, com observ\u00e2ncia nas disposi\u00e7\u00f5es regimentais, o envio de Expediente ao Diretor Presidente da SANESUL, Renato Marc\u00edlio da Silva, solicitando as seguintes informa\u00e7\u00f5es:<\/p>\n<ul>\n<li>Informe os valores totais investidos no munic\u00edpio de Chapad\u00e3o do Sul nos \u00faltimos dois anos, de acordo com o contrato firmado entre a SANESUL e a prefeitura.<\/li>\n<\/ul>\n<p>&nbsp;<\/p>\n<p><strong>Indica\u00e7\u00e3o n\u00ba 926\/2023 \u2013 Vereadora Alline Tontini<\/strong><\/p>\n<p>INDICA-SE, com observ\u00e2ncia nas disposi\u00e7\u00f5es regimentais, o envio de expediente ao Prefeito Municipal, Jo\u00e3o Carlos Krug, com c\u00f3pia ao Secret\u00e1rio de Desenvolvimento Econ\u00f4mico e Meio Ambiente, Jos\u00e9 Teixeira J\u00fanior, solicitando que seja disponibilizado um Caminh\u00e3o para coleta de lixo no Assentamento Aroeira e Pedra Branca, pelo menos uma vez a cada quinze dias.<\/p>\n<p>&nbsp;<\/p>\n<p><strong>Indica\u00e7\u00e3o n\u00ba 927\/2023 \u2013 Professora Almira<\/strong><\/p>\n<p>INDICA-SE, com observ\u00e2ncia nas disposi\u00e7\u00f5es regimentais, o envio de expediente ao Prefeito Municipal, Jo\u00e3o Carlos Krug, com c\u00f3pia ao Secret\u00e1rio de Educa\u00e7\u00e3o e Cultura, Guerino Perius, solicitando que sejam contratados mais psic\u00f3logos, para atender os alunos da Rede Municipal de Ensino. Refor\u00e7ando a Indica\u00e7\u00e3o de n\u00ba 633\/2022 de autoria desta Vereadora.<\/p>\n<p>&nbsp;<\/p>\n<p><strong>Indica\u00e7\u00e3o n\u00ba 928\/2023 \u2013 Professora Almira<\/strong><\/p>\n<p>INDICA-SE, com observ\u00e2ncia nas disposi\u00e7\u00f5es regimentais, o envio de expediente ao Prefeito Municipal, Jo\u00e3o Carlos Krug, solicitando que seja ministrada capacita\u00e7\u00e3o para funcionalismo p\u00fablico, voltada ao atendimento \u00e0s pessoas neuroat\u00edpicas e portadores de outras defici\u00eancias. Refor\u00e7ando a Indica\u00e7\u00e3o de n\u00ba 618\/2022 de autoria desta Vereadora.<\/p>\n<p>&nbsp;<\/p>\n<p><strong>Indica\u00e7\u00e3o n\u00ba 929\/2023 \u2013 Andr\u00e9 dos Anjos<\/strong><\/p>\n<p>INDICA-SE \u00e0 Mesa, na forma regimental, e depois de ouvido o Douto Plen\u00e1rio de Delibera\u00e7\u00f5es, o envio de expediente ao Prefeito Municipal, Jo\u00e3o Carlos Krug, com c\u00f3pia ao Diretor do DEMUTRAN, Pedro Lopes, solicitando a instala\u00e7\u00e3o de Lombo faixa na Avenida Rio Grande do Sul, entre a Avenida S\u00e3o Paulo e Rua das Flores, considerando o grande n\u00famero de acidentes que ocorrem no local, devido ao excesso de velocidade dos ve\u00edculos. Refor\u00e7ando a Indica\u00e7\u00e3o de n\u00ba 625\/2022 de autoria do Vereador Vanderson Cardoso.<\/p>\n<p>&nbsp;<\/p>\n<p><strong>Indica\u00e7\u00e3o n\u00ba 930\/2023 \u2013 Andr\u00e9 dos Anjos<\/strong><\/p>\n<p>INDICA-SE, com observ\u00e2ncia nas disposi\u00e7\u00f5es regimentais, o envio de expediente ao Presidente da Assembleia Legislativa de MS, Deputado Gerson Claro para que informem a possibilidade de, juntamente com seus pares, propor nesta Casa, Projeto de Lei que autoriza a isen\u00e7\u00e3o de IPVA (Imposto Sobre a Propriedade de Ve\u00edculos Automotores) para motocicletas de at\u00e9 150 cilindradas. Refor\u00e7ando a Indica\u00e7\u00e3o de n\u00ba 325\/2021 de autoria deste Vereador.<\/p>\n<p>&nbsp;<\/p>\n<p><strong>Indica\u00e7\u00e3o n\u00ba 931\/2023 \u2013 Vanderson Cardoso<\/strong><\/p>\n<p>INDICA-SE, com observ\u00e2ncia nas disposi\u00e7\u00f5es regimentais, o envio de expediente \u00e0 Deputada Estadual Mara Caseiro, solicitando apoio junto ao Governador do Estado, Eduardo Riedel, para realizar a reforma geral da quadra esportiva da Escola Jorge Amado.<\/p>\n<p>&nbsp;<\/p>\n<p><strong>Indica\u00e7\u00e3o n\u00ba 932\/2023 \u2013 Vanderson Cardoso<\/strong><\/p>\n<p>INDICA-SE, com observ\u00e2ncia nas disposi\u00e7\u00f5es regimentais, o envio de expediente \u00e0 Deputada Estadual Mara Caseiro, solicitando apoio junto ao Governador do Estado, Eduardo Riedel, para contemplar a Escola Jorge Amado com a instala\u00e7\u00e3o de c\u00e2meras em todas as salas de aula e a substitui\u00e7\u00e3o das lousas por lousas de vidro, conforme solicita\u00e7\u00e3o da dire\u00e7\u00e3o da escola.<\/p>\n<p>&nbsp;<\/p>\n<p><strong>Indica\u00e7\u00e3o n\u00ba 933\/2023 \u2013 Vanderson Cardoso<\/strong><\/p>\n<p>INDICA-SE, com observ\u00e2ncia nas disposi\u00e7\u00f5es regimentais, o envio de expediente ao Deputado Federal Vander Loubet, solicitando apoio junto ao Minist\u00e9rio da Educa\u00e7\u00e3o para a instala\u00e7\u00e3o do Instituto Federal de Educa\u00e7\u00e3o, Ci\u00eancia e Tecnologia de Mato Grosso do Sul (IFMS) em nosso munic\u00edpio.<\/p>\n<p>&nbsp;<\/p>\n<p><strong>ORDEM DO DIA<\/strong><\/p>\n<p><strong>VETO \u00e0 emenda modificativa n\u00ba 52\/2023 ao Projeto de Lei n\u00ba 114\/2023 <\/strong>que \u201cDisp\u00f5e sobre as Diretrizes Or\u00e7ament\u00e1rias para a elabora\u00e7\u00e3o e execu\u00e7\u00e3o da Lei Or\u00e7ament\u00e1ria para o exerc\u00edcio de 2024\u201d.<\/p>\n<p>&nbsp;<\/p>\n<p><strong>SUBSTITUTIVO AO PROJETO DE LEI N\u00ba 122\/2023 do Executivo, que: <\/strong>\u201cDisp\u00f5e sobre a cria\u00e7\u00e3o do Conselho Municipal dos Direitos da Pessoa com Defici\u00eancia \u2013 CMDPD , de Chapad\u00e3o do Sul &#8211; MS , e d\u00e1 outras provid\u00eancias.\u201d<\/p>\n<p>&nbsp;<\/p>\n<p><strong>PROJETO DE LEI N\u00ba 126\/2023,<\/strong> Executivo que \u201cConcede aux\u00edlio a APAE &#8211; ASSOCIA\u00c7\u00c3O DE PAIS E AMIGOS DOS EXCEPCIONAIS DE CHAPAD\u00c3O DO SUL e d\u00e1 outras provid\u00eancias\u201d.<\/p>\n<p>&nbsp;<\/p>\n<p>&nbsp;<\/p>\n<p><strong>SECRETARIA DAS SESS\u00d5ES, 07 DE JULHO DE 2023.<\/strong><\/p>\n<p>Nat\u00e1lia Leal Scheer<\/p>\n<p>Diretora de Departamento<\/p>\n","protected":false},"excerpt":{"rendered":"<p>&nbsp; PAUTA PARA A 1422\u00aa SESS\u00c3O ORDIN\u00c1RIA, DA 3\u00aa SESS\u00c3O LEGISLATIVA, DA 9\u00aa LEGISLATURA, A REALIZAR-SE NO DIA 10\/07\/2023 \u2013 SEGUNDA-FEIRA \u00c0s 9h \u2013 C\u00e2mara Municipal &nbsp; EXPEDIENTE DE VEREADORES &nbsp; Requerimento n\u00ba 141\/2023 \u2013 Vereador Mika REQUER-SE \u00e0 Mesa, com observ\u00e2ncia nas disposi\u00e7\u00f5es regimentais, o envio de Expediente ao Prefeito Municipal, Jo\u00e3o Carlos Krug, [&hellip;]<\/p>\n","protected":false},"author":4,"featured_media":197598,"comment_status":"closed","ping_status":"closed","sticky":false,"template":"","format":"standard","meta":{"footnotes":""},"categories":[20,23,41],"tags":[],"class_list":["post-244696","post","type-post","status-publish","format-standard","has-post-thumbnail","hentry","category-camara-municipal","category-chapadao-do-sul","category-destaque"],"_links":{"self":[{"href":"https:\/\/www.ocorreionews.com.br\/acervo-correio\/index.php?rest_route=\/wp\/v2\/posts\/244696","targetHints":{"allow":["GET"]}}],"collection":[{"href":"https:\/\/www.ocorreionews.com.br\/acervo-correio\/index.php?rest_route=\/wp\/v2\/posts"}],"about":[{"href":"https:\/\/www.ocorreionews.com.br\/acervo-correio\/index.php?rest_route=\/wp\/v2\/types\/post"}],"author":[{"embeddable":true,"href":"https:\/\/www.ocorreionews.com.br\/acervo-correio\/index.php?rest_route=\/wp\/v2\/users\/4"}],"replies":[{"embeddable":true,"href":"https:\/\/www.ocorreionews.com.br\/acervo-correio\/index.php?rest_route=%2Fwp%2Fv2%2Fcomments&post=244696"}],"version-history":[{"count":1,"href":"https:\/\/www.ocorreionews.com.br\/acervo-correio\/index.php?rest_route=\/wp\/v2\/posts\/244696\/revisions"}],"predecessor-version":[{"id":244697,"href":"https:\/\/www.ocorreionews.com.br\/acervo-correio\/index.php?rest_route=\/wp\/v2\/posts\/244696\/revisions\/244697"}],"wp:featuredmedia":[{"embeddable":true,"href":"https:\/\/www.ocorreionews.com.br\/acervo-correio\/index.php?rest_route=\/wp\/v2\/media\/197598"}],"wp:attachment":[{"href":"https:\/\/www.ocorreionews.com.br\/acervo-correio\/index.php?rest_route=%2Fwp%2Fv2%2Fmedia&parent=244696"}],"wp:term":[{"taxonomy":"category","embeddable":true,"href":"https:\/\/www.ocorreionews.com.br\/acervo-correio\/index.php?rest_route=%2Fwp%2Fv2%2Fcategories&post=244696"},{"taxonomy":"post_tag","embeddable":true,"href":"https:\/\/www.ocorreionews.com.br\/acervo-correio\/index.php?rest_route=%2Fwp%2Fv2%2Ftags&post=244696"}],"curies":[{"name":"wp","href":"https:\/\/api.w.org\/{rel}","templated":true}]}}