{"id":244713,"date":"2023-07-08T06:24:50","date_gmt":"2023-07-08T10:24:50","guid":{"rendered":"https:\/\/www.ocorreionews.com.br\/acervo-correio\/?p=244713"},"modified":"2023-07-08T06:24:50","modified_gmt":"2023-07-08T10:24:50","slug":"piloto-de-ms-e-mais-dois-sao-encontrados-mortos-apos-aviao-desaparecer-no-pr","status":"publish","type":"post","link":"https:\/\/www.ocorreionews.com.br\/acervo-correio\/?p=244713","title":{"rendered":"Piloto de MS e mais dois s\u00e3o encontrados mortos ap\u00f3s avi\u00e3o desaparecer no PR"},"content":{"rendered":"<p>O avi\u00e3o monomotor que sumiu do radar na altura da Serra do Mar, \u00e1rea de Mata Atl\u00e2ntica no Paran\u00e1, foi encontrado na tarde desta sexta-feira (7), pr\u00f3ximo ao Pico Canavieiras, na regi\u00e3o da Serra do Mar, no litoral do Paran\u00e1, segundo a For\u00e7a A\u00e9rea Brasileira (FAB).<\/p>\n<p>De acordo com o G1, o governador do Paran\u00e1, Ratinho Junior, confirmou que as tr\u00eas pessoas que estavam no avi\u00e3o foram encontradas mortas.<\/p>\n<p>O avi\u00e3o sumiu na segunda-feira (3). Ele decolou de Umuarama, no noroeste do estado, \u00e0s 7h50 e deveria pousar perto de 10h30 em Paranagu\u00e1, mas n\u00e3o mandou mais sinal cerca de 10 minutos antes do hor\u00e1rio previsto para o pouso.<\/p>\n<p>Estavam na aeronave Heitor Guilherme Genowei Junior, 42 anos, Felipe Furquim, 35 anos, ambos servidores da Casa Civil do Governo do Paran\u00e1 e o piloto Jonas Borges Juli\u00e3o, de 37 anos, ele era natural de Sete Quedas, em Mato Grosso do Sul.<\/p>\n","protected":false},"excerpt":{"rendered":"<p>O avi\u00e3o monomotor que sumiu do radar na altura da Serra do Mar, \u00e1rea de Mata Atl\u00e2ntica no Paran\u00e1, foi encontrado na tarde desta sexta-feira (7), pr\u00f3ximo ao Pico Canavieiras, na regi\u00e3o da Serra do Mar, no litoral do Paran\u00e1, segundo a For\u00e7a A\u00e9rea Brasileira (FAB). De acordo com o G1, o governador do Paran\u00e1, [&hellip;]<\/p>\n","protected":false},"author":4,"featured_media":244714,"comment_status":"closed","ping_status":"closed","sticky":false,"template":"","format":"standard","meta":{"footnotes":""},"categories":[38],"tags":[],"class_list":["post-244713","post","type-post","status-publish","format-standard","has-post-thumbnail","hentry","category-policia"],"_links":{"self":[{"href":"https:\/\/www.ocorreionews.com.br\/acervo-correio\/index.php?rest_route=\/wp\/v2\/posts\/244713","targetHints":{"allow":["GET"]}}],"collection":[{"href":"https:\/\/www.ocorreionews.com.br\/acervo-correio\/index.php?rest_route=\/wp\/v2\/posts"}],"about":[{"href":"https:\/\/www.ocorreionews.com.br\/acervo-correio\/index.php?rest_route=\/wp\/v2\/types\/post"}],"author":[{"embeddable":true,"href":"https:\/\/www.ocorreionews.com.br\/acervo-correio\/index.php?rest_route=\/wp\/v2\/users\/4"}],"replies":[{"embeddable":true,"href":"https:\/\/www.ocorreionews.com.br\/acervo-correio\/index.php?rest_route=%2Fwp%2Fv2%2Fcomments&post=244713"}],"version-history":[{"count":1,"href":"https:\/\/www.ocorreionews.com.br\/acervo-correio\/index.php?rest_route=\/wp\/v2\/posts\/244713\/revisions"}],"predecessor-version":[{"id":244715,"href":"https:\/\/www.ocorreionews.com.br\/acervo-correio\/index.php?rest_route=\/wp\/v2\/posts\/244713\/revisions\/244715"}],"wp:featuredmedia":[{"embeddable":true,"href":"https:\/\/www.ocorreionews.com.br\/acervo-correio\/index.php?rest_route=\/wp\/v2\/media\/244714"}],"wp:attachment":[{"href":"https:\/\/www.ocorreionews.com.br\/acervo-correio\/index.php?rest_route=%2Fwp%2Fv2%2Fmedia&parent=244713"}],"wp:term":[{"taxonomy":"category","embeddable":true,"href":"https:\/\/www.ocorreionews.com.br\/acervo-correio\/index.php?rest_route=%2Fwp%2Fv2%2Fcategories&post=244713"},{"taxonomy":"post_tag","embeddable":true,"href":"https:\/\/www.ocorreionews.com.br\/acervo-correio\/index.php?rest_route=%2Fwp%2Fv2%2Ftags&post=244713"}],"curies":[{"name":"wp","href":"https:\/\/api.w.org\/{rel}","templated":true}]}}