{"id":244747,"date":"2023-07-08T11:03:19","date_gmt":"2023-07-08T15:03:19","guid":{"rendered":"https:\/\/www.ocorreionews.com.br\/acervo-correio\/?p=244747"},"modified":"2023-07-08T11:03:19","modified_gmt":"2023-07-08T15:03:19","slug":"novinha-de-ms-paraiso-das-aguas-debutou-seu-1o-censo-ultrapassando-nove-municipios-em-ms","status":"publish","type":"post","link":"https:\/\/www.ocorreionews.com.br\/acervo-correio\/?p=244747","title":{"rendered":"&#8216;Novinha&#8217; de MS, Para\u00edso das \u00c1guas debutou seu 1\u00ba Censo ultrapassando nove munic\u00edpios em MS"},"content":{"rendered":"<p>A cidade mais nova de <a class=\"st_tag internal_tag \" title=\"Not\u00edcias sobre Mato Grosso do Sul\" href=\"https:\/\/midiamax.uol.com.br\/tag\/mato-grosso-do-sul\/\" rel=\"tag\">Mato Grosso do Sul<\/a> teve seu primeiro sendo demogr\u00e1fico da hist\u00f3ria realizado em 2022 e j\u00e1 debutou com um grande feito, ocupando o posto de 10\u00b0 menos populosa do Estado &#8211; e n\u00e3o a menor como se espera de um munic\u00edpio t\u00e3o novo.<\/p>\n<p>Os dados divulgados pelo IBGE (Instituto Brasileiro de Geografia e Estat\u00edsticas), no \u00faltimo dia 28 de junho, mostram que o munic\u00edpio tem 5.510 habitantes, distribu\u00eddos em seus 5.061,433 km\u00b2 de extens\u00e3o. A densidade demogr\u00e1fica ficou em 1,09hab\/km\u00b2.<small>\u00a0<\/small>A varia\u00e7\u00e3o de popula\u00e7\u00e3o residente \u00e9 de 962 pessoas.<\/p>\n<p>Sem os dados referentes ao Censo Demogr\u00e1fico de 2010, Para\u00edso das \u00c1guas ultrapassou o outros nove munic\u00edpios de Estado em quesito de popula\u00e7\u00e3o. O IBGE utilizava dados de sobreposi\u00e7\u00e3o da malha de setores censit\u00e1rios dos munic\u00edpios originais e da cidade ap\u00f3s a divis\u00e3o territorial.<\/p>\n<figure class=\"wp-block-image size-full\"><img loading=\"lazy\" decoding=\"async\" class=\"wp-image-1541073\" src=\"https:\/\/midiamaxproducao.s3.amazonaws.com\/wp-content\/uploads\/2023\/07\/07182226\/rio-paraiso-das-aguas.jpg\" sizes=\"auto, (max-width: 1280px) 100vw, 1280px\" srcset=\"https:\/\/midiamaxproducao.s3.amazonaws.com\/wp-content\/uploads\/2023\/07\/07182226\/rio-paraiso-das-aguas.jpg 1280w, https:\/\/midiamaxproducao.s3.amazonaws.com\/wp-content\/uploads\/2023\/07\/07182226\/rio-paraiso-das-aguas-300x169.jpg 300w, https:\/\/midiamaxproducao.s3.amazonaws.com\/wp-content\/uploads\/2023\/07\/07182226\/rio-paraiso-das-aguas-150x84.jpg 150w\" alt=\"para\u00edso das \u00e1guas\" width=\"1280\" height=\"720\" \/><figcaption class=\"wp-element-caption\">Rio Sucuri\u00fa \u00e9 um dos rios que passam pelo munic\u00edpio (Foto: Divulga\u00e7\u00e3o\/ PMPA)<\/figcaption><\/figure>\n<p>O instituto estimava a popula\u00e7\u00e3o da &#8216;mais novinha&#8217; de MS em 2022 no total de 5.751\u00a0pessoas &#8211; que \u00e9 4,1% menor que a realidade apresentada pelo munic\u00edpio. Como menos populosas que Para\u00edso das \u00c1guas aparecem:<\/p>\n<figure class=\"wp-block-table is-style-regular\">\n<table>\n<tbody>\n<tr>\n<td><strong>Munic\u00edpio<\/strong><\/td>\n<td><strong>Popula\u00e7\u00e3o<\/strong><\/td>\n<\/tr>\n<tr>\n<td><a class=\"st_tag internal_tag \" title=\"\u00daltimas Not\u00edcias de Rochedo\" href=\"https:\/\/midiamax.uol.com.br\/municipios\/rochedo\/\" rel=\"tag\">Rochedo<\/a><\/td>\n<td>5.199<\/td>\n<\/tr>\n<tr>\n<td>Caracol<\/td>\n<td>5.036<\/td>\n<\/tr>\n<tr>\n<td><a class=\"st_tag internal_tag \" title=\"\u00daltimas Not\u00edcias de Rio Negro\" href=\"https:\/\/midiamax.uol.com.br\/municipios\/rio-negro\/\" rel=\"tag\">Rio Negro<\/a><\/td>\n<td>4.841<\/td>\n<\/tr>\n<tr>\n<td>Corguinho<\/td>\n<td>4.783<\/td>\n<\/tr>\n<tr>\n<td>Novo Horizonte do Sul<\/td>\n<td>4.721<\/td>\n<\/tr>\n<tr>\n<td>Alcin\u00f3polis<\/td>\n<td>4.537<\/td>\n<\/tr>\n<tr>\n<td>Taquarussu<\/td>\n<td>3.625<\/td>\n<\/tr>\n<tr>\n<td>Jate\u00ed<\/td>\n<td>3.586<\/td>\n<\/tr>\n<tr>\n<td><a class=\"st_tag internal_tag \" title=\"\u00daltimas Not\u00edcias de Figueir\u00e3o\" href=\"https:\/\/midiamax.uol.com.br\/municipios\/figueirao\/\" rel=\"tag\">Figueir\u00e3o<\/a><\/td>\n<td>3.539<\/td>\n<\/tr>\n<\/tbody>\n<\/table><figcaption class=\"wp-element-caption\">Fonte: Censo Demogr\u00e1fico 2022<\/figcaption><\/figure>\n<h2 id=\"h-paraiso-das-aguas-lutou-pela-propria-liberdade\" class=\"wp-block-heading\">Para\u00edso das \u00c1guas lutou pela pr\u00f3pria liberdade<\/h2>\n<p>Para\u00edso das \u00c1guas foi criado pela Lei Estadual 2.679, de 29 de setembro de 2003. Um plebiscito realizado em \u00c1gua Clara, Chapad\u00e3o do Sul e Costa Rica, para a emancipa\u00e7\u00e3o, teve a maioria dos votos dos moradores, aprovando a cria\u00e7\u00e3o do novo munic\u00edpio. O ato foi aprovado por 96,34% dos eleitores.<\/p>\n<figure class=\"wp-block-image size-full\"><img loading=\"lazy\" decoding=\"async\" class=\"wp-image-1541070\" src=\"https:\/\/midiamaxproducao.s3.amazonaws.com\/wp-content\/uploads\/2023\/07\/07181914\/paraiso-das-aguas-2.jpg\" sizes=\"auto, (max-width: 1920px) 100vw, 1920px\" srcset=\"https:\/\/midiamaxproducao.s3.amazonaws.com\/wp-content\/uploads\/2023\/07\/07181914\/paraiso-das-aguas-2.jpg 1920w, https:\/\/midiamaxproducao.s3.amazonaws.com\/wp-content\/uploads\/2023\/07\/07181914\/paraiso-das-aguas-2-300x169.jpg 300w, https:\/\/midiamaxproducao.s3.amazonaws.com\/wp-content\/uploads\/2023\/07\/07181914\/paraiso-das-aguas-2-150x84.jpg 150w\" alt=\"para\u00edso das \u00e1guas\" width=\"1920\" height=\"1080\" \/><figcaption class=\"wp-element-caption\">Para\u00edso das \u00c1guas (Foto: Divulga\u00e7\u00e3o, Governo de MS)<\/figcaption><\/figure>\n<p>Entretanto, \u00c1gua Clara recorreu \u00e0 <a class=\"st_tag internal_tag \" title=\"Not\u00edcias sobre Justi\u00e7a\" href=\"https:\/\/midiamax.uol.com.br\/tag\/justica\/\" rel=\"tag\">Justi\u00e7a<\/a> e a lei foi considerada inconstitucional. Esse fato gerou uma briga que s\u00f3 teve fim em 2009, no STF (Supremo Tribunal Federal), com decis\u00e3o do ministro Ricardo Lewandowski, autorizando a cria\u00e7\u00e3o 79\u00aa munic\u00edpio de MS em 3 de dezembro.<\/p>\n<p>Ap\u00f3s a publica\u00e7\u00e3o da Lei estadual, uma Adin (A\u00e7\u00e3o Direta de Inconstitucionalidade) foi movida pelo MPF (Minist\u00e9rio P\u00fablico Federal). \u00c1gua Clara tamb\u00e9m recorreu sob argumento de preju\u00edzo a economia. Nem os dois processos conseguiram parar Para\u00edso das \u00c1guas de conseguir sua liberdade.<\/p>\n<p>Por\u00e9m, a cidade s\u00f3 veio a se &#8216;movimentar&#8217; em 2012, com a realiza\u00e7\u00e3o das elei\u00e7\u00f5es para prefeito e vereadores. Uma elei\u00e7\u00e3o at\u00e9 chegou a ser marcada para 2010, ap\u00f3s o an\u00fancio de Lewandowski, mas o <a class=\"st_tag internal_tag \" title=\"Not\u00edcias sobre TSE\" href=\"https:\/\/midiamax.uol.com.br\/tag\/tse\/\" rel=\"tag\">TSE<\/a> (Tribunal Superior Eleitoral) determinou que a escolha das autoridades fosse realizada somente em 2012. Ent\u00e3o, a funda\u00e7\u00e3o aconteceu mesmo em 1\u00ba de janeiro de 2013.<\/p>\n<figure class=\"wp-block-image size-full\"><img loading=\"lazy\" decoding=\"async\" class=\"wp-image-1541069\" src=\"https:\/\/midiamaxproducao.s3.amazonaws.com\/wp-content\/uploads\/2023\/07\/07181908\/paraiso-das-aguas-3.jpg\" sizes=\"auto, (max-width: 1280px) 100vw, 1280px\" srcset=\"https:\/\/midiamaxproducao.s3.amazonaws.com\/wp-content\/uploads\/2023\/07\/07181908\/paraiso-das-aguas-3.jpg 1280w, https:\/\/midiamaxproducao.s3.amazonaws.com\/wp-content\/uploads\/2023\/07\/07181908\/paraiso-das-aguas-3-300x169.jpg 300w, https:\/\/midiamaxproducao.s3.amazonaws.com\/wp-content\/uploads\/2023\/07\/07181908\/paraiso-das-aguas-3-150x84.jpg 150w\" alt=\"para\u00edso das \u00e1guas\" width=\"1280\" height=\"720\" \/><figcaption class=\"wp-element-caption\">Para\u00edso das \u00c1guas \u00e9 a ca\u00e7ula de MS (Foto: Divulga\u00e7\u00e3o, Governo do Estado)<\/p>\n<div class=\"elementor-element elementor-element-1944f35 post-author elementor-widget__width-auto elementor-widget elementor-widget-shortcode\" data-id=\"1944f35\" data-element_type=\"widget\" data-widget_type=\"shortcode.default\">\n<div class=\"elementor-widget-container\">\n<div class=\"elementor-shortcode\">F\u00e1bio Oru\u00ea midiamax<\/div>\n<\/div>\n<\/div>\n<div class=\"elementor-element elementor-element-ec9eab2 elementor-widget__width-auto elementor-widget elementor-widget-text-editor\" data-id=\"ec9eab2\" data-element_type=\"widget\" data-widget_type=\"text-editor.default\">\n<div class=\"elementor-widget-container\"><\/div>\n<\/div>\n<\/figcaption><\/figure>\n","protected":false},"excerpt":{"rendered":"<p>A cidade mais nova de Mato Grosso do Sul teve seu primeiro sendo demogr\u00e1fico da hist\u00f3ria realizado em 2022 e j\u00e1 debutou com um grande feito, ocupando o posto de 10\u00b0 menos populosa do Estado &#8211; e n\u00e3o a menor como se espera de um munic\u00edpio t\u00e3o novo. Os dados divulgados pelo IBGE (Instituto Brasileiro [&hellip;]<\/p>\n","protected":false},"author":4,"featured_media":244748,"comment_status":"closed","ping_status":"closed","sticky":false,"template":"","format":"standard","meta":{"footnotes":""},"categories":[41],"tags":[],"class_list":["post-244747","post","type-post","status-publish","format-standard","has-post-thumbnail","hentry","category-destaque"],"_links":{"self":[{"href":"https:\/\/www.ocorreionews.com.br\/acervo-correio\/index.php?rest_route=\/wp\/v2\/posts\/244747","targetHints":{"allow":["GET"]}}],"collection":[{"href":"https:\/\/www.ocorreionews.com.br\/acervo-correio\/index.php?rest_route=\/wp\/v2\/posts"}],"about":[{"href":"https:\/\/www.ocorreionews.com.br\/acervo-correio\/index.php?rest_route=\/wp\/v2\/types\/post"}],"author":[{"embeddable":true,"href":"https:\/\/www.ocorreionews.com.br\/acervo-correio\/index.php?rest_route=\/wp\/v2\/users\/4"}],"replies":[{"embeddable":true,"href":"https:\/\/www.ocorreionews.com.br\/acervo-correio\/index.php?rest_route=%2Fwp%2Fv2%2Fcomments&post=244747"}],"version-history":[{"count":1,"href":"https:\/\/www.ocorreionews.com.br\/acervo-correio\/index.php?rest_route=\/wp\/v2\/posts\/244747\/revisions"}],"predecessor-version":[{"id":244749,"href":"https:\/\/www.ocorreionews.com.br\/acervo-correio\/index.php?rest_route=\/wp\/v2\/posts\/244747\/revisions\/244749"}],"wp:featuredmedia":[{"embeddable":true,"href":"https:\/\/www.ocorreionews.com.br\/acervo-correio\/index.php?rest_route=\/wp\/v2\/media\/244748"}],"wp:attachment":[{"href":"https:\/\/www.ocorreionews.com.br\/acervo-correio\/index.php?rest_route=%2Fwp%2Fv2%2Fmedia&parent=244747"}],"wp:term":[{"taxonomy":"category","embeddable":true,"href":"https:\/\/www.ocorreionews.com.br\/acervo-correio\/index.php?rest_route=%2Fwp%2Fv2%2Fcategories&post=244747"},{"taxonomy":"post_tag","embeddable":true,"href":"https:\/\/www.ocorreionews.com.br\/acervo-correio\/index.php?rest_route=%2Fwp%2Fv2%2Ftags&post=244747"}],"curies":[{"name":"wp","href":"https:\/\/api.w.org\/{rel}","templated":true}]}}