{"id":244760,"date":"2023-07-09T07:33:23","date_gmt":"2023-07-09T11:33:23","guid":{"rendered":"https:\/\/www.ocorreionews.com.br\/acervo-correio\/?p=244760"},"modified":"2023-07-09T07:45:50","modified_gmt":"2023-07-09T11:45:50","slug":"br-262-a-rodovia-da-morte-faz-mais-uma-vitima-fatal","status":"publish","type":"post","link":"https:\/\/www.ocorreionews.com.br\/acervo-correio\/?p=244760","title":{"rendered":"BR 262 a rodovia da morte faz mais uma vitima fatal"},"content":{"rendered":"<p>A BR 262, vem configurando no cen\u00e1rio como rodovia da morte. Praticamente todos os dias ocorre acidentes na BR e 50% com vitimas fatais.\u00a0 Fluxo de veiculo pesado na BR aumentou muito com as novas ind\u00fastrias que est\u00e3o sendo instaladas em Inoc\u00eancia e Ribas do Rio Pardo.<\/p>\n<p>Trafegar pela a BR 262 requer muita aten\u00e7\u00e3o do motorista, principalmente nas ultrapassagens. &#8220;Aqui\u00a0 tem que dirigir para voc\u00ea e os demais motoristas e muitas das vezes saindo para o acostamento(quando tem) para evitar uma colis\u00e3o.&#8221; afirmou um morador de Ribas que tem que ir a capital duas vezes por semana para tratamento m\u00e9dico.<\/p>\n<p><strong>Mais uma vitima<\/strong><\/p>\n<p>Na tarde de ontem(-8) pr\u00f3ximo a uma regi\u00e3o conhecida como Balsamo,\u00a0 a colis\u00e3o de uma caminhonete e uma carreta, tirou mais uma vida.<\/p>\n<figure id=\"attachment_244767\" aria-describedby=\"caption-attachment-244767\" style=\"width: 1280px\" class=\"wp-caption alignnone\"><img loading=\"lazy\" decoding=\"async\" class=\"wp-image-244767 size-full\" src=\"https:\/\/www.ocorreionews.com.br\/acervo-correio\/wp-content\/uploads\/2023\/07\/camionete-acidente-ribas-11.jpg\" alt=\"\" width=\"1280\" height=\"963\" srcset=\"https:\/\/www.ocorreionews.com.br\/acervo-correio\/wp-content\/uploads\/2023\/07\/camionete-acidente-ribas-11.jpg 1280w, https:\/\/www.ocorreionews.com.br\/acervo-correio\/wp-content\/uploads\/2023\/07\/camionete-acidente-ribas-11-300x226.jpg 300w, https:\/\/www.ocorreionews.com.br\/acervo-correio\/wp-content\/uploads\/2023\/07\/camionete-acidente-ribas-11-1024x770.jpg 1024w, https:\/\/www.ocorreionews.com.br\/acervo-correio\/wp-content\/uploads\/2023\/07\/camionete-acidente-ribas-11-768x578.jpg 768w, https:\/\/www.ocorreionews.com.br\/acervo-correio\/wp-content\/uploads\/2023\/07\/camionete-acidente-ribas-11-86x64.jpg 86w\" sizes=\"auto, (max-width: 1280px) 100vw, 1280px\" \/><figcaption id=\"caption-attachment-244767\" class=\"wp-caption-text\">foto Imagens: Orley<\/figcaption><\/figure>\n<p>Ainda n\u00e3o se sabe o que teria ocasionado o acidente. Imagens feitas por motoristas que passavam pelo local mostram uma camionete totalmente destru\u00edda.<\/p>\n<p>Na frente do ve\u00edculo \u00e9 poss\u00edvel ver uma carreta parada, que teria participado do acidente.<\/p>\n<p><iframe loading=\"lazy\" src=\"https:\/\/www.facebook.com\/plugins\/video.php?height=476&amp;href=https%3A%2F%2Fwww.facebook.com%2Freporterribas%2Fvideos%2F985507456025997%2F&amp;show_text=false&amp;width=264&amp;t=0\" width=\"264\" height=\"476\" frameborder=\"0\" scrolling=\"no\" allowfullscreen=\"allowfullscreen\" data-mce-fragment=\"1\"><\/iframe>]<\/p>\n<p>V\u00eddeo Noticias do cerrado<\/p>\n","protected":false},"excerpt":{"rendered":"<p>A BR 262, vem configurando no cen\u00e1rio como rodovia da morte. Praticamente todos os dias ocorre acidentes na BR e 50% com vitimas fatais.\u00a0 Fluxo de veiculo pesado na BR aumentou muito com as novas ind\u00fastrias que est\u00e3o sendo instaladas em Inoc\u00eancia e Ribas do Rio Pardo. Trafegar pela a BR 262 requer muita aten\u00e7\u00e3o [&hellip;]<\/p>\n","protected":false},"author":4,"featured_media":244766,"comment_status":"closed","ping_status":"closed","sticky":false,"template":"","format":"standard","meta":{"footnotes":""},"categories":[38],"tags":[],"class_list":["post-244760","post","type-post","status-publish","format-standard","has-post-thumbnail","hentry","category-policia"],"_links":{"self":[{"href":"https:\/\/www.ocorreionews.com.br\/acervo-correio\/index.php?rest_route=\/wp\/v2\/posts\/244760","targetHints":{"allow":["GET"]}}],"collection":[{"href":"https:\/\/www.ocorreionews.com.br\/acervo-correio\/index.php?rest_route=\/wp\/v2\/posts"}],"about":[{"href":"https:\/\/www.ocorreionews.com.br\/acervo-correio\/index.php?rest_route=\/wp\/v2\/types\/post"}],"author":[{"embeddable":true,"href":"https:\/\/www.ocorreionews.com.br\/acervo-correio\/index.php?rest_route=\/wp\/v2\/users\/4"}],"replies":[{"embeddable":true,"href":"https:\/\/www.ocorreionews.com.br\/acervo-correio\/index.php?rest_route=%2Fwp%2Fv2%2Fcomments&post=244760"}],"version-history":[{"count":3,"href":"https:\/\/www.ocorreionews.com.br\/acervo-correio\/index.php?rest_route=\/wp\/v2\/posts\/244760\/revisions"}],"predecessor-version":[{"id":244769,"href":"https:\/\/www.ocorreionews.com.br\/acervo-correio\/index.php?rest_route=\/wp\/v2\/posts\/244760\/revisions\/244769"}],"wp:featuredmedia":[{"embeddable":true,"href":"https:\/\/www.ocorreionews.com.br\/acervo-correio\/index.php?rest_route=\/wp\/v2\/media\/244766"}],"wp:attachment":[{"href":"https:\/\/www.ocorreionews.com.br\/acervo-correio\/index.php?rest_route=%2Fwp%2Fv2%2Fmedia&parent=244760"}],"wp:term":[{"taxonomy":"category","embeddable":true,"href":"https:\/\/www.ocorreionews.com.br\/acervo-correio\/index.php?rest_route=%2Fwp%2Fv2%2Fcategories&post=244760"},{"taxonomy":"post_tag","embeddable":true,"href":"https:\/\/www.ocorreionews.com.br\/acervo-correio\/index.php?rest_route=%2Fwp%2Fv2%2Ftags&post=244760"}],"curies":[{"name":"wp","href":"https:\/\/api.w.org\/{rel}","templated":true}]}}