{"id":244763,"date":"2023-07-09T07:40:35","date_gmt":"2023-07-09T11:40:35","guid":{"rendered":"https:\/\/www.ocorreionews.com.br\/acervo-correio\/?p=244763"},"modified":"2023-07-09T07:40:35","modified_gmt":"2023-07-09T11:40:35","slug":"ja-desclassificado-operario-joga-em-mg-contra-patrocinense","status":"publish","type":"post","link":"https:\/\/www.ocorreionews.com.br\/acervo-correio\/?p=244763","title":{"rendered":"J\u00e1 desclassificado Oper\u00e1rio joga em MG contra Patrocinense"},"content":{"rendered":"<p>O Oper\u00e1rio, \u00fanico representante do futebol sul-mato-grossense em uma divis\u00e3o nacional, n\u00e3o tem mais chances de se classificar para a segunda fase da S\u00e9rie D do Campeonato Brasileiro. Neste domingo (9), \u00e0s 10h (hor\u00e1rio de MS), o time de Campo Grande enfrenta o Patrocinense-MG no Est\u00e1dio Pedro Alves do Nascimento, pela 12\u00aa rodada, por\u00e9m, a combina\u00e7\u00e3o de resultados do grupo A7 impossibilita a classifica\u00e7\u00e3o.<\/p>\n<p>Com apenas oito pontos em 33 disputados, o Galo ocupa a \u00faltima posi\u00e7\u00e3o da chave. Restando apenas nove pontos por disputar na primeira fase, o Galo poderia alcan\u00e7ar somente 17 pontos, o que n\u00e3o seria suficiente para garantir a classifica\u00e7\u00e3o, uma vez que o atual quarto colocado j\u00e1 possui 18 pontos.<\/p>\n<p>Ao longo da competi\u00e7\u00e3o, o Oper\u00e1rio conquistou apenas uma vit\u00f3ria, um resultado de 1 a 0 contra a Inter de Limeira. Al\u00e9m disso, o time empatou em cinco ocasi\u00f5es e sofreu cinco derrotas. Em 11 jogos disputados, a equipe de Campo Grande marcou apenas 5 gols e sofreu 14.<\/p>\n<p>Apesar da elimina\u00e7\u00e3o precoce na S\u00e9rie D, o Oper\u00e1rio-MS continuar\u00e1 buscando melhorar seu desempenho nas pr\u00f3ximas partidas, visando encerrar sua participa\u00e7\u00e3o na competi\u00e7\u00e3o de forma positiva. &#8211;<\/p>\n<p>Por Jhefferson Gamarra &#8211; campogradenews<\/p>\n","protected":false},"excerpt":{"rendered":"<p>O Oper\u00e1rio, \u00fanico representante do futebol sul-mato-grossense em uma divis\u00e3o nacional, n\u00e3o tem mais chances de se classificar para a segunda fase da S\u00e9rie D do Campeonato Brasileiro. Neste domingo (9), \u00e0s 10h (hor\u00e1rio de MS), o time de Campo Grande enfrenta o Patrocinense-MG no Est\u00e1dio Pedro Alves do Nascimento, pela 12\u00aa rodada, por\u00e9m, a [&hellip;]<\/p>\n","protected":false},"author":4,"featured_media":244764,"comment_status":"closed","ping_status":"closed","sticky":false,"template":"","format":"standard","meta":{"footnotes":""},"categories":[29],"tags":[],"class_list":["post-244763","post","type-post","status-publish","format-standard","has-post-thumbnail","hentry","category-esporte"],"_links":{"self":[{"href":"https:\/\/www.ocorreionews.com.br\/acervo-correio\/index.php?rest_route=\/wp\/v2\/posts\/244763","targetHints":{"allow":["GET"]}}],"collection":[{"href":"https:\/\/www.ocorreionews.com.br\/acervo-correio\/index.php?rest_route=\/wp\/v2\/posts"}],"about":[{"href":"https:\/\/www.ocorreionews.com.br\/acervo-correio\/index.php?rest_route=\/wp\/v2\/types\/post"}],"author":[{"embeddable":true,"href":"https:\/\/www.ocorreionews.com.br\/acervo-correio\/index.php?rest_route=\/wp\/v2\/users\/4"}],"replies":[{"embeddable":true,"href":"https:\/\/www.ocorreionews.com.br\/acervo-correio\/index.php?rest_route=%2Fwp%2Fv2%2Fcomments&post=244763"}],"version-history":[{"count":1,"href":"https:\/\/www.ocorreionews.com.br\/acervo-correio\/index.php?rest_route=\/wp\/v2\/posts\/244763\/revisions"}],"predecessor-version":[{"id":244765,"href":"https:\/\/www.ocorreionews.com.br\/acervo-correio\/index.php?rest_route=\/wp\/v2\/posts\/244763\/revisions\/244765"}],"wp:featuredmedia":[{"embeddable":true,"href":"https:\/\/www.ocorreionews.com.br\/acervo-correio\/index.php?rest_route=\/wp\/v2\/media\/244764"}],"wp:attachment":[{"href":"https:\/\/www.ocorreionews.com.br\/acervo-correio\/index.php?rest_route=%2Fwp%2Fv2%2Fmedia&parent=244763"}],"wp:term":[{"taxonomy":"category","embeddable":true,"href":"https:\/\/www.ocorreionews.com.br\/acervo-correio\/index.php?rest_route=%2Fwp%2Fv2%2Fcategories&post=244763"},{"taxonomy":"post_tag","embeddable":true,"href":"https:\/\/www.ocorreionews.com.br\/acervo-correio\/index.php?rest_route=%2Fwp%2Fv2%2Ftags&post=244763"}],"curies":[{"name":"wp","href":"https:\/\/api.w.org\/{rel}","templated":true}]}}