{"id":24477,"date":"2016-04-05T07:55:29","date_gmt":"2016-04-05T11:55:29","guid":{"rendered":"https:\/\/ocorreionews.com.br\/?p=24477"},"modified":"2016-04-05T08:13:48","modified_gmt":"2016-04-05T12:13:48","slug":"prefeito-demitiu-coordenadores-das-escolas-e-acusa-vereadora","status":"publish","type":"post","link":"https:\/\/www.ocorreionews.com.br\/acervo-correio\/?p=24477","title":{"rendered":"Prefeito demitiu coordenadores das escolas e acusa vereadora"},"content":{"rendered":"<p style=\"text-align: justify;\"><strong>O <\/strong>prefeito municipal de Chapad\u00e3o do Sul, Luiz Felipe, mais uma vez cometeu um imbr\u00f3glio pol\u00edtico na sua administra\u00e7\u00e3o, ao demitir todos os coordenadores das escolas municipais, alegando que a culpa \u00e9 da vereadora Sonia Maran.<\/p>\n<p style=\"text-align: justify;\">Justifica o prefeito, que a vereadora S\u00f4nia Maran, fez uma den\u00fancia no Tribunal de Contas, sobre as contrata\u00e7\u00f5es dos coordenadores e que foi notificado pelo TCE para fazer as demiss\u00f5es.<\/p>\n<p style=\"text-align: justify;\">A vereadora S\u00f4nia Maran, contesta essas afirma\u00e7\u00f5es, alegando que o prefeito municipal, foi mais uma vez \u201cMentiroso\u201d, tentou jogar a responsabilidade dos seus erros contra a sua pessoa, mas, que na verdade, o TCE \u2013 Tribunal de Contas do Estado, apenas NOTIFICOU o prefeito, para que ele desse \u201cExplica\u00e7\u00f5es\u201d das contrata\u00e7\u00f5es Irregulares, praticada pela sua administra\u00e7\u00e3o.<\/p>\n<p style=\"text-align: justify;\">A vereadora S\u00f4nia Maran afirmou, que em 2013, ap\u00f3s ver as irregularidades nas contrata\u00e7\u00f5es, pediu ao prefeito a realiza\u00e7\u00e3o de concurso para coordenadores nas escolas municipais. Apresentou ela a justificativa que havia 14 vagas a serem preenchidas de forma legal. Mas, o prefeito municipal, resolveu burlar a lei, fazendo politicagem nas nomea\u00e7\u00f5es. \u201c \u00c0 minha inten\u00e7\u00e3o \u00e9 a realiza\u00e7\u00e3o de concurso para preencher as vagas existentes, sem ter que praticar a necessidade de utilizar desvio de fun\u00e7\u00e3o, como vinha acontecendo, com nomea\u00e7\u00f5es de interesse politiqueiro\u201d afirma a vereadora.<\/p>\n<p style=\"text-align: justify;\">Na noite desta segunda-feira, ap\u00f3s o prefeito usar do seu espa\u00e7o na r\u00e1dio da cidade, acusando a vereadora, professores foram a sess\u00e3o da c\u00e2mara, protestando com cartaz, mas, acabaram ouvindo as explana\u00e7\u00f5es da vereadora e de outros vereadores que n\u00e3o concordaram com a atitude do prefeito em tentar ludibriar mais uma vez as pessoas.<\/p>\n<p style=\"text-align: justify;\">O Vereador Al\u00edrio Bacca, presidente do Legislativo, foi claro ao afirmar que o prefeito municipal Luiz Felipe, mais uma vez, tomou uma decis\u00e3o, onde n\u00e3o havia necessidade das demiss\u00f5es dos coordenadores. Teriam sim que buscar um di\u00e1logo e encontrar uma solu\u00e7\u00e3o para o caso.<\/p>\n<p style=\"text-align: justify;\">O presidente afirmou que a situa\u00e7\u00e3o da educa\u00e7\u00e3o no munic\u00edpio, n\u00e3o pode ficar como est\u00e1, \u00e9 necess\u00e1rio que seja tomada uma providencia urgente, porque est\u00e1 caminhando para uma confus\u00e3o extrema e irremedi\u00e1vel.<\/p>\n","protected":false},"excerpt":{"rendered":"<p>O prefeito municipal de Chapad\u00e3o do Sul, Luiz Felipe, mais uma vez cometeu um imbr\u00f3glio pol\u00edtico na sua administra\u00e7\u00e3o, ao demitir todos os coordenadores das escolas municipais, alegando que a culpa \u00e9 da vereadora Sonia Maran. Justifica o prefeito, que a vereadora S\u00f4nia Maran, fez uma den\u00fancia no Tribunal de Contas, sobre as contrata\u00e7\u00f5es dos [&hellip;]<\/p>\n","protected":false},"author":4,"featured_media":24478,"comment_status":"closed","ping_status":"closed","sticky":false,"template":"","format":"standard","meta":{"footnotes":""},"categories":[23,27],"tags":[],"class_list":["post-24477","post","type-post","status-publish","format-standard","has-post-thumbnail","hentry","category-chapadao-do-sul","category-educacao"],"_links":{"self":[{"href":"https:\/\/www.ocorreionews.com.br\/acervo-correio\/index.php?rest_route=\/wp\/v2\/posts\/24477","targetHints":{"allow":["GET"]}}],"collection":[{"href":"https:\/\/www.ocorreionews.com.br\/acervo-correio\/index.php?rest_route=\/wp\/v2\/posts"}],"about":[{"href":"https:\/\/www.ocorreionews.com.br\/acervo-correio\/index.php?rest_route=\/wp\/v2\/types\/post"}],"author":[{"embeddable":true,"href":"https:\/\/www.ocorreionews.com.br\/acervo-correio\/index.php?rest_route=\/wp\/v2\/users\/4"}],"replies":[{"embeddable":true,"href":"https:\/\/www.ocorreionews.com.br\/acervo-correio\/index.php?rest_route=%2Fwp%2Fv2%2Fcomments&post=24477"}],"version-history":[{"count":0,"href":"https:\/\/www.ocorreionews.com.br\/acervo-correio\/index.php?rest_route=\/wp\/v2\/posts\/24477\/revisions"}],"wp:featuredmedia":[{"embeddable":true,"href":"https:\/\/www.ocorreionews.com.br\/acervo-correio\/index.php?rest_route=\/wp\/v2\/media\/24478"}],"wp:attachment":[{"href":"https:\/\/www.ocorreionews.com.br\/acervo-correio\/index.php?rest_route=%2Fwp%2Fv2%2Fmedia&parent=24477"}],"wp:term":[{"taxonomy":"category","embeddable":true,"href":"https:\/\/www.ocorreionews.com.br\/acervo-correio\/index.php?rest_route=%2Fwp%2Fv2%2Fcategories&post=24477"},{"taxonomy":"post_tag","embeddable":true,"href":"https:\/\/www.ocorreionews.com.br\/acervo-correio\/index.php?rest_route=%2Fwp%2Fv2%2Ftags&post=24477"}],"curies":[{"name":"wp","href":"https:\/\/api.w.org\/{rel}","templated":true}]}}