{"id":244772,"date":"2023-07-09T09:00:47","date_gmt":"2023-07-09T13:00:47","guid":{"rendered":"https:\/\/www.ocorreionews.com.br\/acervo-correio\/?p=244772"},"modified":"2023-07-09T09:00:47","modified_gmt":"2023-07-09T13:00:47","slug":"pai-e-filha-morrem-em-batida-frontal-entre-moto-e-caminhonete-na-br-463","status":"publish","type":"post","link":"https:\/\/www.ocorreionews.com.br\/acervo-correio\/?p=244772","title":{"rendered":"Pai e filha morrem em batida frontal entre moto e caminhonete na BR-463"},"content":{"rendered":"<div class=\"elementor-element elementor-element-33095f69 elementor-widget elementor-widget-theme-post-content\" data-id=\"33095f69\" data-element_type=\"widget\" data-widget_type=\"theme-post-content.default\">\n<div class=\"elementor-widget-container\">\n<p>Pai e sua filha, identificados como Argemir e Damily Castel\u00e3o Duarte, de 42 e 19 anos, morreram em acidente ocorrido no s\u00e1bado (9) na BR-463, na regi\u00e3o de fronteira de Ponta Por\u00e3. V\u00edtimas trafegavam na rodovia com uma <a class=\"st_tag internal_tag \" title=\"Not\u00edcias sobre motocicleta\" href=\"https:\/\/midiamax.uol.com.br\/tag\/motocicleta\/\" rel=\"tag\">motocicleta<\/a> Honda Titan quando foram surpreendidos por uma caminhonete S10 que atravessou a pista contr\u00e1ria e bateu de frente com a moto.<\/p>\n<p>Segundo boletim de ocorr\u00eancia, Argemir e Damily estavam retornando de Dourados e seguiam sentido a Ponta Por\u00e3 com a motocicleta de cor azul. Enquanto isso, o condutor da caminhonete, de 64 anos, fazia o sentido contr\u00e1rio da viagem e tentou realizar ultrapassagem na via.<\/p>\n<p>No entanto, a caminhonete n\u00e3o conseguiu fazer a ultrapassagem completa e colidiu de frente com a motocicleta. Argemir morreu no local, enquanto a jovem foi socorrida com vida ao <a class=\"st_tag internal_tag \" title=\"Not\u00edcias sobre Hospital Regional\" href=\"https:\/\/midiamax.uol.com.br\/tag\/hospital-regional\/\" rel=\"tag\">Hospital Regional<\/a> da cidade. Por\u00e9m, ela morreu na unidade de sa\u00fade devido \u00e0 gravidade dos ferimentos.<\/p>\n<p>Caso foi registado na 1\u00aa Delegacia de Pol\u00edcia de Ponta Por\u00e3 como homic\u00eddio culposo na dire\u00e7\u00e3o do ve\u00edculo automotor.<\/p>\n<div class=\"elementor-element elementor-element-1944f35 post-author elementor-widget__width-auto elementor-widget elementor-widget-shortcode\" data-id=\"1944f35\" data-element_type=\"widget\" data-widget_type=\"shortcode.default\">\n<div class=\"elementor-widget-container\">\n<div class=\"elementor-shortcode\">Nath\u00e1lia Rabelo midiamax<\/div>\n<\/div>\n<\/div>\n<\/div>\n<\/div>\n","protected":false},"excerpt":{"rendered":"<p>Pai e sua filha, identificados como Argemir e Damily Castel\u00e3o Duarte, de 42 e 19 anos, morreram em acidente ocorrido no s\u00e1bado (9) na BR-463, na regi\u00e3o de fronteira de Ponta Por\u00e3. V\u00edtimas trafegavam na rodovia com uma motocicleta Honda Titan quando foram surpreendidos por uma caminhonete S10 que atravessou a pista contr\u00e1ria e bateu [&hellip;]<\/p>\n","protected":false},"author":4,"featured_media":244773,"comment_status":"closed","ping_status":"closed","sticky":false,"template":"","format":"standard","meta":{"footnotes":""},"categories":[38],"tags":[],"class_list":["post-244772","post","type-post","status-publish","format-standard","has-post-thumbnail","hentry","category-policia"],"_links":{"self":[{"href":"https:\/\/www.ocorreionews.com.br\/acervo-correio\/index.php?rest_route=\/wp\/v2\/posts\/244772","targetHints":{"allow":["GET"]}}],"collection":[{"href":"https:\/\/www.ocorreionews.com.br\/acervo-correio\/index.php?rest_route=\/wp\/v2\/posts"}],"about":[{"href":"https:\/\/www.ocorreionews.com.br\/acervo-correio\/index.php?rest_route=\/wp\/v2\/types\/post"}],"author":[{"embeddable":true,"href":"https:\/\/www.ocorreionews.com.br\/acervo-correio\/index.php?rest_route=\/wp\/v2\/users\/4"}],"replies":[{"embeddable":true,"href":"https:\/\/www.ocorreionews.com.br\/acervo-correio\/index.php?rest_route=%2Fwp%2Fv2%2Fcomments&post=244772"}],"version-history":[{"count":1,"href":"https:\/\/www.ocorreionews.com.br\/acervo-correio\/index.php?rest_route=\/wp\/v2\/posts\/244772\/revisions"}],"predecessor-version":[{"id":244774,"href":"https:\/\/www.ocorreionews.com.br\/acervo-correio\/index.php?rest_route=\/wp\/v2\/posts\/244772\/revisions\/244774"}],"wp:featuredmedia":[{"embeddable":true,"href":"https:\/\/www.ocorreionews.com.br\/acervo-correio\/index.php?rest_route=\/wp\/v2\/media\/244773"}],"wp:attachment":[{"href":"https:\/\/www.ocorreionews.com.br\/acervo-correio\/index.php?rest_route=%2Fwp%2Fv2%2Fmedia&parent=244772"}],"wp:term":[{"taxonomy":"category","embeddable":true,"href":"https:\/\/www.ocorreionews.com.br\/acervo-correio\/index.php?rest_route=%2Fwp%2Fv2%2Fcategories&post=244772"},{"taxonomy":"post_tag","embeddable":true,"href":"https:\/\/www.ocorreionews.com.br\/acervo-correio\/index.php?rest_route=%2Fwp%2Fv2%2Ftags&post=244772"}],"curies":[{"name":"wp","href":"https:\/\/api.w.org\/{rel}","templated":true}]}}