{"id":244775,"date":"2023-07-09T09:36:21","date_gmt":"2023-07-09T13:36:21","guid":{"rendered":"https:\/\/www.ocorreionews.com.br\/acervo-correio\/?p=244775"},"modified":"2023-07-09T09:36:21","modified_gmt":"2023-07-09T13:36:21","slug":"a-festa-do-leitao-no-rolete-esta-de-volta-em-sao-gabriel-do-oeste","status":"publish","type":"post","link":"https:\/\/www.ocorreionews.com.br\/acervo-correio\/?p=244775","title":{"rendered":"A Festa do Leit\u00e3o no Rolete est\u00e1 de volta em S\u00e3o Gabriel do Oeste"},"content":{"rendered":"<p>Depois de um per\u00edodo de interrup\u00e7\u00e3o devido \u00e0 pandemia, a festa retorna para encantar a todos com sua gastronomia irresist\u00edvel e momentos de celebra\u00e7\u00e3o. A comiss\u00e3o organizadora, formada pela Cooasgo, CTG Chama Crioula e com o apoio da Prefeitura e da C\u00e2mara, uniu esfor\u00e7os para proporcionar essa grande festividade que conta com incentivo do Governo do MS.<\/p>\n<p>Ser\u00e3o quatro dias de pura divers\u00e3o, entre os dias 17 e 20 de agosto, com uma programa\u00e7\u00e3o imperd\u00edvel. Al\u00e9m dos shows e almo\u00e7os no CTG Chama Crioula, teremos tamb\u00e9m a 13\u00aa edi\u00e7\u00e3o do Festival da Can\u00e7\u00e3o da cidade, o FestOeste, que promete revelar grandes talentos musicais.<\/p>\n<p><img loading=\"lazy\" decoding=\"async\" class=\"alignnone size-full wp-image-244776\" src=\"https:\/\/www.ocorreionews.com.br\/acervo-correio\/wp-content\/uploads\/2023\/07\/FESTA-PORCO-ROLETE.png\" alt=\"\" width=\"512\" height=\"640\" srcset=\"https:\/\/www.ocorreionews.com.br\/acervo-correio\/wp-content\/uploads\/2023\/07\/FESTA-PORCO-ROLETE.png 512w, https:\/\/www.ocorreionews.com.br\/acervo-correio\/wp-content\/uploads\/2023\/07\/FESTA-PORCO-ROLETE-240x300.png 240w\" sizes=\"auto, (max-width: 512px) 100vw, 512px\" \/><\/p>\n<p>As inscri\u00e7\u00f5es para o FestOeste \ud83c\udfa4 s\u00e3o gratuitas e podem ser feitas pelo site oficial da prefeitura. \u00c9 uma oportunidade incr\u00edvel para os artistas locais e de todo o pa\u00eds mostrarem seu talento em um palco especial.<\/p>\n<p>Confira a programa\u00e7\u00e3o da Festa do Leit\u00e3o no Rolete:<\/p>\n<ul>\n<li>\n<blockquote><p><em><strong>Quinta-feira, 17 de agosto: A festividade ter\u00e1 in\u00edcio com os shows realizados pelo Boteco do Pregui\u00e7a e G\u00e9ssica Helpis. Na data, o cantor Leonardo subir\u00e1 ao palco, sendo o \u00fanico show com cobran\u00e7a de ingresso. Os ingressos antecipados para o show nacional podem ser adquiridos pelo telefone 67 99644-6313\/99801-3377.\u00a0<\/strong><\/em><\/p><\/blockquote>\n<\/li>\n<li>\n<blockquote><p><em><strong>Sexta-feira, 18 de agosto: Abertura oficial do evento \u00e0s 18h30 com o FestOeste e show gratuito de Jo\u00e3o Carreiro.<\/strong><\/em><\/p><\/blockquote>\n<\/li>\n<li>\n<blockquote><p><em><strong>S\u00e1bado, 19 de agosto: Almo\u00e7o no CTG Chama Crioula \u00e0s 11h, seguido do FestOeste (18h) e show gratuito de Jo\u00e3o M\u00e1rcio e Fabiano.<\/strong><\/em><\/p><\/blockquote>\n<\/li>\n<li>\n<blockquote><p><em><strong>Domingo, 20 de agosto: Almo\u00e7o no CTG Chama Crioula \u00e0s 11h, final\u00edssima do FestOeste a partir das 14h e encerramento com o show de Fhernando Ganso.<\/strong><\/em><\/p><\/blockquote>\n<\/li>\n<\/ul>\n<p>Al\u00e9m disso, durante toda a festa, teremos almo\u00e7os com m\u00fasica ao vivo nos dias 19 e 20 de agosto, garantindo momentos de sabor e anima\u00e7\u00e3o.<\/p>\n<p>N\u00e3o perca essa oportunidade de prestigiar a Festa do Leit\u00e3o no Rolete e desfrutar de sabores inigual\u00e1veis. Adquira seus ingressos para os almo\u00e7os entrando em contato com Maria Irene pelo telefone 67 99962-3525 ou nos pontos de venda: Loja Castelini e Supermercado 5 A (in\u00edcio das vendas na segunda-feira).<\/p>\n<p>Venha se divertir, saborear del\u00edcias gastron\u00f4micas e contribuir para o desenvolvimento da nossa cidade. Contamos com a sua presen\u00e7a<\/p>\n<p>fonte- ASCOM PMSGO<\/p>\n","protected":false},"excerpt":{"rendered":"<p>Depois de um per\u00edodo de interrup\u00e7\u00e3o devido \u00e0 pandemia, a festa retorna para encantar a todos com sua gastronomia irresist\u00edvel e momentos de celebra\u00e7\u00e3o. A comiss\u00e3o organizadora, formada pela Cooasgo, CTG Chama Crioula e com o apoio da Prefeitura e da C\u00e2mara, uniu esfor\u00e7os para proporcionar essa grande festividade que conta com incentivo do Governo [&hellip;]<\/p>\n","protected":false},"author":4,"featured_media":244777,"comment_status":"closed","ping_status":"closed","sticky":false,"template":"","format":"standard","meta":{"footnotes":""},"categories":[31],"tags":[],"class_list":["post-244775","post","type-post","status-publish","format-standard","has-post-thumbnail","hentry","category-geral"],"_links":{"self":[{"href":"https:\/\/www.ocorreionews.com.br\/acervo-correio\/index.php?rest_route=\/wp\/v2\/posts\/244775","targetHints":{"allow":["GET"]}}],"collection":[{"href":"https:\/\/www.ocorreionews.com.br\/acervo-correio\/index.php?rest_route=\/wp\/v2\/posts"}],"about":[{"href":"https:\/\/www.ocorreionews.com.br\/acervo-correio\/index.php?rest_route=\/wp\/v2\/types\/post"}],"author":[{"embeddable":true,"href":"https:\/\/www.ocorreionews.com.br\/acervo-correio\/index.php?rest_route=\/wp\/v2\/users\/4"}],"replies":[{"embeddable":true,"href":"https:\/\/www.ocorreionews.com.br\/acervo-correio\/index.php?rest_route=%2Fwp%2Fv2%2Fcomments&post=244775"}],"version-history":[{"count":1,"href":"https:\/\/www.ocorreionews.com.br\/acervo-correio\/index.php?rest_route=\/wp\/v2\/posts\/244775\/revisions"}],"predecessor-version":[{"id":244778,"href":"https:\/\/www.ocorreionews.com.br\/acervo-correio\/index.php?rest_route=\/wp\/v2\/posts\/244775\/revisions\/244778"}],"wp:featuredmedia":[{"embeddable":true,"href":"https:\/\/www.ocorreionews.com.br\/acervo-correio\/index.php?rest_route=\/wp\/v2\/media\/244777"}],"wp:attachment":[{"href":"https:\/\/www.ocorreionews.com.br\/acervo-correio\/index.php?rest_route=%2Fwp%2Fv2%2Fmedia&parent=244775"}],"wp:term":[{"taxonomy":"category","embeddable":true,"href":"https:\/\/www.ocorreionews.com.br\/acervo-correio\/index.php?rest_route=%2Fwp%2Fv2%2Fcategories&post=244775"},{"taxonomy":"post_tag","embeddable":true,"href":"https:\/\/www.ocorreionews.com.br\/acervo-correio\/index.php?rest_route=%2Fwp%2Fv2%2Ftags&post=244775"}],"curies":[{"name":"wp","href":"https:\/\/api.w.org\/{rel}","templated":true}]}}