{"id":24481,"date":"2016-04-05T08:01:16","date_gmt":"2016-04-05T12:01:16","guid":{"rendered":"https:\/\/ocorreionews.com.br\/?p=24481"},"modified":"2016-04-05T08:01:16","modified_gmt":"2016-04-05T12:01:16","slug":"meninas-de-9-a-13-anos-devem-se-vacinar-contra-hpv-ate-15-de-abril","status":"publish","type":"post","link":"https:\/\/www.ocorreionews.com.br\/acervo-correio\/?p=24481","title":{"rendered":"Meninas de 9 a 13 anos devem se vacinar contra HPV at\u00e9 15 de abril"},"content":{"rendered":"<p>Meninas de 9 a 13 anos j\u00e1 est\u00e3o sendo orientadas a procurar uma das 36 mil salas de vacina\u00e7\u00e3o no pa\u00eds para receber a dose contra o Papiloma V\u00edrus Humano (HPV). A campanha nacional de mobiliza\u00e7\u00e3o segue at\u00e9 15 de abril. A dose, entretanto, pode ser encontrada nos postos de sa\u00fade durante todo o ano.<\/p>\n<p>Em 2016, a meta \u00e9 vacinar pelo menos 80% das meninas de 9 anos, p\u00fablico-alvo da campanha, formado por um total de 1,7 milh\u00e3o de garotas. A imuniza\u00e7\u00e3o \u00e9 feita em duas doses injet\u00e1veis. A primeira, de prefer\u00eancia, nos meses de mar\u00e7o ou abril e a segunda, seis meses ap\u00f3s a primeira.<\/p>\n<p>A orienta\u00e7\u00e3o \u00e9 que meninas de 10 a 13 anos que ainda n\u00e3o receberam a dose ou que n\u00e3o completaram o esquema vacinal tamb\u00e9m sejam imunizadas durante a campanha de mobiliza\u00e7\u00e3o. A prote\u00e7\u00e3o s\u00f3 \u00e9 conferida se todas as doses forem aplicadas.<\/p>\n<p><strong>\u00a0Outros casos<\/strong><\/p>\n<p>Meninas e mulheres entre 9 a 26 anos, vivendo com V\u00edrus da Imunodefici\u00eancia Humana (HIV) ou aids tamb\u00e9m devem ser vacinadas. Neste caso, o esquema vacinal consiste em tr\u00eas doses, a segunda \u00e9 administrada dois meses depois e a terceira, ap\u00f3s seis meses. Dados apontam que cerca de 59 mil mulheres de 15 a 26 anos vivem com HIV ou aids no pa\u00eds atualmente.<\/p>\n<p>Meninas de 9 a 13 anos poder\u00e3o ser vacinadas contra o HPV em escolas p\u00fablicas e particulares.<\/p>\n<p><em>*Da Ag\u00eancia CNM, com informa\u00e7\u00e3o da Ag\u00eancia Brasil<\/em><\/p>\n","protected":false},"excerpt":{"rendered":"<p>Meninas de 9 a 13 anos j\u00e1 est\u00e3o sendo orientadas a procurar uma das 36 mil salas de vacina\u00e7\u00e3o no pa\u00eds para receber a dose contra o Papiloma V\u00edrus Humano (HPV). A campanha nacional de mobiliza\u00e7\u00e3o segue at\u00e9 15 de abril. A dose, entretanto, pode ser encontrada nos postos de sa\u00fade durante todo o ano. [&hellip;]<\/p>\n","protected":false},"author":4,"featured_media":24482,"comment_status":"closed","ping_status":"closed","sticky":false,"template":"","format":"standard","meta":{"footnotes":""},"categories":[39],"tags":[],"class_list":["post-24481","post","type-post","status-publish","format-standard","has-post-thumbnail","hentry","category-saude"],"_links":{"self":[{"href":"https:\/\/www.ocorreionews.com.br\/acervo-correio\/index.php?rest_route=\/wp\/v2\/posts\/24481","targetHints":{"allow":["GET"]}}],"collection":[{"href":"https:\/\/www.ocorreionews.com.br\/acervo-correio\/index.php?rest_route=\/wp\/v2\/posts"}],"about":[{"href":"https:\/\/www.ocorreionews.com.br\/acervo-correio\/index.php?rest_route=\/wp\/v2\/types\/post"}],"author":[{"embeddable":true,"href":"https:\/\/www.ocorreionews.com.br\/acervo-correio\/index.php?rest_route=\/wp\/v2\/users\/4"}],"replies":[{"embeddable":true,"href":"https:\/\/www.ocorreionews.com.br\/acervo-correio\/index.php?rest_route=%2Fwp%2Fv2%2Fcomments&post=24481"}],"version-history":[{"count":0,"href":"https:\/\/www.ocorreionews.com.br\/acervo-correio\/index.php?rest_route=\/wp\/v2\/posts\/24481\/revisions"}],"wp:featuredmedia":[{"embeddable":true,"href":"https:\/\/www.ocorreionews.com.br\/acervo-correio\/index.php?rest_route=\/wp\/v2\/media\/24482"}],"wp:attachment":[{"href":"https:\/\/www.ocorreionews.com.br\/acervo-correio\/index.php?rest_route=%2Fwp%2Fv2%2Fmedia&parent=24481"}],"wp:term":[{"taxonomy":"category","embeddable":true,"href":"https:\/\/www.ocorreionews.com.br\/acervo-correio\/index.php?rest_route=%2Fwp%2Fv2%2Fcategories&post=24481"},{"taxonomy":"post_tag","embeddable":true,"href":"https:\/\/www.ocorreionews.com.br\/acervo-correio\/index.php?rest_route=%2Fwp%2Fv2%2Ftags&post=24481"}],"curies":[{"name":"wp","href":"https:\/\/api.w.org\/{rel}","templated":true}]}}