{"id":244859,"date":"2023-07-10T10:19:34","date_gmt":"2023-07-10T14:19:34","guid":{"rendered":"https:\/\/www.ocorreionews.com.br\/acervo-correio\/?p=244859"},"modified":"2023-07-10T10:19:34","modified_gmt":"2023-07-10T14:19:34","slug":"crianca-de-2-anos-morre-em-acidente-na-ms-450-apos-familia-sair-de-festa","status":"publish","type":"post","link":"https:\/\/www.ocorreionews.com.br\/acervo-correio\/?p=244859","title":{"rendered":"Crian\u00e7a de 2 anos morre em acidente na MS-450 ap\u00f3s fam\u00edlia sair de festa"},"content":{"rendered":"<div id=\"chunk-7cubn\">\n<div class=\"mc-column content-text active-extra-styles \" data-block-type=\"unstyled\" data-block-weight=\"39\" data-block-id=\"3\">\n<p class=\"content-text__container \" data-track-category=\"Link no Texto\" data-track-links=\"\">Uma menina, de 2 anos morreu na madrugada deste domingo (9), na MS-450, em Aquidauana, ap\u00f3s a fam\u00edlia sair de uma festa, em Piraputanga. O acidente teria ocorrido depois do pai da crian\u00e7a perder o controle da dire\u00e7\u00e3o.<\/p>\n<p data-track-category=\"Link no Texto\" data-track-links=\"\">\n<\/div>\n<\/div>\n<div class=\"wall protected-content\">\n<div id=\"chunk-5c6n2\">\n<div class=\"mc-column content-text active-extra-styles \" data-block-type=\"unstyled\" data-block-weight=\"42\" data-block-id=\"4\">\n<p class=\"content-text__container \" data-track-category=\"Link no Texto\" data-track-links=\"\">De acordo com a Pol\u00edcia Militar Rodovi\u00e1ria (PMR), o ve\u00edculo saiu da pista e colidiu com uma \u00e1rvore. Com a colis\u00e3o a crian\u00e7a ficou gravemente ferida e foi socorrida pelo pai, que pediu carona e levou a menina para o hospital.<\/p>\n<p data-track-category=\"Link no Texto\" data-track-links=\"\">\n<\/div>\n<\/div>\n<div id=\"chunk-641pc\">\n<div class=\"mc-column content-text active-extra-styles \" data-block-type=\"unstyled\" data-block-weight=\"29\" data-block-id=\"5\">\n<p class=\"content-text__container \" data-track-category=\"Link no Texto\" data-track-links=\"\">No entanto, a crian\u00e7a n\u00e3o resistiu aos ferimentos e acabou morrendo. Segundo o Corpo de Bombeiros, h\u00e1 suspeita \u00e9 de que a crian\u00e7a n\u00e3o estaria usando equipamento de seguran\u00e7a.<\/p>\n<\/div>\n<\/div>\n<div id=\"chunk-16ki1\">\n<div class=\"content-ads content-ads--reveal\" data-block-type=\"ads\" data-block-id=\"6\">\n<div><\/div>\n<\/div>\n<\/div>\n<div id=\"chunk-agpu7\">\n<div class=\"mc-column content-text active-extra-styles \" data-block-type=\"unstyled\" data-block-weight=\"22\" data-block-id=\"7\">\n<p class=\"content-text__container \" data-track-category=\"Link no Texto\" data-track-links=\"\">Ainda conforme apurado, o pai da menina chegou a fugir do hospital, mas foi localizado pela Pol\u00edcia Civil e autuado em flagrante.<\/p>\n<p data-track-category=\"Link no Texto\" data-track-links=\"\">\n<\/div>\n<\/div>\n<div id=\"chunk-8da0o\">\n<div class=\"mc-column content-text active-extra-styles \" data-block-type=\"unstyled\" data-block-weight=\"23\" data-block-id=\"8\">\n<p class=\"content-text__container \" data-track-category=\"Link no Texto\" data-track-links=\"\">O homem responder\u00e1 por pr\u00e1tica de homic\u00eddio culposo na dire\u00e7\u00e3o de ve\u00edculo automotor e les\u00e3o corporal culposa na dire\u00e7\u00e3o do ve\u00edculo automotor.<\/p>\n<p data-track-category=\"Link no Texto\" data-track-links=\"\">\n<p data-track-category=\"Link no Texto\" data-track-links=\"\">Por Renata Fontoura e Thais Libni, g1 MS<\/p>\n<\/div>\n<\/div>\n<\/div>\n","protected":false},"excerpt":{"rendered":"<p>Uma menina, de 2 anos morreu na madrugada deste domingo (9), na MS-450, em Aquidauana, ap\u00f3s a fam\u00edlia sair de uma festa, em Piraputanga. O acidente teria ocorrido depois do pai da crian\u00e7a perder o controle da dire\u00e7\u00e3o. De acordo com a Pol\u00edcia Militar Rodovi\u00e1ria (PMR), o ve\u00edculo saiu da pista e colidiu com uma [&hellip;]<\/p>\n","protected":false},"author":5,"featured_media":244861,"comment_status":"closed","ping_status":"closed","sticky":false,"template":"","format":"standard","meta":{"footnotes":""},"categories":[38],"tags":[],"class_list":["post-244859","post","type-post","status-publish","format-standard","has-post-thumbnail","hentry","category-policia"],"_links":{"self":[{"href":"https:\/\/www.ocorreionews.com.br\/acervo-correio\/index.php?rest_route=\/wp\/v2\/posts\/244859","targetHints":{"allow":["GET"]}}],"collection":[{"href":"https:\/\/www.ocorreionews.com.br\/acervo-correio\/index.php?rest_route=\/wp\/v2\/posts"}],"about":[{"href":"https:\/\/www.ocorreionews.com.br\/acervo-correio\/index.php?rest_route=\/wp\/v2\/types\/post"}],"author":[{"embeddable":true,"href":"https:\/\/www.ocorreionews.com.br\/acervo-correio\/index.php?rest_route=\/wp\/v2\/users\/5"}],"replies":[{"embeddable":true,"href":"https:\/\/www.ocorreionews.com.br\/acervo-correio\/index.php?rest_route=%2Fwp%2Fv2%2Fcomments&post=244859"}],"version-history":[{"count":2,"href":"https:\/\/www.ocorreionews.com.br\/acervo-correio\/index.php?rest_route=\/wp\/v2\/posts\/244859\/revisions"}],"predecessor-version":[{"id":244866,"href":"https:\/\/www.ocorreionews.com.br\/acervo-correio\/index.php?rest_route=\/wp\/v2\/posts\/244859\/revisions\/244866"}],"wp:featuredmedia":[{"embeddable":true,"href":"https:\/\/www.ocorreionews.com.br\/acervo-correio\/index.php?rest_route=\/wp\/v2\/media\/244861"}],"wp:attachment":[{"href":"https:\/\/www.ocorreionews.com.br\/acervo-correio\/index.php?rest_route=%2Fwp%2Fv2%2Fmedia&parent=244859"}],"wp:term":[{"taxonomy":"category","embeddable":true,"href":"https:\/\/www.ocorreionews.com.br\/acervo-correio\/index.php?rest_route=%2Fwp%2Fv2%2Fcategories&post=244859"},{"taxonomy":"post_tag","embeddable":true,"href":"https:\/\/www.ocorreionews.com.br\/acervo-correio\/index.php?rest_route=%2Fwp%2Fv2%2Ftags&post=244859"}],"curies":[{"name":"wp","href":"https:\/\/api.w.org\/{rel}","templated":true}]}}