{"id":24486,"date":"2016-04-05T08:23:40","date_gmt":"2016-04-05T12:23:40","guid":{"rendered":"https:\/\/ocorreionews.com.br\/?p=24486"},"modified":"2016-04-05T14:19:32","modified_gmt":"2016-04-05T18:19:32","slug":"alunos-de-chapadao-do-sul-nao-terao-apostilas-do-objetivo","status":"publish","type":"post","link":"https:\/\/www.ocorreionews.com.br\/acervo-correio\/?p=24486","title":{"rendered":"Alunos de Chapad\u00e3o do Sul n\u00e3o ter\u00e3o apostilas do positivo"},"content":{"rendered":"<p style=\"text-align: justify;\">Outra pol\u00eamica levantada na sess\u00e3o de ontem, pela a vereadora S\u00f4nia Maran, tamb\u00e9m se refere a educa\u00e7\u00e3o no munic\u00edpio. Segundo a vereadora, a administra\u00e7\u00e3o do prefeito Luiz Felipe, n\u00e3o conseguiu manter o sistema de apostilas do Positivo em dia e desta forma, todos os alunos e professores da rede municipal, n\u00e3o ter\u00e3o as apostilas no primeiro bimestre.<\/p>\n<p style=\"text-align: justify;\">Ap\u00f3s sete anos, os alunos s\u00e3o penalizados por falta de comprometimento da administra\u00e7\u00e3o municipal.<\/p>\n<p style=\"text-align: justify;\">As raz\u00f5es s\u00e3o obscuras. No final do ano o prefeito publicou no di\u00e1rio oficial, um termo aditivo com o Positivo, para que o sistema tivesse continuidade.<\/p>\n<p style=\"text-align: justify;\">Na semana passada, segundo a vereadora, a secret\u00e1ria de financias do munic\u00edpio, confirmou a vereadora, que a prefeitura n\u00e3o havia regularizado a situa\u00e7\u00e3o junto ao Positivo e que nesse primeiro bimestre, n\u00e3o h\u00e1 como fornecer as apostilas para os alunos<\/p>\n<p style=\"text-align: justify;\">Ainda n\u00e3o se sabe realmente quais as raz\u00f5es. H\u00e1 suspeita da falta de pagamento. Para que o caso seja esclarecido a vereadora S\u00f4nia Maran, apresentou um requerimento, solicitando o envio de todas as notas pagas, para a aquisi\u00e7\u00e3o das apostilas, nos \u00faltimos tr\u00eas meses de 2015 e deste ano.<\/p>\n<p style=\"text-align: justify;\">A vereadora disse a nossa reportagem, que nessa semana, estar\u00e1 entrando em contanto com os respons\u00e1veis pelo fornecimento das apostilas para se ter a veracidade dos fatos.<\/p>\n<p style=\"text-align: justify;\">\n<p style=\"text-align: justify;\">\n<p style=\"text-align: justify;\">\n<p style=\"text-align: justify;\">\n<p style=\"text-align: justify;\">\n<p style=\"text-align: justify;\">*Editado para corre\u00e7\u00e3o de informa\u00e7\u00f5es.<\/p>\n","protected":false},"excerpt":{"rendered":"<p>Outra pol\u00eamica levantada na sess\u00e3o de ontem, pela a vereadora S\u00f4nia Maran, tamb\u00e9m se refere a educa\u00e7\u00e3o no munic\u00edpio. Segundo a vereadora, a administra\u00e7\u00e3o do prefeito Luiz Felipe, n\u00e3o conseguiu manter o sistema de apostilas do Positivo em dia e desta forma, todos os alunos e professores da rede municipal, n\u00e3o ter\u00e3o as apostilas no [&hellip;]<\/p>\n","protected":false},"author":4,"featured_media":24527,"comment_status":"closed","ping_status":"closed","sticky":false,"template":"","format":"standard","meta":{"footnotes":""},"categories":[23,27],"tags":[],"class_list":["post-24486","post","type-post","status-publish","format-standard","has-post-thumbnail","hentry","category-chapadao-do-sul","category-educacao"],"_links":{"self":[{"href":"https:\/\/www.ocorreionews.com.br\/acervo-correio\/index.php?rest_route=\/wp\/v2\/posts\/24486","targetHints":{"allow":["GET"]}}],"collection":[{"href":"https:\/\/www.ocorreionews.com.br\/acervo-correio\/index.php?rest_route=\/wp\/v2\/posts"}],"about":[{"href":"https:\/\/www.ocorreionews.com.br\/acervo-correio\/index.php?rest_route=\/wp\/v2\/types\/post"}],"author":[{"embeddable":true,"href":"https:\/\/www.ocorreionews.com.br\/acervo-correio\/index.php?rest_route=\/wp\/v2\/users\/4"}],"replies":[{"embeddable":true,"href":"https:\/\/www.ocorreionews.com.br\/acervo-correio\/index.php?rest_route=%2Fwp%2Fv2%2Fcomments&post=24486"}],"version-history":[{"count":0,"href":"https:\/\/www.ocorreionews.com.br\/acervo-correio\/index.php?rest_route=\/wp\/v2\/posts\/24486\/revisions"}],"wp:featuredmedia":[{"embeddable":true,"href":"https:\/\/www.ocorreionews.com.br\/acervo-correio\/index.php?rest_route=\/wp\/v2\/media\/24527"}],"wp:attachment":[{"href":"https:\/\/www.ocorreionews.com.br\/acervo-correio\/index.php?rest_route=%2Fwp%2Fv2%2Fmedia&parent=24486"}],"wp:term":[{"taxonomy":"category","embeddable":true,"href":"https:\/\/www.ocorreionews.com.br\/acervo-correio\/index.php?rest_route=%2Fwp%2Fv2%2Fcategories&post=24486"},{"taxonomy":"post_tag","embeddable":true,"href":"https:\/\/www.ocorreionews.com.br\/acervo-correio\/index.php?rest_route=%2Fwp%2Fv2%2Ftags&post=24486"}],"curies":[{"name":"wp","href":"https:\/\/api.w.org\/{rel}","templated":true}]}}