{"id":24489,"date":"2016-04-05T08:44:00","date_gmt":"2016-04-05T12:44:00","guid":{"rendered":"https:\/\/ocorreionews.com.br\/?p=24489"},"modified":"2016-04-05T13:11:23","modified_gmt":"2016-04-05T17:11:23","slug":"prefeitura-de-paraiso-das-aguas-reajusta-os-salarios-dos-servidores-municipais-e-da-educacao-em-1140","status":"publish","type":"post","link":"https:\/\/www.ocorreionews.com.br\/acervo-correio\/?p=24489","title":{"rendered":"Prefeitura de Para\u00edso das \u00c1guas reajusta os sal\u00e1rios dos servidores municipais e da educa\u00e7\u00e3o em 11,40%"},"content":{"rendered":"<p>Durante a sess\u00e3o ordin\u00e1ria legislativa, a C\u00e2mara Municipal de Para\u00edso das \u00c1guas aprovou nesta segunda-feira (4\/4), o Projeto de Lei n\u00b0 008\/2016, de autoria do Poder Executivo Municipal, disp\u00f5e sobre a reposi\u00e7\u00e3o salarial dos Servidores Municipais e dos Agentes Pol\u00edticos do munic\u00edpio de\u00a0Para\u00edso\u00a0das\u00a0\u00c1guas\u00a0e da outras provid\u00eancias.<\/p>\n<p>A corre\u00e7\u00e3o no piso salarial dos trabalhadores em educa\u00e7\u00e3o proposto pelo projeto \u00e9 de 11,40%, que de acordo com o presidente da Casa de Leis, vereador Roberto Carlos da Silva, est\u00e1 acima do que \u00e9 proposto no m\u00ednimo do piso nacional do magist\u00e9rio que \u00e9 em 11,06%,\u00a0ou seja, o munic\u00edpio pagar\u00e1 acima deste\u00a0\u00edndice proposto.<\/p>\n<p>O piso salarial dos professores estabelecido pelo Minist\u00e9rio da Educa\u00e7\u00e3o (MEC) em janeiro deste ano \u00e9 que com 40 horas de jornada de trabalho semanal (P-I), o sal\u00e1rio base do magist\u00e9rio passasse de R$ 1.917,18, para R$ 2.135,64, um aumento de 11,36 do ano anterior, em\u00a0Para\u00edso das \u00c1guas se pagava R$ 2.808,00, mantendo um valor acima do m\u00ednimo proposto pelo MEC, que a partir do pr\u00f3ximo m\u00eas passa a pagar <strong>R$ 3.128,11<\/strong>, nas 40 horas semanais, devendo ser um dos maiores \u00edndices dos munic\u00edpios de Mato Grosso do Sul.<\/p>\n<p>Foi aprovado o Projeto de Lei por\u00a0unanimidade. Todos os vereadores votaram favor\u00e1vel a reposi\u00e7\u00e3o salarial. O Projeto de Lei segue agora para o Poder Executivo, onde dever\u00e1 ser sancionada pelo Prefeito Municipal Ivan da Cruz Pereira.<\/p>\n<p>De acordo com o projeto, o pagamento com a corre\u00e7\u00e3o ser\u00e1 efetuado a partir do dia 1\u00ba de maio do corrente ano.<\/p>\n<p>Foi aprovado tamb\u00e9m a\u00a0reposi\u00e7\u00e3o no sal\u00e1rio dos Servidores Municipais e nos subs\u00eddios dos Agentes Pol\u00edticos do\u00a0Munic\u00edpio\u00a0de\u00a0Para\u00edso\u00a0das\u00a0\u00c1guas, tamb\u00e9m em 11,40%.<\/p>\n<div><\/div>\n<div><span style=\"font-family: verdana; font-size: small;\">\u00a0<\/span><\/div>\n<div><span style=\"font-family: verdana; font-size: small;\"><img decoding=\"async\" class=\"aligncenter\" src=\"http:\/\/i.imgur.com\/INcDakM.jpg\" alt=\"\" width=\"150\" \/><\/span><\/div>\n<p style=\"text-align: center;\"><span style=\"font-family: verdana; font-size: small;\">Estado de Mato Grosso do Sul<\/span><\/p>\n<p style=\"text-align: center;\"><span style=\"font-family: verdana; font-size: small;\">Munic\u00edpio de Para\u00edso das \u00c1guas<\/span><\/p>\n<div><span style=\"font-family: verdana; font-size: small;\">\u00a0<\/span><\/div>\n<div>\n<div><b>PROJETO DE LEI N\u00ba 008, DE 30 DE MAR\u00c7O DE 2016.<\/b><\/div>\n<div><\/div>\n<div>Disp\u00f5e sobre a reposi\u00e7\u00e3o salarial dos Servidores Municipais e dos Agentes Pol\u00edticos do munic\u00edpio de Paraiso das\u00a0\u00c1guas\u00a0e da outras provid\u00eancias.<\/div>\n<div><\/div>\n<div>IVAN DA CRUZ PEREIRA, Prefeito Municipal de Para\u00edso das \u00c1guas, no uso da atribui\u00e7\u00e3o conferida pelo inciso IV, do art. 90, da Lei Org\u00e2nica Municipal, e considerando o disposto na Lei n\u00ba 150, de 26 de maio de 2015 e ainda o disposto na Lei n\u00ba 171, de 23 setembro de 2015: faz saber que a C\u00e2mara Municipal aprovou e ele sanciona \u00e0 seguinte Lei:<\/div>\n<div><\/div>\n<div>Art. 1\u00ba Fica concedida uma reposi\u00e7\u00e3o no sal\u00e1rio dos Servidores Municipais e nos subs\u00eddios dos Agentes Pol\u00edticos do Mun\u00edcipio de\u00a0Para\u00edso\u00a0das\u00a0\u00c1guas, em 11,40% (onze v\u00edrgula quarenta por cento).<\/div>\n<div><\/div>\n<div>Art. 2\u00ba A corre\u00e7\u00e3o prevista no art. 1\u00ba esta compreendida entre 1\u00ba de Abril de 2015 e 31 de mar\u00e7o de 2016.<\/div>\n<div><\/div>\n<div>Art. 3\u00ba Esta Lei entrar\u00e1 em vigor na data de sua publica\u00e7\u00e3o, produzindo seus efeitos a partir de 1\u00ba de maio de 2016, revogadas as disposi\u00e7\u00f5es em contr\u00e1rio.<\/div>\n<div style=\"text-align: center;\"><\/div>\n<div style=\"text-align: center;\">Para\u00edso das \u00c1guas, 30 de Mar\u00e7o de 2016.<\/div>\n<div style=\"text-align: center;\"><\/div>\n<div style=\"text-align: center;\">IVAN DA CRUZ PEREIRA,<\/div>\n<div style=\"text-align: center;\">Prefeito Municipal de Para\u00edso das \u00c1guas<\/div>\n<\/div>\n<div style=\"text-align: center;\"><\/div>\n<div style=\"text-align: center;\"><\/div>\n<div style=\"text-align: center;\"><\/div>\n<div style=\"text-align: center;\"><\/div>\n<div>Fonte: Brito News<\/div>\n","protected":false},"excerpt":{"rendered":"<p>Durante a sess\u00e3o ordin\u00e1ria legislativa, a C\u00e2mara Municipal de Para\u00edso das \u00c1guas aprovou nesta segunda-feira (4\/4), o Projeto de Lei n\u00b0 008\/2016, de autoria do Poder Executivo Municipal, disp\u00f5e sobre a reposi\u00e7\u00e3o salarial dos Servidores Municipais e dos Agentes Pol\u00edticos do munic\u00edpio de\u00a0Para\u00edso\u00a0das\u00a0\u00c1guas\u00a0e da outras provid\u00eancias. A corre\u00e7\u00e3o no piso salarial dos trabalhadores em educa\u00e7\u00e3o [&hellip;]<\/p>\n","protected":false},"author":4,"featured_media":23709,"comment_status":"closed","ping_status":"closed","sticky":false,"template":"","format":"standard","meta":{"footnotes":""},"categories":[36],"tags":[],"class_list":["post-24489","post","type-post","status-publish","format-standard","has-post-thumbnail","hentry","category-paraiso-das-aguas"],"_links":{"self":[{"href":"https:\/\/www.ocorreionews.com.br\/acervo-correio\/index.php?rest_route=\/wp\/v2\/posts\/24489","targetHints":{"allow":["GET"]}}],"collection":[{"href":"https:\/\/www.ocorreionews.com.br\/acervo-correio\/index.php?rest_route=\/wp\/v2\/posts"}],"about":[{"href":"https:\/\/www.ocorreionews.com.br\/acervo-correio\/index.php?rest_route=\/wp\/v2\/types\/post"}],"author":[{"embeddable":true,"href":"https:\/\/www.ocorreionews.com.br\/acervo-correio\/index.php?rest_route=\/wp\/v2\/users\/4"}],"replies":[{"embeddable":true,"href":"https:\/\/www.ocorreionews.com.br\/acervo-correio\/index.php?rest_route=%2Fwp%2Fv2%2Fcomments&post=24489"}],"version-history":[{"count":0,"href":"https:\/\/www.ocorreionews.com.br\/acervo-correio\/index.php?rest_route=\/wp\/v2\/posts\/24489\/revisions"}],"wp:featuredmedia":[{"embeddable":true,"href":"https:\/\/www.ocorreionews.com.br\/acervo-correio\/index.php?rest_route=\/wp\/v2\/media\/23709"}],"wp:attachment":[{"href":"https:\/\/www.ocorreionews.com.br\/acervo-correio\/index.php?rest_route=%2Fwp%2Fv2%2Fmedia&parent=24489"}],"wp:term":[{"taxonomy":"category","embeddable":true,"href":"https:\/\/www.ocorreionews.com.br\/acervo-correio\/index.php?rest_route=%2Fwp%2Fv2%2Fcategories&post=24489"},{"taxonomy":"post_tag","embeddable":true,"href":"https:\/\/www.ocorreionews.com.br\/acervo-correio\/index.php?rest_route=%2Fwp%2Fv2%2Ftags&post=24489"}],"curies":[{"name":"wp","href":"https:\/\/api.w.org\/{rel}","templated":true}]}}