{"id":244914,"date":"2023-07-10T16:49:51","date_gmt":"2023-07-10T20:49:51","guid":{"rendered":"https:\/\/www.ocorreionews.com.br\/acervo-correio\/?p=244914"},"modified":"2023-07-10T17:04:35","modified_gmt":"2023-07-10T21:04:35","slug":"homem-flagra-jovem-tentando-furta-seu-veiculo-em-costa-rica","status":"publish","type":"post","link":"https:\/\/www.ocorreionews.com.br\/acervo-correio\/?p=244914","title":{"rendered":"Homem flagra jovem tentando furta seu ve\u00edculo em Costa Rica"},"content":{"rendered":"<p>Na noite do \u00faltimo s\u00e1bado (08), um jovem de 22 anos, que estava tentando furtar um ve\u00edculo, flagrado pelo dono do autom\u00f3vel e detido por ele at\u00e9 a chegada da Pol\u00edcia Militar de Costa Rica.<\/p>\n<p>Segundo informa\u00e7\u00f5es do Boletim de Ocorr\u00eancia, por volta das 22h a Pol\u00edcia Militar de Costa Rica foi acionada para atender a uma ocorr\u00eancia de furto em uma resid\u00eancia na Rua Marte, no Centro da cidade, onde de acordo com a v\u00edtima (sexo masculino 35 anos), ele estava no interior da casa de um amigo quando avistou um indiv\u00edduo dentro do seu ve\u00edculo um Fiat Siena. No momento que a v\u00edtima visualizou o autor dentro do seu carro perguntou o que ele fazia ali e o autor respondeu que \u201cteria que fazer o assalto por determina\u00e7\u00e3o de uma fac\u00e7\u00e3o criminosa\u201d.<\/p>\n<p>A v\u00edtima conteve o autor at\u00e9 a chegada dos militares.<\/p>\n<p>Diante os fatos o autor foi encaminhado at\u00e9 a Delegacia de Pol\u00edcia, onde o Autor dos fatos estava bastante alcoolizado e depois sequer lembrava do que havia feito.<\/p>\n<p><em>* O Correio News, com informa\u00e7\u00f5es da Assessoria de comunica\u00e7\u00e3o da 4\u00aa Companhia Independente de Pol\u00edcia Militar<\/em><\/p>\n","protected":false},"excerpt":{"rendered":"<p>Na noite do \u00faltimo s\u00e1bado (08), um jovem de 22 anos, que estava tentando furtar um ve\u00edculo, flagrado pelo dono do autom\u00f3vel e detido por ele at\u00e9 a chegada da Pol\u00edcia Militar de Costa Rica. Segundo informa\u00e7\u00f5es do Boletim de Ocorr\u00eancia, por volta das 22h a Pol\u00edcia Militar de Costa Rica foi acionada para atender [&hellip;]<\/p>\n","protected":false},"author":5,"featured_media":229890,"comment_status":"closed","ping_status":"closed","sticky":false,"template":"","format":"standard","meta":{"footnotes":""},"categories":[25,38],"tags":[],"class_list":["post-244914","post","type-post","status-publish","format-standard","has-post-thumbnail","hentry","category-costa-rica","category-policia"],"_links":{"self":[{"href":"https:\/\/www.ocorreionews.com.br\/acervo-correio\/index.php?rest_route=\/wp\/v2\/posts\/244914","targetHints":{"allow":["GET"]}}],"collection":[{"href":"https:\/\/www.ocorreionews.com.br\/acervo-correio\/index.php?rest_route=\/wp\/v2\/posts"}],"about":[{"href":"https:\/\/www.ocorreionews.com.br\/acervo-correio\/index.php?rest_route=\/wp\/v2\/types\/post"}],"author":[{"embeddable":true,"href":"https:\/\/www.ocorreionews.com.br\/acervo-correio\/index.php?rest_route=\/wp\/v2\/users\/5"}],"replies":[{"embeddable":true,"href":"https:\/\/www.ocorreionews.com.br\/acervo-correio\/index.php?rest_route=%2Fwp%2Fv2%2Fcomments&post=244914"}],"version-history":[{"count":3,"href":"https:\/\/www.ocorreionews.com.br\/acervo-correio\/index.php?rest_route=\/wp\/v2\/posts\/244914\/revisions"}],"predecessor-version":[{"id":244921,"href":"https:\/\/www.ocorreionews.com.br\/acervo-correio\/index.php?rest_route=\/wp\/v2\/posts\/244914\/revisions\/244921"}],"wp:featuredmedia":[{"embeddable":true,"href":"https:\/\/www.ocorreionews.com.br\/acervo-correio\/index.php?rest_route=\/wp\/v2\/media\/229890"}],"wp:attachment":[{"href":"https:\/\/www.ocorreionews.com.br\/acervo-correio\/index.php?rest_route=%2Fwp%2Fv2%2Fmedia&parent=244914"}],"wp:term":[{"taxonomy":"category","embeddable":true,"href":"https:\/\/www.ocorreionews.com.br\/acervo-correio\/index.php?rest_route=%2Fwp%2Fv2%2Fcategories&post=244914"},{"taxonomy":"post_tag","embeddable":true,"href":"https:\/\/www.ocorreionews.com.br\/acervo-correio\/index.php?rest_route=%2Fwp%2Fv2%2Ftags&post=244914"}],"curies":[{"name":"wp","href":"https:\/\/api.w.org\/{rel}","templated":true}]}}