{"id":244918,"date":"2023-07-10T17:05:55","date_gmt":"2023-07-10T21:05:55","guid":{"rendered":"https:\/\/www.ocorreionews.com.br\/acervo-correio\/?p=244918"},"modified":"2023-07-10T17:05:55","modified_gmt":"2023-07-10T21:05:55","slug":"mulher-e-detida-apos-furtar-celular-em-bar-de-costa-rica","status":"publish","type":"post","link":"https:\/\/www.ocorreionews.com.br\/acervo-correio\/?p=244918","title":{"rendered":"Mulher \u00e9 detida ap\u00f3s furtar celular em bar de Costa Rica"},"content":{"rendered":"<p>Mulher \u00e9 detida ap\u00f3s furtar celular em bar de Costa Rica<\/p>\n<p>Na madrugada deste domingo (09), uma mulher de 43 anos que estava em um bar no Centro de Costa Rica furtou um celular e acabou presa.<\/p>\n<p>Segundo informa\u00e7\u00f5es do Boletim de Ocorr\u00eancia, a Policia Militar foi acionada para atender uma ocorr\u00eancia de furto de um celular Samsung M31 que foi pego no interior do bar que fica Av. Jose Ferreira da Costa, Centro da cidade. No local que contem c\u00e2meras de seguran\u00e7a, foi poss\u00edvel ver a autora manipulando o celular em um balc\u00e3o antes mesmo de ter sumido.<\/p>\n<p>O caso foi registrado na Delegacia de Pol\u00edcia.<\/p>\n<p>J\u00e1 na manh\u00e3 de domingo a autora do furto foi localizada pelo Setor de Investiga\u00e7\u00f5es Gerais (SIG) da Delegacia de Costa Rica, obteve sucesso na recupera\u00e7\u00e3o de um aparelho celular que havia sido furtado durante a madrugada.<\/p>\n<p>Ap\u00f3s o registro do furto, a equipe do SIG iniciou as investiga\u00e7\u00f5es, e os policiais conseguiram localizar o aparelho celular e identificar a suspeita envolvida no crime.<\/p>\n<p>A suspeita foi conduzida \u00e0 Delegacia de Costa Rica para que as medidas legais e necess\u00e1rias fossem adotadas. O aparelho celular recuperado foi restitu\u00eddo ao seu leg\u00edtimo propriet\u00e1rio, garantindo a justi\u00e7a e a recupera\u00e7\u00e3o do bem subtra\u00eddo.<\/p>\n<p><em>* O Correio News, com informa\u00e7\u00f5es da Assessoria de comunica\u00e7\u00e3o da 4\u00aa Companhia Independente de Pol\u00edcia Militar e Assessoria da Pol\u00edcia Civil de Costa Rica<\/em><\/p>\n","protected":false},"excerpt":{"rendered":"<p>Mulher \u00e9 detida ap\u00f3s furtar celular em bar de Costa Rica Na madrugada deste domingo (09), uma mulher de 43 anos que estava em um bar no Centro de Costa Rica furtou um celular e acabou presa. Segundo informa\u00e7\u00f5es do Boletim de Ocorr\u00eancia, a Policia Militar foi acionada para atender uma ocorr\u00eancia de furto de [&hellip;]<\/p>\n","protected":false},"author":5,"featured_media":244923,"comment_status":"closed","ping_status":"closed","sticky":false,"template":"","format":"standard","meta":{"footnotes":""},"categories":[25,38],"tags":[],"class_list":["post-244918","post","type-post","status-publish","format-standard","has-post-thumbnail","hentry","category-costa-rica","category-policia"],"_links":{"self":[{"href":"https:\/\/www.ocorreionews.com.br\/acervo-correio\/index.php?rest_route=\/wp\/v2\/posts\/244918","targetHints":{"allow":["GET"]}}],"collection":[{"href":"https:\/\/www.ocorreionews.com.br\/acervo-correio\/index.php?rest_route=\/wp\/v2\/posts"}],"about":[{"href":"https:\/\/www.ocorreionews.com.br\/acervo-correio\/index.php?rest_route=\/wp\/v2\/types\/post"}],"author":[{"embeddable":true,"href":"https:\/\/www.ocorreionews.com.br\/acervo-correio\/index.php?rest_route=\/wp\/v2\/users\/5"}],"replies":[{"embeddable":true,"href":"https:\/\/www.ocorreionews.com.br\/acervo-correio\/index.php?rest_route=%2Fwp%2Fv2%2Fcomments&post=244918"}],"version-history":[{"count":1,"href":"https:\/\/www.ocorreionews.com.br\/acervo-correio\/index.php?rest_route=\/wp\/v2\/posts\/244918\/revisions"}],"predecessor-version":[{"id":244924,"href":"https:\/\/www.ocorreionews.com.br\/acervo-correio\/index.php?rest_route=\/wp\/v2\/posts\/244918\/revisions\/244924"}],"wp:featuredmedia":[{"embeddable":true,"href":"https:\/\/www.ocorreionews.com.br\/acervo-correio\/index.php?rest_route=\/wp\/v2\/media\/244923"}],"wp:attachment":[{"href":"https:\/\/www.ocorreionews.com.br\/acervo-correio\/index.php?rest_route=%2Fwp%2Fv2%2Fmedia&parent=244918"}],"wp:term":[{"taxonomy":"category","embeddable":true,"href":"https:\/\/www.ocorreionews.com.br\/acervo-correio\/index.php?rest_route=%2Fwp%2Fv2%2Fcategories&post=244918"},{"taxonomy":"post_tag","embeddable":true,"href":"https:\/\/www.ocorreionews.com.br\/acervo-correio\/index.php?rest_route=%2Fwp%2Fv2%2Ftags&post=244918"}],"curies":[{"name":"wp","href":"https:\/\/api.w.org\/{rel}","templated":true}]}}