{"id":24492,"date":"2016-04-05T09:20:25","date_gmt":"2016-04-05T13:20:25","guid":{"rendered":"https:\/\/ocorreionews.com.br\/?p=24492"},"modified":"2016-04-05T09:20:25","modified_gmt":"2016-04-05T13:20:25","slug":"prefeitura-de-figueirao-divulga-palestras-do-produzir-mais","status":"publish","type":"post","link":"https:\/\/www.ocorreionews.com.br\/acervo-correio\/?p=24492","title":{"rendered":"Prefeitura de Figueir\u00e3o divulga palestras do Produzir Mais"},"content":{"rendered":"<p>A Prefeitura Municipal de Figueir\u00e3o divulgou as palestras t\u00e9cnicas do evento Produzir Mais, que ser\u00e3o realizadas no dia sete de abril, na C\u00e2mara Municipal. O ciclo de palestras ter\u00e1 in\u00edcio \u00e0s 18h, com o credenciamento dos participantes e tem o t\u00e9rmino previsto para as 21h. Ser\u00e3o quatro palestras que visam aprimorar os conhecimentos dos participantes.<\/p>\n<p>Ap\u00f3s o credenciamento haver\u00e1 uma breve apresenta\u00e7\u00e3o do Produzir Mais, realizada pelo secret\u00e1rio municipal de Agricultura, Pecu\u00e1ria, Turismo e Meio Ambiente, Fernando Martins. Logo ap\u00f3s, \u00e0s 18h30, a especialista Ant\u00f4nia Almeida, do Banco Original, discorre sobre linhas de financiamento. \u00c0s 19h inicia a palestra \u201cSem bezerro bom e rastreado n\u00e3o tem cota Hilton\u201d, ministrada por F\u00e1bio Dias, da Diretoria de Relacionamento com Pecuaristas Sustentabilidade JBS.<\/p>\n<p>\u00c0s 19h40, Leonel Mello, da Consultoria Ambiental BV RIO, discorre sobre Cadastro Ambiental Rural- CAR, encerrando com a palestra \u201cComo preparar seus animais para a Cota Hilton\u201d, \u00e0s 20h20, com S\u00e9rgio Ribas Moreira, Diretor Comercial SBC Certifica\u00e7\u00f5es.<\/p>\n<p>O evento \u00e9 uma realiza\u00e7\u00e3o da Prefeitura e Secretaria de Agricultura de Figueir\u00e3o e conta com o apoio da JBS e SBC Certifica\u00e7\u00f5es.<\/p>\n<p><a href=\"https:\/\/ocorreionews.com.br\/wp-content\/uploads\/2016\/04\/palestra-produzir-mais-Figueirao-2.jpg\" rel=\"attachment wp-att-24494\"><img loading=\"lazy\" decoding=\"async\" class=\"alignnone wp-image-24494 size-full\" src=\"https:\/\/ocorreionews.com.br\/wp-content\/uploads\/2016\/04\/palestra-produzir-mais-Figueirao-2.jpg\" alt=\"palestra produzir mais Figueirao 2\" width=\"660\" height=\"451\" srcset=\"https:\/\/www.ocorreionews.com.br\/acervo-correio\/wp-content\/uploads\/2016\/04\/palestra-produzir-mais-Figueirao-2.jpg 660w, https:\/\/www.ocorreionews.com.br\/acervo-correio\/wp-content\/uploads\/2016\/04\/palestra-produzir-mais-Figueirao-2-300x205.jpg 300w\" sizes=\"auto, (max-width: 660px) 100vw, 660px\" \/><\/a><\/p>\n<p><strong>Saiba Mais<\/strong><\/p>\n<p>O Programa Produzir Mais foi idealizado e criado pela prefeitura com o objetivo de subsidiar de ferramentas a agricultura familiar, por meio de a\u00e7\u00f5es e investimentos voltados \u00e0 produ\u00e7\u00e3o leiteira, fornecimento de gen\u00e9tica, est\u00edmulos \u00e0 hortifruticultura e \u00e0 produ\u00e7\u00e3o de mandioca.<\/p>\n<p>O produtor rural interessado no Programa, realiza um cadastro na Secretaria de Agricultura, passa por an\u00e1lises t\u00e9cnicas, e come\u00e7a a ter benef\u00edcios como uso da patrulha mecanizada da Prefeitura, visitas t\u00e9cnicas, apoio \u00e0 produ\u00e7\u00e3o sustent\u00e1vel, bem como cumprimento do Cadastro Ambiental Rural (CAR), al\u00e9m de outras a\u00e7\u00f5es vi\u00e1veis por meio das parcerias com o Governo do Estado de Mato Grosso do Sul, Senar\/MS, Ourofino Agroneg\u00f3cio, Fazenda 3R, Sindicato Rural de Figueir\u00e3o, Sebrae, Programa de Assist\u00eancia T\u00e9cnica de Extens\u00e3o Rural (Ater), Alta Genetics, Conselho Municipal de Desenvolvimento Rural Sustent\u00e1vel de Figueir\u00e3o (CMDRS\/Figueir\u00e3o), Ag\u00eancia de Desenvolvimento Agr\u00e1rio e Extens\u00e3o Rural (Agraer) e Secretaria de Estado de Produ\u00e7\u00e3o e Agricultura Familiar (Sepaf).<\/p>\n<p>Entre os principais beneficiados pelo Produzir Mais est\u00e1 a Associa\u00e7\u00e3o de Moradores e Produtores Rurais da Comunidade Quilombola de Santa Tereza (Amprust), que planejam viabilizar em 2016 uma micro ind\u00fastria de processamento de alimentos no distrito da Santa Tereza. S\u00e3o 64 moradores e pequenos produtores rurais, de 28 propriedades, que atualmente comercializam 120 mil litros\/m\u00eas para um latic\u00ednio de Camapu\u00e3, mas que trabalham sob o projeto de realizarem o processamento desses alimentos na pr\u00f3pria Associa\u00e7\u00e3o.<\/p>\n<p>Na primeira etapa do Programa, por meio da Prefeitura, os quilombolas e outros pecuaristas inseminaram 200 vacas com s\u00eamen de touros das ra\u00e7as Girolando e Holand\u00eas, com o objetivo de aumentar a qualidade e quantidade do leite produzido, e, consequentemente, a renda do pequeno produtor.<\/p>\n<p>Os alunos da escola municipal e pacientes do hospital de Figueir\u00e3o, tamb\u00e9m s\u00e3o beneficiados com a produ\u00e7\u00e3o desses alimentos prim\u00e1rios como a batata, hortali\u00e7as, ab\u00f3bora, mandioca e outros.<\/p>\n<p>A Feira do Produtor no munic\u00edpio foi inaugurada no m\u00eas passado, tamb\u00e9m estimulada pelo Produzir Mais, como uma forma de aproximar a popula\u00e7\u00e3o urbana e rural, e como alternativa de diversificar a fonte de renda do homem do campo.<\/p>\n<p>&nbsp;<\/p>\n<div class=\"clear\"><\/div>\n<div class=\"fonte\">Fonte: MS Todo Dia<\/div>\n","protected":false},"excerpt":{"rendered":"<p>A Prefeitura Municipal de Figueir\u00e3o divulgou as palestras t\u00e9cnicas do evento Produzir Mais, que ser\u00e3o realizadas no dia sete de abril, na C\u00e2mara Municipal. O ciclo de palestras ter\u00e1 in\u00edcio \u00e0s 18h, com o credenciamento dos participantes e tem o t\u00e9rmino previsto para as 21h. Ser\u00e3o quatro palestras que visam aprimorar os conhecimentos dos participantes. [&hellip;]<\/p>\n","protected":false},"author":4,"featured_media":24493,"comment_status":"closed","ping_status":"closed","sticky":false,"template":"","format":"standard","meta":{"footnotes":""},"categories":[30],"tags":[],"class_list":["post-24492","post","type-post","status-publish","format-standard","has-post-thumbnail","hentry","category-figueirao"],"_links":{"self":[{"href":"https:\/\/www.ocorreionews.com.br\/acervo-correio\/index.php?rest_route=\/wp\/v2\/posts\/24492","targetHints":{"allow":["GET"]}}],"collection":[{"href":"https:\/\/www.ocorreionews.com.br\/acervo-correio\/index.php?rest_route=\/wp\/v2\/posts"}],"about":[{"href":"https:\/\/www.ocorreionews.com.br\/acervo-correio\/index.php?rest_route=\/wp\/v2\/types\/post"}],"author":[{"embeddable":true,"href":"https:\/\/www.ocorreionews.com.br\/acervo-correio\/index.php?rest_route=\/wp\/v2\/users\/4"}],"replies":[{"embeddable":true,"href":"https:\/\/www.ocorreionews.com.br\/acervo-correio\/index.php?rest_route=%2Fwp%2Fv2%2Fcomments&post=24492"}],"version-history":[{"count":0,"href":"https:\/\/www.ocorreionews.com.br\/acervo-correio\/index.php?rest_route=\/wp\/v2\/posts\/24492\/revisions"}],"wp:featuredmedia":[{"embeddable":true,"href":"https:\/\/www.ocorreionews.com.br\/acervo-correio\/index.php?rest_route=\/wp\/v2\/media\/24493"}],"wp:attachment":[{"href":"https:\/\/www.ocorreionews.com.br\/acervo-correio\/index.php?rest_route=%2Fwp%2Fv2%2Fmedia&parent=24492"}],"wp:term":[{"taxonomy":"category","embeddable":true,"href":"https:\/\/www.ocorreionews.com.br\/acervo-correio\/index.php?rest_route=%2Fwp%2Fv2%2Fcategories&post=24492"},{"taxonomy":"post_tag","embeddable":true,"href":"https:\/\/www.ocorreionews.com.br\/acervo-correio\/index.php?rest_route=%2Fwp%2Fv2%2Ftags&post=24492"}],"curies":[{"name":"wp","href":"https:\/\/api.w.org\/{rel}","templated":true}]}}