{"id":244925,"date":"2023-07-10T08:13:57","date_gmt":"2023-07-10T12:13:57","guid":{"rendered":"https:\/\/www.ocorreionews.com.br\/acervo-correio\/?p=244925"},"modified":"2023-07-10T17:16:57","modified_gmt":"2023-07-10T21:16:57","slug":"autor-de-violencia-domestica-contra-a-mulher-foi-preso-em-flagrante-em-costa-rica","status":"publish","type":"post","link":"https:\/\/www.ocorreionews.com.br\/acervo-correio\/?p=244925","title":{"rendered":"Autor de viol\u00eancia dom\u00e9stica contra a mulher foi preso em flagrante em Costa Rica"},"content":{"rendered":"<p>Na \u00faltima sexta-feira (07), em uma a\u00e7\u00e3o r\u00e1pida dos policias civis de Costa Rica, resultou na pris\u00e3o em flagrante de um autor de viol\u00eancia dom\u00e9stica.<\/p>\n<p>Uma v\u00edtima procurou ajuda na Delegacia de Pol\u00edcia Civil logo ap\u00f3s sofrer viol\u00eancia dom\u00e9stica pelo seu companheiro.<\/p>\n<p>Ap\u00f3s receber o relato da v\u00edtima e colher as informa\u00e7\u00f5es necess\u00e1rias, a equipe de investiga\u00e7\u00e3o do SIG mobilizou-se imediatamente para localizar e prender o agressor. Com base em dilig\u00eancias e t\u00e9cnicas de investiga\u00e7\u00e3o, os policiais lograram \u00eaxito em encontrar o autor e efetuar sua pris\u00e3o minutos depois.<\/p>\n<p>A r\u00e1pida resposta da Pol\u00edcia Civil demonstra o empenho e a seriedade com que a institui\u00e7\u00e3o atua no combate \u00e0 viol\u00eancia dom\u00e9stica. O apoio \u00e0s v\u00edtimas e a repress\u00e3o aos agressores s\u00e3o prioridades.<\/p>\n<p>A Pol\u00edcia Civil refor\u00e7a a import\u00e2ncia de denunciar casos de viol\u00eancia dom\u00e9stica pelo telefone\/WhatsApp: 67 3247 6500, garantindo que as v\u00edtimas sejam ouvidas, protegidas e amparadas.<\/p>\n<p>&nbsp;<\/p>\n<p>*<em> O Correio News, com informa\u00e7\u00f5es da Pol\u00edcia Civil de Costa Rica<\/em><\/p>\n","protected":false},"excerpt":{"rendered":"<p>Na \u00faltima sexta-feira (07), em uma a\u00e7\u00e3o r\u00e1pida dos policias civis de Costa Rica, resultou na pris\u00e3o em flagrante de um autor de viol\u00eancia dom\u00e9stica. Uma v\u00edtima procurou ajuda na Delegacia de Pol\u00edcia Civil logo ap\u00f3s sofrer viol\u00eancia dom\u00e9stica pelo seu companheiro. Ap\u00f3s receber o relato da v\u00edtima e colher as informa\u00e7\u00f5es necess\u00e1rias, a equipe [&hellip;]<\/p>\n","protected":false},"author":5,"featured_media":244922,"comment_status":"closed","ping_status":"closed","sticky":false,"template":"","format":"standard","meta":{"footnotes":""},"categories":[25,38],"tags":[],"class_list":["post-244925","post","type-post","status-publish","format-standard","has-post-thumbnail","hentry","category-costa-rica","category-policia"],"_links":{"self":[{"href":"https:\/\/www.ocorreionews.com.br\/acervo-correio\/index.php?rest_route=\/wp\/v2\/posts\/244925","targetHints":{"allow":["GET"]}}],"collection":[{"href":"https:\/\/www.ocorreionews.com.br\/acervo-correio\/index.php?rest_route=\/wp\/v2\/posts"}],"about":[{"href":"https:\/\/www.ocorreionews.com.br\/acervo-correio\/index.php?rest_route=\/wp\/v2\/types\/post"}],"author":[{"embeddable":true,"href":"https:\/\/www.ocorreionews.com.br\/acervo-correio\/index.php?rest_route=\/wp\/v2\/users\/5"}],"replies":[{"embeddable":true,"href":"https:\/\/www.ocorreionews.com.br\/acervo-correio\/index.php?rest_route=%2Fwp%2Fv2%2Fcomments&post=244925"}],"version-history":[{"count":1,"href":"https:\/\/www.ocorreionews.com.br\/acervo-correio\/index.php?rest_route=\/wp\/v2\/posts\/244925\/revisions"}],"predecessor-version":[{"id":244927,"href":"https:\/\/www.ocorreionews.com.br\/acervo-correio\/index.php?rest_route=\/wp\/v2\/posts\/244925\/revisions\/244927"}],"wp:featuredmedia":[{"embeddable":true,"href":"https:\/\/www.ocorreionews.com.br\/acervo-correio\/index.php?rest_route=\/wp\/v2\/media\/244922"}],"wp:attachment":[{"href":"https:\/\/www.ocorreionews.com.br\/acervo-correio\/index.php?rest_route=%2Fwp%2Fv2%2Fmedia&parent=244925"}],"wp:term":[{"taxonomy":"category","embeddable":true,"href":"https:\/\/www.ocorreionews.com.br\/acervo-correio\/index.php?rest_route=%2Fwp%2Fv2%2Fcategories&post=244925"},{"taxonomy":"post_tag","embeddable":true,"href":"https:\/\/www.ocorreionews.com.br\/acervo-correio\/index.php?rest_route=%2Fwp%2Fv2%2Ftags&post=244925"}],"curies":[{"name":"wp","href":"https:\/\/api.w.org\/{rel}","templated":true}]}}