{"id":244934,"date":"2023-07-10T17:46:45","date_gmt":"2023-07-10T21:46:45","guid":{"rendered":"https:\/\/www.ocorreionews.com.br\/acervo-correio\/?p=244934"},"modified":"2023-07-10T17:46:45","modified_gmt":"2023-07-10T21:46:45","slug":"foragido-por-trafico-internacional-de-drogas-e-preso-pela-pm-de-costa-rica","status":"publish","type":"post","link":"https:\/\/www.ocorreionews.com.br\/acervo-correio\/?p=244934","title":{"rendered":"Foragido por tr\u00e1fico internacional de drogas \u00e9 preso pela PM de Costa Rica"},"content":{"rendered":"<p>Na tarde desta segunda-feira (10), um homem de 29 anos condenado por tr\u00e1fico internacional de drogas foi preso pela PM de Costa Rica.<\/p>\n<p>Segundo informa\u00e7\u00f5es do Boletim de Ocorr\u00eancia, por volta das 15h os militares receberam informa\u00e7\u00f5es de que um indiv\u00edduo foragido da justi\u00e7a por tr\u00e1fico internacional de drogas estaria escondido na cidade.<\/p>\n<p>Diante dos fatos, foram at\u00e9 uma resid\u00eancia na Avenida Pantanal e lograram \u00eaxito em localizar o Autor dos fatos.<\/p>\n<p>No local foi feito entrevista e abordagem, sendo confirmado o mandado de pris\u00e3o em aberto via Sigo e Banco Nacional de Mandados de Pris\u00e3o.<\/p>\n<p>O foragido ao receber voz de pris\u00e3o ficou bastante nervoso foi algemado e colocado no compartimento de preso da viatura at\u00e9 ser entregue na Delegacia de Pol\u00edcia de Costa Rica.<\/p>\n<p>&nbsp;<\/p>\n<p><em>* O Correio News, com informa\u00e7\u00f5es da Assessoria de Comunica\u00e7\u00e3o da 4\u00aaCIPM<\/em><\/p>\n","protected":false},"excerpt":{"rendered":"<p>Na tarde desta segunda-feira (10), um homem de 29 anos condenado por tr\u00e1fico internacional de drogas foi preso pela PM de Costa Rica. Segundo informa\u00e7\u00f5es do Boletim de Ocorr\u00eancia, por volta das 15h os militares receberam informa\u00e7\u00f5es de que um indiv\u00edduo foragido da justi\u00e7a por tr\u00e1fico internacional de drogas estaria escondido na cidade. Diante dos [&hellip;]<\/p>\n","protected":false},"author":5,"featured_media":243083,"comment_status":"closed","ping_status":"closed","sticky":false,"template":"","format":"standard","meta":{"footnotes":""},"categories":[25,38],"tags":[],"class_list":["post-244934","post","type-post","status-publish","format-standard","has-post-thumbnail","hentry","category-costa-rica","category-policia"],"_links":{"self":[{"href":"https:\/\/www.ocorreionews.com.br\/acervo-correio\/index.php?rest_route=\/wp\/v2\/posts\/244934","targetHints":{"allow":["GET"]}}],"collection":[{"href":"https:\/\/www.ocorreionews.com.br\/acervo-correio\/index.php?rest_route=\/wp\/v2\/posts"}],"about":[{"href":"https:\/\/www.ocorreionews.com.br\/acervo-correio\/index.php?rest_route=\/wp\/v2\/types\/post"}],"author":[{"embeddable":true,"href":"https:\/\/www.ocorreionews.com.br\/acervo-correio\/index.php?rest_route=\/wp\/v2\/users\/5"}],"replies":[{"embeddable":true,"href":"https:\/\/www.ocorreionews.com.br\/acervo-correio\/index.php?rest_route=%2Fwp%2Fv2%2Fcomments&post=244934"}],"version-history":[{"count":1,"href":"https:\/\/www.ocorreionews.com.br\/acervo-correio\/index.php?rest_route=\/wp\/v2\/posts\/244934\/revisions"}],"predecessor-version":[{"id":244937,"href":"https:\/\/www.ocorreionews.com.br\/acervo-correio\/index.php?rest_route=\/wp\/v2\/posts\/244934\/revisions\/244937"}],"wp:featuredmedia":[{"embeddable":true,"href":"https:\/\/www.ocorreionews.com.br\/acervo-correio\/index.php?rest_route=\/wp\/v2\/media\/243083"}],"wp:attachment":[{"href":"https:\/\/www.ocorreionews.com.br\/acervo-correio\/index.php?rest_route=%2Fwp%2Fv2%2Fmedia&parent=244934"}],"wp:term":[{"taxonomy":"category","embeddable":true,"href":"https:\/\/www.ocorreionews.com.br\/acervo-correio\/index.php?rest_route=%2Fwp%2Fv2%2Fcategories&post=244934"},{"taxonomy":"post_tag","embeddable":true,"href":"https:\/\/www.ocorreionews.com.br\/acervo-correio\/index.php?rest_route=%2Fwp%2Fv2%2Ftags&post=244934"}],"curies":[{"name":"wp","href":"https:\/\/api.w.org\/{rel}","templated":true}]}}