{"id":24496,"date":"2016-04-05T09:55:42","date_gmt":"2016-04-05T13:55:42","guid":{"rendered":"https:\/\/ocorreionews.com.br\/?p=24496"},"modified":"2016-04-05T09:55:42","modified_gmt":"2016-04-05T13:55:42","slug":"contas-de-luz-no-interior-de-sp-no-ms-e-no-mt-terao-alta-de-mais-de-7","status":"publish","type":"post","link":"https:\/\/www.ocorreionews.com.br\/acervo-correio\/?p=24496","title":{"rendered":"Contas de luz no interior de SP, no MS e no MT ter\u00e3o alta de mais de 7%"},"content":{"rendered":"<div id=\"materia-letra\" class=\"materia-conteudo entry-content clearfix\">\n<div>\n<p>A diretoria da Ag\u00eancia Nacional de Energia El\u00e9trica (Aneel) autorizou nesta ter\u00e7a-feira (5) o reajuste das tarifas de energia de tr\u00eas distribuidoras: a CPFL Paulista, que atende munic\u00edpios do interior de S\u00e3o Paulo, al\u00e9m da Energisa Mato Grosso e da Energisa Mato Grosso do Sul. Os aumentos m\u00e9dios est\u00e3o acima de 7% e come\u00e7am a valer na sexta-feira (8).<\/p>\n<p>Para a CPFL Paulista, o aumento m\u00e9dio na conta de luz ser\u00e1 de 7,55%. A alta ser\u00e1 de 6,56% para as ind\u00fastrias e de 8,23% para as resid\u00eancias<\/p>\n<p>A CPFL Paulista atua na distribui\u00e7\u00e3o de energia para 234 munic\u00edpios do interior de S\u00e3o Paulo, inclusive Campinas, Ribeir\u00e3o Preto, Bauru e S\u00e3o Jos\u00e9 do Rio Preto. A empresa informa que atende a mais de 4 milh\u00f5es de consumidores.<\/p>\n<p>A Energisa Mato Grosso do Sul poder\u00e1 aumentar as tarifas, em m\u00e9dia, 7,19%, segundo a decis\u00e3o da Aneel. Para as ind\u00fastrias, a alta ser\u00e1 de 6,75%. Para os consumidores residenciais, a alta ser\u00e1 de 7,40%.<\/p>\n<p>Para a Energisa Mato Grosso, o aumento m\u00e9dio aprovado pela Aneel \u00e9 de 8,60%. Para a ind\u00fastria, a alta \u00e9 de 7,58%. Para as resid\u00eancias, 9,11%.<\/p>\n<p><strong>Bandeira verde<\/strong><br \/>\nEm abril, entrou em vigor a bandeira tarif\u00e1ria verde, o que significa que n\u00e3o haver\u00e1 cobran\u00e7a adicional nas contas de luz. At\u00e9 mar\u00e7o, estava em vigor a bandeira amarela, que estabelece uma cobran\u00e7a extra de R$ 1,50 a cada 100 quilowatts-hora (kWh) de energia consumidos.<\/p>\n<p>Esta \u00e9 a primeira vez desde que o sistema de bandeiras entrou em vigor, em janeiro de 2015, que a bandeira cai para verde. A passagem significa que a situa\u00e7\u00e3o da produ\u00e7\u00e3o de energia do pa\u00eds est\u00e1 mais favor\u00e1vel. Segundo a Aneel, houve aumento de energia dispon\u00edvel com redu\u00e7\u00e3o da demanda; e a adi\u00e7\u00e3o de novas usinas ao sistema el\u00e9trico brasileiro.<\/p>\n<p>A elimina\u00e7\u00e3o da cobran\u00e7a extra em abril n\u00e3o significa que o sistema de bandeiras tarif\u00e1rias ser\u00e1 abolido. Se no futuro o governo necessitar ligar mais usinas t\u00e9rmicas novamente, a cobran\u00e7a ser\u00e1 retomada.<\/p>\n<p>Em 2015, os brasileiros pagaram um total de R$ 14,712 bilh\u00f5es a mais nas contas de luz devido \u00e0 cobran\u00e7a da bandeira tarif\u00e1ria.<\/p>\n<\/div>\n<\/div>\n<p>&nbsp;<\/p>\n<p>&nbsp;<\/p>\n<p>G1 Bras\u00edlia<\/p>\n","protected":false},"excerpt":{"rendered":"<p>A diretoria da Ag\u00eancia Nacional de Energia El\u00e9trica (Aneel) autorizou nesta ter\u00e7a-feira (5) o reajuste das tarifas de energia de tr\u00eas distribuidoras: a CPFL Paulista, que atende munic\u00edpios do interior de S\u00e3o Paulo, al\u00e9m da Energisa Mato Grosso e da Energisa Mato Grosso do Sul. Os aumentos m\u00e9dios est\u00e3o acima de 7% e come\u00e7am a [&hellip;]<\/p>\n","protected":false},"author":4,"featured_media":562,"comment_status":"closed","ping_status":"closed","sticky":false,"template":"","format":"standard","meta":{"footnotes":""},"categories":[26],"tags":[],"class_list":["post-24496","post","type-post","status-publish","format-standard","has-post-thumbnail","hentry","category-economia"],"_links":{"self":[{"href":"https:\/\/www.ocorreionews.com.br\/acervo-correio\/index.php?rest_route=\/wp\/v2\/posts\/24496","targetHints":{"allow":["GET"]}}],"collection":[{"href":"https:\/\/www.ocorreionews.com.br\/acervo-correio\/index.php?rest_route=\/wp\/v2\/posts"}],"about":[{"href":"https:\/\/www.ocorreionews.com.br\/acervo-correio\/index.php?rest_route=\/wp\/v2\/types\/post"}],"author":[{"embeddable":true,"href":"https:\/\/www.ocorreionews.com.br\/acervo-correio\/index.php?rest_route=\/wp\/v2\/users\/4"}],"replies":[{"embeddable":true,"href":"https:\/\/www.ocorreionews.com.br\/acervo-correio\/index.php?rest_route=%2Fwp%2Fv2%2Fcomments&post=24496"}],"version-history":[{"count":0,"href":"https:\/\/www.ocorreionews.com.br\/acervo-correio\/index.php?rest_route=\/wp\/v2\/posts\/24496\/revisions"}],"wp:featuredmedia":[{"embeddable":true,"href":"https:\/\/www.ocorreionews.com.br\/acervo-correio\/index.php?rest_route=\/wp\/v2\/media\/562"}],"wp:attachment":[{"href":"https:\/\/www.ocorreionews.com.br\/acervo-correio\/index.php?rest_route=%2Fwp%2Fv2%2Fmedia&parent=24496"}],"wp:term":[{"taxonomy":"category","embeddable":true,"href":"https:\/\/www.ocorreionews.com.br\/acervo-correio\/index.php?rest_route=%2Fwp%2Fv2%2Fcategories&post=24496"},{"taxonomy":"post_tag","embeddable":true,"href":"https:\/\/www.ocorreionews.com.br\/acervo-correio\/index.php?rest_route=%2Fwp%2Fv2%2Ftags&post=24496"}],"curies":[{"name":"wp","href":"https:\/\/api.w.org\/{rel}","templated":true}]}}