{"id":245099,"date":"2023-07-12T08:18:28","date_gmt":"2023-07-12T12:18:28","guid":{"rendered":"https:\/\/www.ocorreionews.com.br\/acervo-correio\/?p=245099"},"modified":"2023-07-12T08:18:28","modified_gmt":"2023-07-12T12:18:28","slug":"com-investimento-de-aproximadamente-r340-00000-ponte-do-corrego-do-engano-e-concluida","status":"publish","type":"post","link":"https:\/\/www.ocorreionews.com.br\/acervo-correio\/?p=245099","title":{"rendered":"Com investimento de aproximadamente R$340.000,00 ponte do C\u00f3rrego do Engano \u00e9 conclu\u00edda"},"content":{"rendered":"<p class=\"x_MsoNormal\">Ontem (11.07) o Prefeito Dalmy Cris\u00f3stomo da Silva, acompanhado do Secret\u00e1rio de Obras realizou a entrega de uma obra importante para nosso munic\u00edpio e regi\u00e3o.<\/p>\n<p class=\"x_MsoNormal\">A ponte do C\u00f3rrego do Engano que desmoronou no final do m\u00eas de fevereiro, devido ao grande volume de chuvas na regi\u00e3o, tinha o comprimento de 7.80 metros e 2.80 de largura.<\/p>\n<p class=\"x_MsoNormal\">A nova ponte de trilhos de ferro, foi feita sob uma base de concreto armado, tem 10 metros de comprimento e 4 metros de largura, trazendo mais seguran\u00e7a para os usu\u00e1rios, principalmente nossas crian\u00e7as do transporte escolar, da linha Paulo Andrade.<\/p>\n<p class=\"x_MsoNormal\">A conclus\u00e3o desta obra, revolve o problema de log\u00edstica dos moradores da regi\u00e3o, trazendo agilidade no escoamento de produ\u00e7\u00e3o e facilitando o acesso ao PENT \u2013 Parque Estadual das Nascentes do Rio Taquari.<\/p>\n<p class=\"x_MsoNormal\">O Investimento de aproximadamente R$340.000,00 foram 100% de recursos pr\u00f3prios do munic\u00edpio.<\/p>\n<p class=\"x_MsoNormal\">Dalmy, que esteve no local acompanhando a finaliza\u00e7\u00e3o da obra, diz que a conclus\u00e3o desta ponte \u00e9 muito importante para nosso munic\u00edpio, pois facilita o acesso dos moradores da regi\u00e3o e alavanca a economia do munic\u00edpio, uma vez que acelera o escoamento da produ\u00e7\u00e3o local.<\/p>\n<p class=\"x_MsoNormal\">Estiveram acompanhando o Prefeito Dalmy, o Secret\u00e1rio de Educa\u00e7\u00e3o, Jesus Aparecido, o Presidente da C\u00e2mara, Valdeci Passarinho, os vereadores Ademir M\u00fcller e Evaldo Furtado.<\/p>\n<p><img loading=\"lazy\" decoding=\"async\" class=\"alignnone size-full wp-image-245103\" src=\"https:\/\/www.ocorreionews.com.br\/acervo-correio\/wp-content\/uploads\/2023\/07\/ponye-antes.jpg\" alt=\"\" width=\"1600\" height=\"900\" srcset=\"https:\/\/www.ocorreionews.com.br\/acervo-correio\/wp-content\/uploads\/2023\/07\/ponye-antes.jpg 1600w, https:\/\/www.ocorreionews.com.br\/acervo-correio\/wp-content\/uploads\/2023\/07\/ponye-antes-300x169.jpg 300w, https:\/\/www.ocorreionews.com.br\/acervo-correio\/wp-content\/uploads\/2023\/07\/ponye-antes-1024x576.jpg 1024w, https:\/\/www.ocorreionews.com.br\/acervo-correio\/wp-content\/uploads\/2023\/07\/ponye-antes-768x432.jpg 768w, https:\/\/www.ocorreionews.com.br\/acervo-correio\/wp-content\/uploads\/2023\/07\/ponye-antes-1536x864.jpg 1536w\" sizes=\"auto, (max-width: 1600px) 100vw, 1600px\" \/> <img loading=\"lazy\" decoding=\"async\" class=\"alignnone size-full wp-image-245104\" src=\"https:\/\/www.ocorreionews.com.br\/acervo-correio\/wp-content\/uploads\/2023\/07\/ponye-antes2.jpg\" alt=\"\" width=\"1600\" height=\"900\" srcset=\"https:\/\/www.ocorreionews.com.br\/acervo-correio\/wp-content\/uploads\/2023\/07\/ponye-antes2.jpg 1600w, https:\/\/www.ocorreionews.com.br\/acervo-correio\/wp-content\/uploads\/2023\/07\/ponye-antes2-300x169.jpg 300w, https:\/\/www.ocorreionews.com.br\/acervo-correio\/wp-content\/uploads\/2023\/07\/ponye-antes2-1024x576.jpg 1024w, https:\/\/www.ocorreionews.com.br\/acervo-correio\/wp-content\/uploads\/2023\/07\/ponye-antes2-768x432.jpg 768w, https:\/\/www.ocorreionews.com.br\/acervo-correio\/wp-content\/uploads\/2023\/07\/ponye-antes2-1536x864.jpg 1536w\" sizes=\"auto, (max-width: 1600px) 100vw, 1600px\" \/> <img loading=\"lazy\" decoding=\"async\" class=\"alignnone size-full wp-image-245105\" src=\"https:\/\/www.ocorreionews.com.br\/acervo-correio\/wp-content\/uploads\/2023\/07\/ponye-antes3.jpg\" alt=\"\" width=\"1600\" height=\"900\" srcset=\"https:\/\/www.ocorreionews.com.br\/acervo-correio\/wp-content\/uploads\/2023\/07\/ponye-antes3.jpg 1600w, https:\/\/www.ocorreionews.com.br\/acervo-correio\/wp-content\/uploads\/2023\/07\/ponye-antes3-300x169.jpg 300w, https:\/\/www.ocorreionews.com.br\/acervo-correio\/wp-content\/uploads\/2023\/07\/ponye-antes3-1024x576.jpg 1024w, https:\/\/www.ocorreionews.com.br\/acervo-correio\/wp-content\/uploads\/2023\/07\/ponye-antes3-768x432.jpg 768w, https:\/\/www.ocorreionews.com.br\/acervo-correio\/wp-content\/uploads\/2023\/07\/ponye-antes3-1536x864.jpg 1536w\" sizes=\"auto, (max-width: 1600px) 100vw, 1600px\" \/> <img loading=\"lazy\" decoding=\"async\" class=\"alignnone size-full wp-image-245106\" src=\"https:\/\/www.ocorreionews.com.br\/acervo-correio\/wp-content\/uploads\/2023\/07\/ponye-antes4.jpg\" alt=\"\" width=\"1600\" height=\"900\" srcset=\"https:\/\/www.ocorreionews.com.br\/acervo-correio\/wp-content\/uploads\/2023\/07\/ponye-antes4.jpg 1600w, https:\/\/www.ocorreionews.com.br\/acervo-correio\/wp-content\/uploads\/2023\/07\/ponye-antes4-300x169.jpg 300w, https:\/\/www.ocorreionews.com.br\/acervo-correio\/wp-content\/uploads\/2023\/07\/ponye-antes4-1024x576.jpg 1024w, https:\/\/www.ocorreionews.com.br\/acervo-correio\/wp-content\/uploads\/2023\/07\/ponye-antes4-768x432.jpg 768w, https:\/\/www.ocorreionews.com.br\/acervo-correio\/wp-content\/uploads\/2023\/07\/ponye-antes4-1536x864.jpg 1536w\" sizes=\"auto, (max-width: 1600px) 100vw, 1600px\" \/><\/p>\n<p class=\"x_MsoNormal\" aria-hidden=\"true\">\n<p class=\"x_MsoNormal\">Fonte: Assecom\/Prefeitura de Alcin\u00f3polis<\/p>\n<p class=\"x_MsoNormal\">Fotos: Dronews<\/p>\n","protected":false},"excerpt":{"rendered":"<p>Ontem (11.07) o Prefeito Dalmy Cris\u00f3stomo da Silva, acompanhado do Secret\u00e1rio de Obras realizou a entrega de uma obra importante para nosso munic\u00edpio e regi\u00e3o. A ponte do C\u00f3rrego do Engano que desmoronou no final do m\u00eas de fevereiro, devido ao grande volume de chuvas na regi\u00e3o, tinha o comprimento de 7.80 metros e 2.80 [&hellip;]<\/p>\n","protected":false},"author":4,"featured_media":245108,"comment_status":"closed","ping_status":"closed","sticky":false,"template":"","format":"standard","meta":{"footnotes":""},"categories":[18,41],"tags":[],"class_list":["post-245099","post","type-post","status-publish","format-standard","has-post-thumbnail","hentry","category-alcinopolis","category-destaque"],"_links":{"self":[{"href":"https:\/\/www.ocorreionews.com.br\/acervo-correio\/index.php?rest_route=\/wp\/v2\/posts\/245099","targetHints":{"allow":["GET"]}}],"collection":[{"href":"https:\/\/www.ocorreionews.com.br\/acervo-correio\/index.php?rest_route=\/wp\/v2\/posts"}],"about":[{"href":"https:\/\/www.ocorreionews.com.br\/acervo-correio\/index.php?rest_route=\/wp\/v2\/types\/post"}],"author":[{"embeddable":true,"href":"https:\/\/www.ocorreionews.com.br\/acervo-correio\/index.php?rest_route=\/wp\/v2\/users\/4"}],"replies":[{"embeddable":true,"href":"https:\/\/www.ocorreionews.com.br\/acervo-correio\/index.php?rest_route=%2Fwp%2Fv2%2Fcomments&post=245099"}],"version-history":[{"count":1,"href":"https:\/\/www.ocorreionews.com.br\/acervo-correio\/index.php?rest_route=\/wp\/v2\/posts\/245099\/revisions"}],"predecessor-version":[{"id":245109,"href":"https:\/\/www.ocorreionews.com.br\/acervo-correio\/index.php?rest_route=\/wp\/v2\/posts\/245099\/revisions\/245109"}],"wp:featuredmedia":[{"embeddable":true,"href":"https:\/\/www.ocorreionews.com.br\/acervo-correio\/index.php?rest_route=\/wp\/v2\/media\/245108"}],"wp:attachment":[{"href":"https:\/\/www.ocorreionews.com.br\/acervo-correio\/index.php?rest_route=%2Fwp%2Fv2%2Fmedia&parent=245099"}],"wp:term":[{"taxonomy":"category","embeddable":true,"href":"https:\/\/www.ocorreionews.com.br\/acervo-correio\/index.php?rest_route=%2Fwp%2Fv2%2Fcategories&post=245099"},{"taxonomy":"post_tag","embeddable":true,"href":"https:\/\/www.ocorreionews.com.br\/acervo-correio\/index.php?rest_route=%2Fwp%2Fv2%2Ftags&post=245099"}],"curies":[{"name":"wp","href":"https:\/\/api.w.org\/{rel}","templated":true}]}}