{"id":245102,"date":"2023-07-12T08:18:39","date_gmt":"2023-07-12T12:18:39","guid":{"rendered":"https:\/\/www.ocorreionews.com.br\/acervo-correio\/?p=245102"},"modified":"2023-07-12T08:18:39","modified_gmt":"2023-07-12T12:18:39","slug":"julho-amarelo-saber-salva-campanha-de-conscientizacao-sobre-as-hepatites","status":"publish","type":"post","link":"https:\/\/www.ocorreionews.com.br\/acervo-correio\/?p=245102","title":{"rendered":"Julho Amarelo: Saber Salva! Campanha de conscientiza\u00e7\u00e3o sobre as hepatites"},"content":{"rendered":"<p>Julho \u00e9 o m\u00eas de conscientiza\u00e7\u00e3o sobre as hepatites virais. A Secretaria da Sa\u00fade chama aten\u00e7\u00e3o para a campanha \u201cJulho Amarelo\u201d e a import\u00e2ncia de manter a popula\u00e7\u00e3o informada sobre a doen\u00e7a que causa inflama\u00e7\u00e3o no f\u00edgado e at\u00e9 c\u00e2ncer.<\/p>\n<p>\u00c9 muito importante o diagn\u00f3stico precoce e manter a caderneta de vacina\u00e7\u00e3o atualizada. O diagn\u00f3stico, sobretudo precoce, \u00e9 importante para identificar pessoas que possuem a doen\u00e7a e que n\u00e3o sabem, uma vez que as hepatites virais B e C s\u00e3o doen\u00e7as silenciosas. Tratar esses pacientes reduz consideravelmente a chance de desenvolvimento de cirrose e c\u00e2ncer de f\u00edgado, al\u00e9m de interromper a cadeia de transmiss\u00e3o.<\/p>\n<p>\u00c9 importante estar atentos aos principais sintomas da doen\u00e7a, como febre, dor no corpo, n\u00e1useas, v\u00f4mito, pele e olhos amarelados e urina escura. Ap\u00f3s a identifica\u00e7\u00e3o dos sinais, o paciente deve procurar a Unidades B\u00e1sicas de Sa\u00fade para a realiza\u00e7\u00e3o do teste r\u00e1pido de hepatites B e C, o resultado sai em 20 minutos. Por\u00e9m mesmo sem sintomas voc\u00ea pode realizar o teste.<\/p>\n<p>Diferen\u00e7a entre as hepatites A, B e C<\/p>\n<p>A hepatite A \u00e9 feita por meio da ingest\u00e3o de \u00e1gua e alimentos contaminados por fezes de um indiv\u00edduo com a doen\u00e7a. Com isso, a maioria dos casos dessa classifica\u00e7\u00e3o est\u00e1 associada a condi\u00e7\u00f5es prec\u00e1rias de saneamento b\u00e1sico. A vacina\u00e7\u00e3o contra a hepatite A foi inclu\u00edda no calend\u00e1rio de vacina\u00e7\u00e3o do Sistema \u00danico de Sa\u00fade (SUS) em 2014, para crian\u00e7as de 15 meses a 5 anos incompletos.<\/p>\n<p>J\u00e1 a hepatite B pode ser transmitida por tr\u00eas formas distintas: rela\u00e7\u00e3o sexual; sangue contaminado; e de m\u00e3e para filho durante a gesta\u00e7\u00e3o ou no momento do parto. Ap\u00f3s o contato com o v\u00edrus, existe a chance de este permanecer se multiplicando nas c\u00e9lulas do f\u00edgado por mais de seis meses, conhecida como hepatite viral cr\u00f4nica.<\/p>\n<p>No caso da hepatite C, ela \u00e9 passada por meio de sangue contaminado, sendo que a maioria dos pacientes n\u00e3o possui sintomas. Caso a testagem n\u00e3o seja realizada, a doen\u00e7a s\u00f3 \u00e9 detectada em est\u00e1gio avan\u00e7ado, com sinais cl\u00ednicos de cirrose ou c\u00e2ncer de f\u00edgado. Ainda n\u00e3o existe vacina\u00e7\u00e3o contra essa classifica\u00e7\u00e3o da hepatite.<\/p>\n<p>As vacinas para hepatite virais A e B s\u00e3o ofertadas na rotina das salas de vacina\u00e7\u00e3o das unidades de sa\u00fade dos munic\u00edpios durante todo o ano.<\/p>\n<p>&nbsp;<\/p>\n<p>&nbsp;<\/p>\n<p>*Assessoria<\/p>\n","protected":false},"excerpt":{"rendered":"<p>Julho \u00e9 o m\u00eas de conscientiza\u00e7\u00e3o sobre as hepatites virais. A Secretaria da Sa\u00fade chama aten\u00e7\u00e3o para a campanha \u201cJulho Amarelo\u201d e a import\u00e2ncia de manter a popula\u00e7\u00e3o informada sobre a doen\u00e7a que causa inflama\u00e7\u00e3o no f\u00edgado e at\u00e9 c\u00e2ncer. \u00c9 muito importante o diagn\u00f3stico precoce e manter a caderneta de vacina\u00e7\u00e3o atualizada. O diagn\u00f3stico, [&hellip;]<\/p>\n","protected":false},"author":5,"featured_media":245107,"comment_status":"closed","ping_status":"closed","sticky":false,"template":"","format":"standard","meta":{"footnotes":""},"categories":[23,39],"tags":[],"class_list":["post-245102","post","type-post","status-publish","format-standard","has-post-thumbnail","hentry","category-chapadao-do-sul","category-saude"],"_links":{"self":[{"href":"https:\/\/www.ocorreionews.com.br\/acervo-correio\/index.php?rest_route=\/wp\/v2\/posts\/245102","targetHints":{"allow":["GET"]}}],"collection":[{"href":"https:\/\/www.ocorreionews.com.br\/acervo-correio\/index.php?rest_route=\/wp\/v2\/posts"}],"about":[{"href":"https:\/\/www.ocorreionews.com.br\/acervo-correio\/index.php?rest_route=\/wp\/v2\/types\/post"}],"author":[{"embeddable":true,"href":"https:\/\/www.ocorreionews.com.br\/acervo-correio\/index.php?rest_route=\/wp\/v2\/users\/5"}],"replies":[{"embeddable":true,"href":"https:\/\/www.ocorreionews.com.br\/acervo-correio\/index.php?rest_route=%2Fwp%2Fv2%2Fcomments&post=245102"}],"version-history":[{"count":1,"href":"https:\/\/www.ocorreionews.com.br\/acervo-correio\/index.php?rest_route=\/wp\/v2\/posts\/245102\/revisions"}],"predecessor-version":[{"id":245110,"href":"https:\/\/www.ocorreionews.com.br\/acervo-correio\/index.php?rest_route=\/wp\/v2\/posts\/245102\/revisions\/245110"}],"wp:featuredmedia":[{"embeddable":true,"href":"https:\/\/www.ocorreionews.com.br\/acervo-correio\/index.php?rest_route=\/wp\/v2\/media\/245107"}],"wp:attachment":[{"href":"https:\/\/www.ocorreionews.com.br\/acervo-correio\/index.php?rest_route=%2Fwp%2Fv2%2Fmedia&parent=245102"}],"wp:term":[{"taxonomy":"category","embeddable":true,"href":"https:\/\/www.ocorreionews.com.br\/acervo-correio\/index.php?rest_route=%2Fwp%2Fv2%2Fcategories&post=245102"},{"taxonomy":"post_tag","embeddable":true,"href":"https:\/\/www.ocorreionews.com.br\/acervo-correio\/index.php?rest_route=%2Fwp%2Fv2%2Ftags&post=245102"}],"curies":[{"name":"wp","href":"https:\/\/api.w.org\/{rel}","templated":true}]}}