{"id":245122,"date":"2023-07-12T13:14:21","date_gmt":"2023-07-12T17:14:21","guid":{"rendered":"https:\/\/www.ocorreionews.com.br\/acervo-correio\/?p=245122"},"modified":"2023-07-12T13:14:21","modified_gmt":"2023-07-12T17:14:21","slug":"comunicado-cras-parque-uniao-entrara-em-reforma","status":"publish","type":"post","link":"https:\/\/www.ocorreionews.com.br\/acervo-correio\/?p=245122","title":{"rendered":"Comunicado: CRAS Parque Uni\u00e3o entrar\u00e1 em reforma"},"content":{"rendered":"<p>O Centro de Refer\u00eancia de Assist\u00eancia Social &#8211; CRAS Parque Uni\u00e3o &#8211; \u00a0informa que nos dias 13 e 14 de julho estaremos fechados, devido a reforma no pr\u00e9dio.<\/p>\n<p>E nos dias 17a 21 de julho os atendimentos ao p\u00fablico ser\u00e3o realizados na Secretaria de Assist\u00eancia Social, localizada na Rua Sete, n \u00ba 371, Centro.<\/p>\n<p>Os atendimentos ser\u00e3o por agendamento pelo fone: 67 9 9987-7941 ou pelo telefone \u2013 (67) 3562-2828.<\/p>\n","protected":false},"excerpt":{"rendered":"<p>O Centro de Refer\u00eancia de Assist\u00eancia Social &#8211; CRAS Parque Uni\u00e3o &#8211; \u00a0informa que nos dias 13 e 14 de julho estaremos fechados, devido a reforma no pr\u00e9dio. E nos dias 17a 21 de julho os atendimentos ao p\u00fablico ser\u00e3o realizados na Secretaria de Assist\u00eancia Social, localizada na Rua Sete, n \u00ba 371, Centro. Os [&hellip;]<\/p>\n","protected":false},"author":4,"featured_media":233903,"comment_status":"closed","ping_status":"closed","sticky":false,"template":"","format":"standard","meta":{"footnotes":""},"categories":[23],"tags":[],"class_list":["post-245122","post","type-post","status-publish","format-standard","has-post-thumbnail","hentry","category-chapadao-do-sul"],"_links":{"self":[{"href":"https:\/\/www.ocorreionews.com.br\/acervo-correio\/index.php?rest_route=\/wp\/v2\/posts\/245122","targetHints":{"allow":["GET"]}}],"collection":[{"href":"https:\/\/www.ocorreionews.com.br\/acervo-correio\/index.php?rest_route=\/wp\/v2\/posts"}],"about":[{"href":"https:\/\/www.ocorreionews.com.br\/acervo-correio\/index.php?rest_route=\/wp\/v2\/types\/post"}],"author":[{"embeddable":true,"href":"https:\/\/www.ocorreionews.com.br\/acervo-correio\/index.php?rest_route=\/wp\/v2\/users\/4"}],"replies":[{"embeddable":true,"href":"https:\/\/www.ocorreionews.com.br\/acervo-correio\/index.php?rest_route=%2Fwp%2Fv2%2Fcomments&post=245122"}],"version-history":[{"count":1,"href":"https:\/\/www.ocorreionews.com.br\/acervo-correio\/index.php?rest_route=\/wp\/v2\/posts\/245122\/revisions"}],"predecessor-version":[{"id":245133,"href":"https:\/\/www.ocorreionews.com.br\/acervo-correio\/index.php?rest_route=\/wp\/v2\/posts\/245122\/revisions\/245133"}],"wp:featuredmedia":[{"embeddable":true,"href":"https:\/\/www.ocorreionews.com.br\/acervo-correio\/index.php?rest_route=\/wp\/v2\/media\/233903"}],"wp:attachment":[{"href":"https:\/\/www.ocorreionews.com.br\/acervo-correio\/index.php?rest_route=%2Fwp%2Fv2%2Fmedia&parent=245122"}],"wp:term":[{"taxonomy":"category","embeddable":true,"href":"https:\/\/www.ocorreionews.com.br\/acervo-correio\/index.php?rest_route=%2Fwp%2Fv2%2Fcategories&post=245122"},{"taxonomy":"post_tag","embeddable":true,"href":"https:\/\/www.ocorreionews.com.br\/acervo-correio\/index.php?rest_route=%2Fwp%2Fv2%2Ftags&post=245122"}],"curies":[{"name":"wp","href":"https:\/\/api.w.org\/{rel}","templated":true}]}}