{"id":245128,"date":"2023-07-12T10:56:54","date_gmt":"2023-07-12T14:56:54","guid":{"rendered":"https:\/\/www.ocorreionews.com.br\/acervo-correio\/?p=245128"},"modified":"2023-07-12T11:03:47","modified_gmt":"2023-07-12T15:03:47","slug":"regiao-de-chapadao-do-sul-deve-sofrer-queda-brusca-nas-temperaturas-nesta-quinta-feira","status":"publish","type":"post","link":"https:\/\/www.ocorreionews.com.br\/acervo-correio\/?p=245128","title":{"rendered":"Regi\u00e3o de Chapad\u00e3o do Sul deve sofrer queda brusca nas temperaturas a partir desta quinta-feira"},"content":{"rendered":"<p>A frente fria que chegou \u00e0 regi\u00e3o Sul do Estado trazendo chuvas em algumas regi\u00f5es vai derrubar bruscamente as temperaturas a partir desta quinta-feira (13), na regi\u00e3o de Chapad\u00e3o do Sul \u2013 MS.<\/p>\n<p>Segundo o Climatempo, nesta quarta-feira (12), a temperatura em Chapad\u00e3o do Sul vai variar entre a m\u00ednima de 17\u00b0C e a m\u00e1xima de 31\u00b0C. J\u00e1 a partir de quinta-feira, quando a previs\u00e3o da chegada da chuva na cidade, far\u00e3o as temperaturas despencarem.<\/p>\n<p>A temperatura entre sexta-feira e s\u00e1bado deve variar entre a m\u00ednima de 8\u00b0C e a m\u00e1xima de 26\u00b0C.<\/p>\n<p>No s\u00e1bado (15) as temperaturas j\u00e1 come\u00e7aram a subir, mas n\u00e3o precisam guardar os casacos porque ainda tem a previs\u00e3o da chegada de outra frente fria na outra sexta-feira (21), fazendo ainda mais frio.<\/p>\n<figure id=\"attachment_245129\" aria-describedby=\"caption-attachment-245129\" style=\"width: 673px\" class=\"wp-caption alignnone\"><img loading=\"lazy\" decoding=\"async\" class=\"wp-image-245129 size-full\" src=\"https:\/\/www.ocorreionews.com.br\/acervo-correio\/wp-content\/uploads\/2023\/07\/01-3.jpg\" alt=\"\" width=\"673\" height=\"609\" srcset=\"https:\/\/www.ocorreionews.com.br\/acervo-correio\/wp-content\/uploads\/2023\/07\/01-3.jpg 673w, https:\/\/www.ocorreionews.com.br\/acervo-correio\/wp-content\/uploads\/2023\/07\/01-3-300x271.jpg 300w\" sizes=\"auto, (max-width: 673px) 100vw, 673px\" \/><figcaption id=\"caption-attachment-245129\" class=\"wp-caption-text\">Previs\u00e3o das Temperaduras em Chapad\u00e3o do Sul segundo o Climatempo<\/figcaption><\/figure>\n<figure id=\"attachment_245130\" aria-describedby=\"caption-attachment-245130\" style=\"width: 665px\" class=\"wp-caption aligncenter\"><img loading=\"lazy\" decoding=\"async\" class=\"wp-image-245130 size-full\" src=\"https:\/\/www.ocorreionews.com.br\/acervo-correio\/wp-content\/uploads\/2023\/07\/02.jpg\" alt=\"\" width=\"665\" height=\"608\" srcset=\"https:\/\/www.ocorreionews.com.br\/acervo-correio\/wp-content\/uploads\/2023\/07\/02.jpg 665w, https:\/\/www.ocorreionews.com.br\/acervo-correio\/wp-content\/uploads\/2023\/07\/02-300x274.jpg 300w\" sizes=\"auto, (max-width: 665px) 100vw, 665px\" \/><figcaption id=\"caption-attachment-245130\" class=\"wp-caption-text\">Previs\u00e3o das Temperaduras em Chapad\u00e3o do Sul segundo o Climatempo<\/figcaption><\/figure>\n<p>&nbsp;<\/p>\n","protected":false},"excerpt":{"rendered":"<p>A frente fria que chegou \u00e0 regi\u00e3o Sul do Estado trazendo chuvas em algumas regi\u00f5es vai derrubar bruscamente as temperaturas a partir desta quinta-feira (13), na regi\u00e3o de Chapad\u00e3o do Sul \u2013 MS. Segundo o Climatempo, nesta quarta-feira (12), a temperatura em Chapad\u00e3o do Sul vai variar entre a m\u00ednima de 17\u00b0C e a m\u00e1xima [&hellip;]<\/p>\n","protected":false},"author":5,"featured_media":221865,"comment_status":"closed","ping_status":"closed","sticky":false,"template":"","format":"standard","meta":{"footnotes":""},"categories":[23,41],"tags":[],"class_list":["post-245128","post","type-post","status-publish","format-standard","has-post-thumbnail","hentry","category-chapadao-do-sul","category-destaque"],"_links":{"self":[{"href":"https:\/\/www.ocorreionews.com.br\/acervo-correio\/index.php?rest_route=\/wp\/v2\/posts\/245128","targetHints":{"allow":["GET"]}}],"collection":[{"href":"https:\/\/www.ocorreionews.com.br\/acervo-correio\/index.php?rest_route=\/wp\/v2\/posts"}],"about":[{"href":"https:\/\/www.ocorreionews.com.br\/acervo-correio\/index.php?rest_route=\/wp\/v2\/types\/post"}],"author":[{"embeddable":true,"href":"https:\/\/www.ocorreionews.com.br\/acervo-correio\/index.php?rest_route=\/wp\/v2\/users\/5"}],"replies":[{"embeddable":true,"href":"https:\/\/www.ocorreionews.com.br\/acervo-correio\/index.php?rest_route=%2Fwp%2Fv2%2Fcomments&post=245128"}],"version-history":[{"count":2,"href":"https:\/\/www.ocorreionews.com.br\/acervo-correio\/index.php?rest_route=\/wp\/v2\/posts\/245128\/revisions"}],"predecessor-version":[{"id":245132,"href":"https:\/\/www.ocorreionews.com.br\/acervo-correio\/index.php?rest_route=\/wp\/v2\/posts\/245128\/revisions\/245132"}],"wp:featuredmedia":[{"embeddable":true,"href":"https:\/\/www.ocorreionews.com.br\/acervo-correio\/index.php?rest_route=\/wp\/v2\/media\/221865"}],"wp:attachment":[{"href":"https:\/\/www.ocorreionews.com.br\/acervo-correio\/index.php?rest_route=%2Fwp%2Fv2%2Fmedia&parent=245128"}],"wp:term":[{"taxonomy":"category","embeddable":true,"href":"https:\/\/www.ocorreionews.com.br\/acervo-correio\/index.php?rest_route=%2Fwp%2Fv2%2Fcategories&post=245128"},{"taxonomy":"post_tag","embeddable":true,"href":"https:\/\/www.ocorreionews.com.br\/acervo-correio\/index.php?rest_route=%2Fwp%2Fv2%2Ftags&post=245128"}],"curies":[{"name":"wp","href":"https:\/\/api.w.org\/{rel}","templated":true}]}}