{"id":245142,"date":"2023-07-12T14:01:34","date_gmt":"2023-07-12T18:01:34","guid":{"rendered":"https:\/\/www.ocorreionews.com.br\/acervo-correio\/?p=245142"},"modified":"2023-07-12T14:01:34","modified_gmt":"2023-07-12T18:01:34","slug":"luto-paraiso-das-aguas-perde-seu-pioneiro-edson-candido-de-queiroz","status":"publish","type":"post","link":"https:\/\/www.ocorreionews.com.br\/acervo-correio\/?p=245142","title":{"rendered":"LUTO: Para\u00edso das \u00c1guas perde seu pioneiro, Edson C\u00e2ndido de Queiroz"},"content":{"rendered":"<p>Faleceu na manh\u00e3 desta quarta-feira(12), Edson C\u00e2ndido de Queiroz, aos 81 anos de idade, v\u00edtima de infarto fulminante. Era Edson Queiroz um dos pioneiros de Para\u00edso das \u00c1guas, patriarca da fam\u00edlia Queiroz, era vi\u00fava e deixa 06 filhos.<\/p>\n<p>De uma fam\u00edlia muito querida e respeitada no munic\u00edpio, Edson Queiroz fazia uma visita em uma obra da cidade, quando sofreu um mal s\u00fabito e veio a \u00f3bito no local.<\/p>\n<p><b>O seu corpo est\u00e1 sendo velado em sua resid\u00eancia, pr\u00f3ximo \u00e0 igreja cat\u00f3lica, na Rua Arist\u00f3teles Garcia Vida,<\/b>\u00a0a partir das 14h desta quarta-feira, 12 e o sepultamento dever\u00e1 ocorrer nesta quinta-feira (13).<\/p>\n<p>Edson Queiroz foi candidato \u00e0 vereador em algumas elei\u00e7\u00f5es, era participativo na vida social e pol\u00edtica, era muito comunicativo e gostava de contar suas hist\u00f3rias.<\/p>\n<p>&nbsp;<\/p>\n<p>*BNC Not\u00edcias<\/p>\n","protected":false},"excerpt":{"rendered":"<p>Faleceu na manh\u00e3 desta quarta-feira(12), Edson C\u00e2ndido de Queiroz, aos 81 anos de idade, v\u00edtima de infarto fulminante. Era Edson Queiroz um dos pioneiros de Para\u00edso das \u00c1guas, patriarca da fam\u00edlia Queiroz, era vi\u00fava e deixa 06 filhos. De uma fam\u00edlia muito querida e respeitada no munic\u00edpio, Edson Queiroz fazia uma visita em uma obra [&hellip;]<\/p>\n","protected":false},"author":5,"featured_media":245144,"comment_status":"closed","ping_status":"closed","sticky":false,"template":"","format":"standard","meta":{"footnotes":""},"categories":[36],"tags":[],"class_list":["post-245142","post","type-post","status-publish","format-standard","has-post-thumbnail","hentry","category-paraiso-das-aguas"],"_links":{"self":[{"href":"https:\/\/www.ocorreionews.com.br\/acervo-correio\/index.php?rest_route=\/wp\/v2\/posts\/245142","targetHints":{"allow":["GET"]}}],"collection":[{"href":"https:\/\/www.ocorreionews.com.br\/acervo-correio\/index.php?rest_route=\/wp\/v2\/posts"}],"about":[{"href":"https:\/\/www.ocorreionews.com.br\/acervo-correio\/index.php?rest_route=\/wp\/v2\/types\/post"}],"author":[{"embeddable":true,"href":"https:\/\/www.ocorreionews.com.br\/acervo-correio\/index.php?rest_route=\/wp\/v2\/users\/5"}],"replies":[{"embeddable":true,"href":"https:\/\/www.ocorreionews.com.br\/acervo-correio\/index.php?rest_route=%2Fwp%2Fv2%2Fcomments&post=245142"}],"version-history":[{"count":1,"href":"https:\/\/www.ocorreionews.com.br\/acervo-correio\/index.php?rest_route=\/wp\/v2\/posts\/245142\/revisions"}],"predecessor-version":[{"id":245145,"href":"https:\/\/www.ocorreionews.com.br\/acervo-correio\/index.php?rest_route=\/wp\/v2\/posts\/245142\/revisions\/245145"}],"wp:featuredmedia":[{"embeddable":true,"href":"https:\/\/www.ocorreionews.com.br\/acervo-correio\/index.php?rest_route=\/wp\/v2\/media\/245144"}],"wp:attachment":[{"href":"https:\/\/www.ocorreionews.com.br\/acervo-correio\/index.php?rest_route=%2Fwp%2Fv2%2Fmedia&parent=245142"}],"wp:term":[{"taxonomy":"category","embeddable":true,"href":"https:\/\/www.ocorreionews.com.br\/acervo-correio\/index.php?rest_route=%2Fwp%2Fv2%2Fcategories&post=245142"},{"taxonomy":"post_tag","embeddable":true,"href":"https:\/\/www.ocorreionews.com.br\/acervo-correio\/index.php?rest_route=%2Fwp%2Fv2%2Ftags&post=245142"}],"curies":[{"name":"wp","href":"https:\/\/api.w.org\/{rel}","templated":true}]}}