{"id":245146,"date":"2023-07-12T14:18:34","date_gmt":"2023-07-12T18:18:34","guid":{"rendered":"https:\/\/www.ocorreionews.com.br\/acervo-correio\/?p=245146"},"modified":"2023-07-12T14:18:34","modified_gmt":"2023-07-12T18:18:34","slug":"motociclista-fica-ferido-ao-colidir-em-caminhonete-em-costa-rica","status":"publish","type":"post","link":"https:\/\/www.ocorreionews.com.br\/acervo-correio\/?p=245146","title":{"rendered":"Motociclista fica ferido ao colidir em caminhonete em Costa Rica"},"content":{"rendered":"<p>Na tarde desta ter\u00e7a-feira (11), um homem de 43 anos ficou ferido ao colidir na traseira de uma caminhonete Ford F1000 em Costa Rica.<\/p>\n<p>Segundo informa\u00e7\u00f5es do Boletim de Ocorr\u00eancia, o acidente aconteceu por volta das 14h, quando o motorista da caminhonete seguia pela Avenida Kendi Nakai quando foi realizar freio o ve\u00edculo para realizar uma convers\u00e3o a esquerda, sinalizando com a seta, por\u00e9m o senhor que transitava com uma motocicleta Honda\/Fan 125 de cor azul n\u00e3o conseguiu frenar atempo, vindo a colidir na caminhoneta.<\/p>\n<p>A v\u00edtima foi atendida pelo corpo de bombeiros militares e foi encaminhado ao pronto socorro, com dores no t\u00f3rax e cintura.<\/p>\n<p>&nbsp;<\/p>\n<p><em>* O Correio News com informa\u00e7\u00f5es da Assessoria de comunica\u00e7\u00e3o da 4\u00aaCIPM.<\/em><\/p>\n","protected":false},"excerpt":{"rendered":"<p>Na tarde desta ter\u00e7a-feira (11), um homem de 43 anos ficou ferido ao colidir na traseira de uma caminhonete Ford F1000 em Costa Rica. Segundo informa\u00e7\u00f5es do Boletim de Ocorr\u00eancia, o acidente aconteceu por volta das 14h, quando o motorista da caminhonete seguia pela Avenida Kendi Nakai quando foi realizar freio o ve\u00edculo para realizar [&hellip;]<\/p>\n","protected":false},"author":5,"featured_media":245148,"comment_status":"closed","ping_status":"closed","sticky":false,"template":"","format":"standard","meta":{"footnotes":""},"categories":[25,38],"tags":[],"class_list":["post-245146","post","type-post","status-publish","format-standard","has-post-thumbnail","hentry","category-costa-rica","category-policia"],"_links":{"self":[{"href":"https:\/\/www.ocorreionews.com.br\/acervo-correio\/index.php?rest_route=\/wp\/v2\/posts\/245146","targetHints":{"allow":["GET"]}}],"collection":[{"href":"https:\/\/www.ocorreionews.com.br\/acervo-correio\/index.php?rest_route=\/wp\/v2\/posts"}],"about":[{"href":"https:\/\/www.ocorreionews.com.br\/acervo-correio\/index.php?rest_route=\/wp\/v2\/types\/post"}],"author":[{"embeddable":true,"href":"https:\/\/www.ocorreionews.com.br\/acervo-correio\/index.php?rest_route=\/wp\/v2\/users\/5"}],"replies":[{"embeddable":true,"href":"https:\/\/www.ocorreionews.com.br\/acervo-correio\/index.php?rest_route=%2Fwp%2Fv2%2Fcomments&post=245146"}],"version-history":[{"count":1,"href":"https:\/\/www.ocorreionews.com.br\/acervo-correio\/index.php?rest_route=\/wp\/v2\/posts\/245146\/revisions"}],"predecessor-version":[{"id":245149,"href":"https:\/\/www.ocorreionews.com.br\/acervo-correio\/index.php?rest_route=\/wp\/v2\/posts\/245146\/revisions\/245149"}],"wp:featuredmedia":[{"embeddable":true,"href":"https:\/\/www.ocorreionews.com.br\/acervo-correio\/index.php?rest_route=\/wp\/v2\/media\/245148"}],"wp:attachment":[{"href":"https:\/\/www.ocorreionews.com.br\/acervo-correio\/index.php?rest_route=%2Fwp%2Fv2%2Fmedia&parent=245146"}],"wp:term":[{"taxonomy":"category","embeddable":true,"href":"https:\/\/www.ocorreionews.com.br\/acervo-correio\/index.php?rest_route=%2Fwp%2Fv2%2Fcategories&post=245146"},{"taxonomy":"post_tag","embeddable":true,"href":"https:\/\/www.ocorreionews.com.br\/acervo-correio\/index.php?rest_route=%2Fwp%2Fv2%2Ftags&post=245146"}],"curies":[{"name":"wp","href":"https:\/\/api.w.org\/{rel}","templated":true}]}}