{"id":245147,"date":"2023-07-12T14:28:39","date_gmt":"2023-07-12T18:28:39","guid":{"rendered":"https:\/\/www.ocorreionews.com.br\/acervo-correio\/?p=245147"},"modified":"2023-07-12T14:28:39","modified_gmt":"2023-07-12T18:28:39","slug":"governo-lula-encerra-programa-de-escola-civico-militar","status":"publish","type":"post","link":"https:\/\/www.ocorreionews.com.br\/acervo-correio\/?p=245147","title":{"rendered":"Governo Lula encerra programa de escola c\u00edvico-militar"},"content":{"rendered":"<p>O governo do presidente\u00a0Lula (PT)\u00a0vai encerrar o Programa Nacional das\u00a0Escolas C\u00edvico-Militares, um dos principais projetos da gest\u00e3o de seu antecessor,\u00a0Jair Bolsonaro\u00a0(PL). A informa\u00e7\u00e3o \u00e9 do jornal O Estado de S. Paulo.<\/p>\n<p>Programa ser\u00e1 encerrado at\u00e9 o final deste ano letivo, decidiram os minist\u00e9rios da Educa\u00e7\u00e3o e Defesa,\u00a0segundo of\u00edcio enviado aos secret\u00e1rios de Educa\u00e7\u00e3o de todo o pa\u00eds, diz a reportagem.<\/p>\n<p>No documento, o\u00a0MEC\u00a0pede que a transi\u00e7\u00e3o seja feita com cuidado para n\u00e3o atrapalhar o &#8220;cotidiano das escolas e as conquistas de organiza\u00e7\u00e3o que foram mobilizadas pelo programa&#8221;.<\/p>\n<p>Ainda de acordo com o jornal O Estado de S. Paulo, o Minist\u00e9rio da Educa\u00e7\u00e3o concluiu que o programa tem um problema de execu\u00e7\u00e3o or\u00e7ament\u00e1ria e que a verba pode ser melhor aplicada em outras frentes.<\/p>\n<p>&#8220;As caracter\u00edsticas do Programa e sua execu\u00e7\u00e3o at\u00e9 agora indicam que sua manuten\u00e7\u00e3o n\u00e3o \u00e9 priorit\u00e1ria e que os objetivos definidos para sua execu\u00e7\u00e3o devem ser perseguidos mobilizando outras estrat\u00e9gias de pol\u00edtica educacional. Desaconselhamos que o Programa seja mantido&#8221;, diz o documento obtido.<\/p>\n<h2 id=\"h-o-que-sao-escolas-civico-militares\" class=\"wp-block-heading\">O que s\u00e3o escolas c\u00edvico-militares?<\/h2>\n<p>Cerca de 200 escolas no pa\u00eds adotam modelo, que tem gest\u00e3o compartilhada entre pastas da Educa\u00e7\u00e3o e da Seguran\u00e7a P\u00fablica.<\/p>\n<p>Sistema era proposta de campanha de Jair Bolsonaro (PL), ao prometer mais seguran\u00e7a e disciplina no ambiente escolar.<\/p>\n<p>Em Mato Grosso do Sul, s\u00e3o sete escolas c\u00edvico-militares que recebem verbas da Uni\u00e3o pelo programa.<\/p>\n<p>&nbsp;<\/p>\n<p>*Midiamax<\/p>\n","protected":false},"excerpt":{"rendered":"<p>O governo do presidente\u00a0Lula (PT)\u00a0vai encerrar o Programa Nacional das\u00a0Escolas C\u00edvico-Militares, um dos principais projetos da gest\u00e3o de seu antecessor,\u00a0Jair Bolsonaro\u00a0(PL). A informa\u00e7\u00e3o \u00e9 do jornal O Estado de S. Paulo. Programa ser\u00e1 encerrado at\u00e9 o final deste ano letivo, decidiram os minist\u00e9rios da Educa\u00e7\u00e3o e Defesa,\u00a0segundo of\u00edcio enviado aos secret\u00e1rios de Educa\u00e7\u00e3o de todo [&hellip;]<\/p>\n","protected":false},"author":5,"featured_media":240218,"comment_status":"closed","ping_status":"closed","sticky":false,"template":"","format":"standard","meta":{"footnotes":""},"categories":[27],"tags":[],"class_list":["post-245147","post","type-post","status-publish","format-standard","has-post-thumbnail","hentry","category-educacao"],"_links":{"self":[{"href":"https:\/\/www.ocorreionews.com.br\/acervo-correio\/index.php?rest_route=\/wp\/v2\/posts\/245147","targetHints":{"allow":["GET"]}}],"collection":[{"href":"https:\/\/www.ocorreionews.com.br\/acervo-correio\/index.php?rest_route=\/wp\/v2\/posts"}],"about":[{"href":"https:\/\/www.ocorreionews.com.br\/acervo-correio\/index.php?rest_route=\/wp\/v2\/types\/post"}],"author":[{"embeddable":true,"href":"https:\/\/www.ocorreionews.com.br\/acervo-correio\/index.php?rest_route=\/wp\/v2\/users\/5"}],"replies":[{"embeddable":true,"href":"https:\/\/www.ocorreionews.com.br\/acervo-correio\/index.php?rest_route=%2Fwp%2Fv2%2Fcomments&post=245147"}],"version-history":[{"count":1,"href":"https:\/\/www.ocorreionews.com.br\/acervo-correio\/index.php?rest_route=\/wp\/v2\/posts\/245147\/revisions"}],"predecessor-version":[{"id":245155,"href":"https:\/\/www.ocorreionews.com.br\/acervo-correio\/index.php?rest_route=\/wp\/v2\/posts\/245147\/revisions\/245155"}],"wp:featuredmedia":[{"embeddable":true,"href":"https:\/\/www.ocorreionews.com.br\/acervo-correio\/index.php?rest_route=\/wp\/v2\/media\/240218"}],"wp:attachment":[{"href":"https:\/\/www.ocorreionews.com.br\/acervo-correio\/index.php?rest_route=%2Fwp%2Fv2%2Fmedia&parent=245147"}],"wp:term":[{"taxonomy":"category","embeddable":true,"href":"https:\/\/www.ocorreionews.com.br\/acervo-correio\/index.php?rest_route=%2Fwp%2Fv2%2Fcategories&post=245147"},{"taxonomy":"post_tag","embeddable":true,"href":"https:\/\/www.ocorreionews.com.br\/acervo-correio\/index.php?rest_route=%2Fwp%2Fv2%2Ftags&post=245147"}],"curies":[{"name":"wp","href":"https:\/\/api.w.org\/{rel}","templated":true}]}}